{"id":22475,"date":"2025-05-02T17:47:28","date_gmt":"2025-05-02T15:47:28","guid":{"rendered":"https:\/\/wncri.org\/fr\/?p=22475"},"modified":"2025-05-02T17:47:29","modified_gmt":"2025-05-02T15:47:29","slug":"sussan-mirzaei-pionniere-liberte","status":"publish","type":"post","link":"https:\/\/wncri.org\/fr\/2025\/05\/02\/sussan-mirzaei-pionniere-liberte\/","title":{"rendered":"Sussan Mirzaei"},"content":{"rendered":"\n<h2 class=\"wp-block-heading\">Une pionni\u00e8re de la lutte pour la libert\u00e9 et la d\u00e9mocratie en Iran<\/h2>\n\n\n\n<h4 class=\"wp-block-heading\">Sussan Mirzaei fut une figure embl\u00e9matique de l\u2019Organisation des Moudjahidines du Peuple d\u2019Iran (OMPI ), reconnue pour son engagement ind\u00e9fectible en faveur de la libert\u00e9, de la justice et de la d\u00e9mocratie en Iran.<\/h4>\n\n\n\n<h3 class=\"wp-block-heading\"><strong>Une enfance marqu\u00e9e par l\u2019adversit\u00e9<\/strong><\/h3>\n\n\n\n<p>N\u00e9e en 1957 dans les quartiers ouvriers du sud de <a href=\"https:\/\/fr.wikipedia.org\/wiki\/T%C3%A9h%C3%A9ran\" target=\"_blank\" rel=\"noreferrer noopener\">T\u00e9h\u00e9ran<\/a>, Sussan Mirzaei a grandi dans des conditions difficiles, exacerb\u00e9es par la perte de son p\u00e8re. Ces \u00e9preuves pr\u00e9coces ont forg\u00e9 chez elle une volont\u00e9 tenace de combattre l\u2019injustice syst\u00e9mique. Encore lyc\u00e9enne, elle s\u2019engage activement dans des mouvements politiques oppos\u00e9s \u00e0 la dictature du chah, tissant des liens solides avec les familles de membres de l\u2019OMPI emprisonn\u00e9s ou ex\u00e9cut\u00e9s.<\/p>\n\n\n\n<h3 class=\"wp-block-heading\"><strong>Une militante de l\u2019ombre, d\u00e9termin\u00e9e et engag\u00e9e<\/strong><\/h3>\n\n\n\n<p>Dipl\u00f4m\u00e9e du lyc\u00e9e en 1975, Sussan \u00e9pouse Amir Agh Baba, militant lui aussi. Ensemble, ils participent \u00e0 des r\u00e9unions \u00e9tudiantes progressistes et \u00e0 des activit\u00e9s politiques d\u00e9guis\u00e9es en loisirs, comme l\u2019alpinisme collectif. \u00c0 la fin de 1977, profitant de la lib\u00e9ration de plusieurs membres de l\u2019OMPI, Sussan parvient enfin \u00e0 \u00e9tablir un contact direct avec l\u2019organisation. Elle commence alors \u00e0 distribuer des publications de l\u2019OMPI et \u00e0 soutenir sa logistique, jouant un r\u00f4le discret mais vital au sein du mouvement clandestin.<\/p>\n\n\n\n<h3 class=\"wp-block-heading\"><strong>Active apr\u00e8s la r\u00e9volution de 1979<\/strong><\/h3>\n\n\n\n<p>Apr\u00e8s la <a href=\"https:\/\/wncri.org\/2024\/02\/10\/1979-revolution-iranian-women\/\">chute du r\u00e9gime du chah<\/a>, Sussan Mirzaei rejoint le si\u00e8ge de l\u2019OMPI \u00e0 T\u00e9h\u00e9ran, o\u00f9 elle travaille dans le d\u00e9partement de presse. Elle s\u2019investit \u00e9galement dans la formation de lyc\u00e9ens sympathisants, puis int\u00e8gre la division syndicale du mouvement. En 1980, elle devient membre du comit\u00e9 de r\u00e9daction du journal <em>Bazouy-e-Enghelab<\/em> et si\u00e8ge au conseil pr\u00e9sidentiel de la section travail de l\u2019OMPI.<\/p>\n\n\n\n<h3 class=\"wp-block-heading\"><strong>R\u00e9sistance arm\u00e9e et courage face \u00e0 la r\u00e9pression<\/strong><\/h3>\n\n\n\n<p>Avec le durcissement du r\u00e9gime en 1981 et le d\u00e9clenchement de la r\u00e9sistance arm\u00e9e contre la R\u00e9publique islamique, Sussan prend de nouvelles responsabilit\u00e9s. Elle rejoint une base de r\u00e9sistance dirig\u00e9e par le tr\u00e8s respect\u00e9 Mohammad Zabeti, o\u00f9 elle occupe un r\u00f4le de leadership strat\u00e9gique. Malgr\u00e9 son r\u00f4le de m\u00e8re, elle se distingue par sa capacit\u00e9 d\u2019organisation et son courage exceptionnel.<\/p>\n\n\n\n<h3 class=\"wp-block-heading\"><strong>Une dirigeante audacieuse, traqu\u00e9e mais insaisissable<\/strong><\/h3>\n\n\n\n<p>Avant sa derni\u00e8re mission, Sussan travaille comme coordinatrice au sein du d\u00e9partement social de l\u2019OMPI, r\u00e9tablissant les liens avec les soutiens de la r\u00e9sistance dans le sud de T\u00e9h\u00e9ran. Apr\u00e8s la <a href=\"https:\/\/wncri.org\/fr\/2024\/06\/19\/resistance-pour-la-liberte\/\" target=\"_blank\" rel=\"noreferrer noopener\">r\u00e9pression massive du 20 juin 1981<\/a>, elle est fr\u00e9quemment encercl\u00e9e par les Gardiens de la r\u00e9volution, mais gr\u00e2ce \u00e0 son sang-froid et sa strat\u00e9gie, elle parvient \u00e0 \u00e9chapper \u00e0 plusieurs embuscades.<\/p>\n\n\n\n<p>Lors d\u2019un \u00e9pisode marquant, des agents du r\u00e9gime tentent de la pi\u00e9ger pr\u00e8s d\u2019une base de l\u2019OMPI assi\u00e9g\u00e9e. Elle brise l\u2019encerclement par la force, for\u00e7ant les gardes \u00e0 battre en retraite. Elle s\u2019\u00e9chappe \u00e0 bord d\u2019un v\u00e9hicule cribl\u00e9 de balles, laissant derri\u00e8re elle des agents humili\u00e9s.<\/p>\n\n\n\n<p>Furieux, le r\u00e9gime diffuse un message interne :<br>\u00ab Femme en manteau noir avec un enfant \u2013 tirer \u00e0 vue. \u00bb<br>Cette traque souligne la place cruciale que Sussan occupait dans le r\u00e9seau de r\u00e9sistance de l\u2019OMPI.<\/p>\n\n\n\n<h3 class=\"wp-block-heading\"><strong>Une fin h\u00e9ro\u00efque, un h\u00e9ritage vivant<\/strong><\/h3>\n\n\n\n<p>Le 2 mai 1982, Sussan Mirzaei livre son dernier combat. Ce jour-l\u00e0, les forces des Gardiens de la r\u00e9volution lancent <a href=\"https:\/\/wncri.org\/fr\/2024\/04\/29\/nosrat-ramezani\/\" target=\"_blank\" rel=\"noreferrer noopener\">une attaque massive contre la base de r\u00e9sistance<\/a> o\u00f9 elle se trouve avec son \u00e9poux Amir. Malgr\u00e9 l\u2019\u00e9crasante sup\u00e9riorit\u00e9 militaire adverse, le couple combat jusqu\u2019au bout. Tous deux tombent, martyrs de la lutte pour la libert\u00e9 en Iran.<\/p>\n\n\n\n<p>Aujourd\u2019hui, le nom de Sussan Mirzaei figure aux c\u00f4t\u00e9s des grandes figures de la r\u00e9sistance iranienne. Elle incarne la r\u00e9silience, le leadership f\u00e9minin, et le sacrifice dans la lutte contre la r\u00e9pression brutale du r\u00e9gime iranien. Son histoire continue d\u2019inspirer une nouvelle g\u00e9n\u00e9ration de femmes iraniennes qui s\u2019organisent, forment des unit\u00e9s de r\u00e9sistance, et se battent pour reprendre en main l\u2019avenir de leur pays.<\/p>\n","protected":false},"excerpt":{"rendered":"<p>Une pionni\u00e8re de la lutte pour la libert\u00e9 et la d\u00e9mocratie en Iran Sussan Mirzaei fut une figure embl\u00e9matique de l\u2019Organisation des Moudjahidines du Peuple d\u2019Iran (OMPI ), reconnue pour son engagement ind\u00e9fectible en faveur de la libert\u00e9, de la justice et de la d\u00e9mocratie en Iran. Une enfance marqu\u00e9e par l\u2019adversit\u00e9 N\u00e9e en 1957 [&hellip;]<\/p>\n","protected":false},"author":4,"featured_media":22476,"comment_status":"closed","ping_status":"closed","sticky":false,"template":"","format":"standard","meta":{"jnews-multi-image_gallery":[],"jnews_single_post":{"format":"standard"},"jnews_primary_category":[],"jnews_social_meta":[],"jnews_override_counter":[],"footnotes":""},"categories":[25],"tags":[382,373],"class_list":["post-22475","post","type-post","status-publish","format-standard","has-post-thumbnail","hentry","category-tombees-pour-la-liberte","tag-generation-egalite","tag-le-leadership-des-femmes"],"_links":{"self":[{"href":"https:\/\/wncri.org\/fr\/wp-json\/wp\/v2\/posts\/22475","targetHints":{"allow":["GET"]}}],"collection":[{"href":"https:\/\/wncri.org\/fr\/wp-json\/wp\/v2\/posts"}],"about":[{"href":"https:\/\/wncri.org\/fr\/wp-json\/wp\/v2\/types\/post"}],"author":[{"embeddable":true,"href":"https:\/\/wncri.org\/fr\/wp-json\/wp\/v2\/users\/4"}],"replies":[{"embeddable":true,"href":"https:\/\/wncri.org\/fr\/wp-json\/wp\/v2\/comments?post=22475"}],"version-history":[{"count":1,"href":"https:\/\/wncri.org\/fr\/wp-json\/wp\/v2\/posts\/22475\/revisions"}],"predecessor-version":[{"id":22477,"href":"https:\/\/wncri.org\/fr\/wp-json\/wp\/v2\/posts\/22475\/revisions\/22477"}],"wp:featuredmedia":[{"embeddable":true,"href":"https:\/\/wncri.org\/fr\/wp-json\/wp\/v2\/media\/22476"}],"wp:attachment":[{"href":"https:\/\/wncri.org\/fr\/wp-json\/wp\/v2\/media?parent=22475"}],"wp:term":[{"taxonomy":"category","embeddable":true,"href":"https:\/\/wncri.org\/fr\/wp-json\/wp\/v2\/categories?post=22475"},{"taxonomy":"post_tag","embeddable":true,"href":"https:\/\/wncri.org\/fr\/wp-json\/wp\/v2\/tags?post=22475"}],"curies":[{"name":"wp","href":"https:\/\/api.w.org\/{rel}","templated":true}]}}