{"id":22405,"date":"2025-04-25T19:52:36","date_gmt":"2025-04-25T17:52:36","guid":{"rendered":"https:\/\/wncri.org\/fr\/?p=22405"},"modified":"2025-04-25T19:53:06","modified_gmt":"2025-04-25T17:53:06","slug":"melika-khaleghi","status":"publish","type":"post","link":"https:\/\/wncri.org\/fr\/2025\/04\/25\/melika-khaleghi\/","title":{"rendered":"D\u00e9tention prolong\u00e9e sans proc\u00e9dure l\u00e9gale : Melika Khaleghi maintenue dans un vide juridique \u00e0 la prison de Kachouii"},"content":{"rendered":"\n<p>Melika Khaleghi est d\u00e9tenue depuis plus d\u2019un mois sans qu\u2019aucune charge formelle n\u2019ait \u00e9t\u00e9 retenue contre elle, ni qu\u2019aucune proc\u00e9dure judiciaire n\u2019ait \u00e9t\u00e9 engag\u00e9e. Elle est actuellement incarc\u00e9r\u00e9e \u00e0 la prison de Kachouii, \u00e0 <a href=\"https:\/\/fr.wikipedia.org\/wiki\/Karadj\" target=\"_blank\" rel=\"noreferrer noopener\">Karadj<\/a>.<\/p>\n\n\n\n<p>Arr\u00eat\u00e9e par les forces de s\u00e9curit\u00e9 \u00e0 la mi-mars 2025, Melika Khaleghi a d\u2019abord \u00e9t\u00e9 plac\u00e9e en d\u00e9tention au centre des renseignements de Karadj. Le 19 avril 2025, elle a \u00e9t\u00e9 transf\u00e9r\u00e9e \u00e0 la <a href=\"https:\/\/wncri.org\/fr\/2021\/12\/10\/les-conditions-des-femmes-prisons\/\" target=\"_blank\" rel=\"noreferrer noopener\">prison de Kachouii<\/a>.<\/p>\n\n\n\n<p>Elle fait face \u00e0 des accusations vagues, notamment celle d\u2019\u00ab appartenance \u00e0 des groupes oppos\u00e9s \u00e0 l\u2019\u00c9tat \u00bb \u2014 une accusation fr\u00e9quemment utilis\u00e9e par les autorit\u00e9s du r\u00e9gime iranien pour r\u00e9primer les voix dissidentes.<\/p>\n\n\n\n<p>\u00c0 ce jour, aucune audience n\u2019a \u00e9t\u00e9 organis\u00e9e et son statut juridique demeure incertain.<\/p>\n\n\n\n<p>Cette d\u00e9tention prolong\u00e9e, sans acc\u00e8s \u00e0 un avocat ou \u00e0 un proc\u00e8s \u00e9quitable, constitue une grave violation de ses droits fondamentaux en tant que d\u00e9tenue politique.<\/p>\n","protected":false},"excerpt":{"rendered":"<p>Melika Khaleghi est d\u00e9tenue depuis plus d\u2019un mois sans qu\u2019aucune charge formelle n\u2019ait \u00e9t\u00e9 retenue contre elle, ni qu\u2019aucune proc\u00e9dure judiciaire n\u2019ait \u00e9t\u00e9 engag\u00e9e. Elle est actuellement incarc\u00e9r\u00e9e \u00e0 la prison de Kachouii, \u00e0 Karadj. Arr\u00eat\u00e9e par les forces de s\u00e9curit\u00e9 \u00e0 la mi-mars 2025, Melika Khaleghi a d\u2019abord \u00e9t\u00e9 plac\u00e9e en d\u00e9tention au centre [&hellip;]<\/p>\n","protected":false},"author":4,"featured_media":22406,"comment_status":"closed","ping_status":"closed","sticky":false,"template":"","format":"standard","meta":{"jnews-multi-image_gallery":[],"jnews_single_post":{"format":"standard"},"jnews_primary_category":[],"jnews_social_meta":[],"jnews_override_counter":[],"footnotes":""},"categories":[3],"tags":[370],"class_list":["post-22405","post","type-post","status-publish","format-standard","has-post-thumbnail","hentry","category-infos-des-femmes","tag-prisonnieres"],"_links":{"self":[{"href":"https:\/\/wncri.org\/fr\/wp-json\/wp\/v2\/posts\/22405","targetHints":{"allow":["GET"]}}],"collection":[{"href":"https:\/\/wncri.org\/fr\/wp-json\/wp\/v2\/posts"}],"about":[{"href":"https:\/\/wncri.org\/fr\/wp-json\/wp\/v2\/types\/post"}],"author":[{"embeddable":true,"href":"https:\/\/wncri.org\/fr\/wp-json\/wp\/v2\/users\/4"}],"replies":[{"embeddable":true,"href":"https:\/\/wncri.org\/fr\/wp-json\/wp\/v2\/comments?post=22405"}],"version-history":[{"count":1,"href":"https:\/\/wncri.org\/fr\/wp-json\/wp\/v2\/posts\/22405\/revisions"}],"predecessor-version":[{"id":22407,"href":"https:\/\/wncri.org\/fr\/wp-json\/wp\/v2\/posts\/22405\/revisions\/22407"}],"wp:featuredmedia":[{"embeddable":true,"href":"https:\/\/wncri.org\/fr\/wp-json\/wp\/v2\/media\/22406"}],"wp:attachment":[{"href":"https:\/\/wncri.org\/fr\/wp-json\/wp\/v2\/media?parent=22405"}],"wp:term":[{"taxonomy":"category","embeddable":true,"href":"https:\/\/wncri.org\/fr\/wp-json\/wp\/v2\/categories?post=22405"},{"taxonomy":"post_tag","embeddable":true,"href":"https:\/\/wncri.org\/fr\/wp-json\/wp\/v2\/tags?post=22405"}],"curies":[{"name":"wp","href":"https:\/\/api.w.org\/{rel}","templated":true}]}}