{"id":22393,"date":"2025-04-24T16:28:28","date_gmt":"2025-04-24T14:28:28","guid":{"rendered":"https:\/\/wncri.org\/fr\/?p=22393"},"modified":"2025-04-24T16:28:31","modified_gmt":"2025-04-24T14:28:31","slug":"maryam-akbari-monfared-soins-medicaux","status":"publish","type":"post","link":"https:\/\/wncri.org\/fr\/2025\/04\/24\/maryam-akbari-monfared-soins-medicaux\/","title":{"rendered":"Maryam Akbari Monfared priv\u00e9e de soins m\u00e9dicaux urgents malgr\u00e9 la n\u00e9cessit\u00e9 critique d&#8217;une intervention chirurgicale"},"content":{"rendered":"\n<h4 class=\"wp-block-heading\">Maryam Akbari Monfared, prisonni\u00e8re politique d\u00e9tenue \u00e0 la <a href=\"https:\/\/wncri.org\/fr\/2020\/04\/20\/regard-sur-la-situation-tragique-a-la-prison-pour-femmes-de-qarchak-en-iran\/\" target=\"_blank\" rel=\"noreferrer noopener\">prison de Qarchak<\/a> (Varamin), se voit toujours refuser l\u2019acc\u00e8s \u00e0 des soins m\u00e9dicaux urgentssp\u00e9cialis\u00e9s, malgr\u00e9 de multiples pathologies graves et les recommandations claires d\u2019une \u00e9quipe de m\u00e9decins en faveur d\u2019une op\u00e9ration chirurgicale urgente du dos et du genou.<\/h4>\n\n\n\n<p>Souffrant d\u2019hypothyro\u00efdie, Maryam Akbari Monfared a \u00e9galement d\u00e9velopp\u00e9 r\u00e9cemment des complications h\u00e9patiques. Elle endure des douleurs chroniques au dos et aux genoux et subit depuis plusieurs mois des \u00e9pisodes r\u00e9currents d\u2019engourdissement des jambes ainsi qu\u2019un dysfonctionnement soudain du genou. D\u2019apr\u00e8s des experts m\u00e9dicaux, ces sympt\u00f4mes sont des signes pr\u00e9occupants de l\u00e9sions neurologiques et vert\u00e9brales.<\/p>\n\n\n\n<p>Cinq sp\u00e9cialistes \u2013 dont un neurochirurgien, un orthop\u00e9diste et des m\u00e9decins l\u00e9gistes \u2013 ont unanimement soulign\u00e9 la n\u00e9cessit\u00e9 imm\u00e9diate d&#8217;une intervention chirurgicale. Pourtant, aucune mesure n\u2019a \u00e9t\u00e9 prise, et ni elle ni son avocat n\u2019ont re\u00e7u de r\u00e9ponse officielle aux demandes r\u00e9p\u00e9t\u00e9es de soins m\u00e9dicaux urgents.<\/p>\n\n\n\n<p>Les m\u00e9decins ont mis en garde contre les cons\u00e9quences d\u2019un retard suppl\u00e9mentaire : des l\u00e9sions nerveuses irr\u00e9versibles, une perte de mobilit\u00e9 et une incontinence urinaire. Bien que son dossier m\u00e9dical ait une nouvelle fois \u00e9t\u00e9 soumis \u00e0 <a href=\"https:\/\/en.wikipedia.org\/wiki\/Iranian_Legal_Medicine_Organization\" target=\"_blank\" rel=\"noreferrer noopener\">l\u2019Organisation iranienne de m\u00e9decine l\u00e9gale<\/a>, les autorit\u00e9s n\u2019ont \u00e9mis aucune autorisation ou directive permettant l\u2019op\u00e9ration.<\/p>\n\n\n\n<p>Par ailleurs, des sources indiquent que Maryam Akbari Monfared est la seule prisonni\u00e8re politique d\u00e9tenue \u00e0 Qarchak, incarc\u00e9r\u00e9e aux c\u00f4t\u00e9s de d\u00e9tenues de droit commun, en violation flagrante du principe de s\u00e9paration des prisonniers selon la nature des charges. Cette situation suscite de vives inqui\u00e9tudes quant \u00e0 sa s\u00e9curit\u00e9 physique et psychologique.<\/p>\n\n\n\n<p>Alors que les prisonni\u00e8res de droit commun peuvent rencontrer leurs avocats sans autorisation judiciaire pr\u00e9alable, les responsables de la prison <a href=\"https:\/\/wncri.org\/fr\/2025\/01\/13\/maryam-akbari-monfared-visite\/\" target=\"_blank\" rel=\"noreferrer noopener\">conditionnent les visites<\/a> d\u2019avocats de Maryam \u00e0 une approbation sign\u00e9e par un juge.<\/p>\n\n\n<div class=\"wp-block-image\">\n<figure class=\"aligncenter size-large\"><img decoding=\"async\" src=\"data:image\/gif;base64,R0lGODlhAQABAIAAAAAAAP\/\/\/yH5BAEAAAAALAAAAAABAAEAAAIBRAA7\" data-src=\"https:\/\/wncri.org\/fr\/wp-content\/uploads\/2023\/12\/Maryam-Akbari-Monfared-and-her-family-min-1024x512.jpg\" alt=\"L'odyss\u00e9e de Maryam Akbari Monfared, qui dure depuis 15 ans\" class=\"wp-image-19522 lazyload\"\/><noscript><img decoding=\"async\" width=\"1024\" height=\"512\" src=\"https:\/\/wncri.org\/fr\/wp-content\/uploads\/2023\/12\/Maryam-Akbari-Monfared-and-her-family-min-1024x512.jpg\" alt=\"L'odyss\u00e9e de Maryam Akbari Monfared, qui dure depuis 15 ans\" class=\"wp-image-19522 lazyload\" srcset=\"https:\/\/wncri.org\/fr\/wp-content\/uploads\/2023\/12\/Maryam-Akbari-Monfared-and-her-family-min-1024x512.jpg 1024w, https:\/\/wncri.org\/fr\/wp-content\/uploads\/2023\/12\/Maryam-Akbari-Monfared-and-her-family-min-300x150.jpg 300w, https:\/\/wncri.org\/fr\/wp-content\/uploads\/2023\/12\/Maryam-Akbari-Monfared-and-her-family-min-768x384.jpg 768w, https:\/\/wncri.org\/fr\/wp-content\/uploads\/2023\/12\/Maryam-Akbari-Monfared-and-her-family-min-360x180.jpg 360w, https:\/\/wncri.org\/fr\/wp-content\/uploads\/2023\/12\/Maryam-Akbari-Monfared-and-her-family-min-750x375.jpg 750w, https:\/\/wncri.org\/fr\/wp-content\/uploads\/2023\/12\/Maryam-Akbari-Monfared-and-her-family-min.jpg 1140w\" sizes=\"(max-width: 1024px) 100vw, 1024px\" \/><\/noscript><figcaption class=\"wp-element-caption\">Le mari et les filles de Maryam Akbari Monfared, une famille qui lui manque depuis 15 ans.<\/figcaption><\/figure>\n<\/div>\n\n\n<p>Maryam Akbari Monfared a pourtant purg\u00e9 sa peine initiale de 15 ans le 11 octobre 2021, apr\u00e8s avoir \u00e9t\u00e9 transf\u00e9r\u00e9e en exil \u00e0 la prison de Semnan, sans jamais b\u00e9n\u00e9ficier d\u2019un seul jour de permission. Toutefois, en raison d\u2019un <a href=\"https:\/\/wncri.org\/fr\/2024\/01\/01\/prisonniere-politique-maryam\/\" target=\"_blank\" rel=\"noreferrer noopener\">nouveau dossier mont\u00e9 de toutes pi\u00e8ces contre elle,<\/a>\u00a0 elle a \u00e9t\u00e9 transf\u00e9r\u00e9e \u00e0 la prison de Qarchak le 23 octobre 2024 pour purger une peine suppl\u00e9mentaire de deux ans.<\/p>\n\n\n\n<p>Les charges retenues dans cette seconde affaire incluent la \u00ab diffusion de mensonges \u00bb et la \u00ab propagande contre l\u2019\u00c9tat \u00bb \u2013 des accusations largement d\u00e9nonc\u00e9es par les organisations de d\u00e9fense des droits humains comme des instruments de r\u00e9pression de la libert\u00e9 d\u2019expression en Iran.<\/p>\n\n\n\n<p>Enfin, \u00e0 la fin du mois de juin 2024, Maryam Akbari Monfared a fait face \u00e0 une nouvelle proc\u00e9dure judiciaire visant \u00e0 <a href=\"https:\/\/wncri.org\/fr\/2024\/06\/24\/maryam-akbari-monfared-5\/\" target=\"_blank\" rel=\"noreferrer noopener\">confisquer ses biens et ceux de sa famille<\/a>. Selon l\u2019agence de presse Shargh, le Si\u00e8ge de l\u2019ordre de l\u2019Imam Khomeiny a d\u00e9pos\u00e9 une plainte pour demander la saisie de son patrimoine.<\/p>\n","protected":false},"excerpt":{"rendered":"<p>Maryam Akbari Monfared, prisonni\u00e8re politique d\u00e9tenue \u00e0 la prison de Qarchak (Varamin), se voit toujours refuser l\u2019acc\u00e8s \u00e0 des soins m\u00e9dicaux urgentssp\u00e9cialis\u00e9s, malgr\u00e9 de multiples pathologies graves et les recommandations claires d\u2019une \u00e9quipe de m\u00e9decins en faveur d\u2019une op\u00e9ration chirurgicale urgente du dos et du genou. Souffrant d\u2019hypothyro\u00efdie, Maryam Akbari Monfared a \u00e9galement d\u00e9velopp\u00e9 r\u00e9cemment [&hellip;]<\/p>\n","protected":false},"author":4,"featured_media":19521,"comment_status":"closed","ping_status":"closed","sticky":false,"template":"","format":"standard","meta":{"jnews-multi-image_gallery":[],"jnews_single_post":{"format":"standard"},"jnews_primary_category":[],"jnews_social_meta":[],"jnews_override_counter":[],"footnotes":""},"categories":[3],"tags":[370],"class_list":["post-22393","post","type-post","status-publish","format-standard","has-post-thumbnail","hentry","category-infos-des-femmes","tag-prisonnieres"],"_links":{"self":[{"href":"https:\/\/wncri.org\/fr\/wp-json\/wp\/v2\/posts\/22393","targetHints":{"allow":["GET"]}}],"collection":[{"href":"https:\/\/wncri.org\/fr\/wp-json\/wp\/v2\/posts"}],"about":[{"href":"https:\/\/wncri.org\/fr\/wp-json\/wp\/v2\/types\/post"}],"author":[{"embeddable":true,"href":"https:\/\/wncri.org\/fr\/wp-json\/wp\/v2\/users\/4"}],"replies":[{"embeddable":true,"href":"https:\/\/wncri.org\/fr\/wp-json\/wp\/v2\/comments?post=22393"}],"version-history":[{"count":1,"href":"https:\/\/wncri.org\/fr\/wp-json\/wp\/v2\/posts\/22393\/revisions"}],"predecessor-version":[{"id":22394,"href":"https:\/\/wncri.org\/fr\/wp-json\/wp\/v2\/posts\/22393\/revisions\/22394"}],"wp:featuredmedia":[{"embeddable":true,"href":"https:\/\/wncri.org\/fr\/wp-json\/wp\/v2\/media\/19521"}],"wp:attachment":[{"href":"https:\/\/wncri.org\/fr\/wp-json\/wp\/v2\/media?parent=22393"}],"wp:term":[{"taxonomy":"category","embeddable":true,"href":"https:\/\/wncri.org\/fr\/wp-json\/wp\/v2\/categories?post=22393"},{"taxonomy":"post_tag","embeddable":true,"href":"https:\/\/wncri.org\/fr\/wp-json\/wp\/v2\/tags?post=22393"}],"curies":[{"name":"wp","href":"https:\/\/api.w.org\/{rel}","templated":true}]}}