{"id":22326,"date":"2025-04-17T10:48:44","date_gmt":"2025-04-17T08:48:44","guid":{"rendered":"https:\/\/wncri.org\/fr\/?p=22326"},"modified":"2025-04-17T10:54:49","modified_gmt":"2025-04-17T08:54:49","slug":"la-resistance-des-femmes-iraniennes","status":"publish","type":"post","link":"https:\/\/wncri.org\/fr\/2025\/04\/17\/la-resistance-des-femmes-iraniennes\/","title":{"rendered":"La r\u00e9sistance des femmes iraniennes : Un appel mondial \u00e0 la solidarit\u00e9"},"content":{"rendered":"\n<p>La r\u00e9sistance des femmes iraniennes : Un appel mondial \u00e0 la solidarit\u00e9<\/p>\n\n\n\n<p>Dans une puissante d\u00e9claration d&#8217;unit\u00e9, 651 femmes \u00e9minentes, dont des anciennes chefs d&#8217;\u00c9tat, des ministres, des juristes et des d\u00e9fenseuses des droits de l&#8217;homme de plus de 80 pays, ont exprim\u00e9 leur soutien ind\u00e9fectible aux femmes iraniennes.<\/p>\n\n\n\n<p>Cette d\u00e9claration, remise \u00e0 Mme Maryam Radjavi, pr\u00e9sidente \u00e9lue du Conseil national de la r\u00e9sistance iranienne (CNRI), lors d&#8217;un <a href=\"https:\/\/wncri.org\/fr\/2025\/02\/24\/conference-journee-mondiale-de-la-femme\/\" target=\"_blank\" rel=\"noreferrer noopener\">\u00e9v\u00e9nement majeur<\/a> organis\u00e9 \u00e0 l&#8217;occasion de la Journ\u00e9e internationale de la femme 2025, appelle \u00e0 une action mondiale contre la loi oppressive du r\u00e9gime iranien sur la chastet\u00e9 et le hijab. <\/p>\n\n\n\n<p>Le monde entier se rallie aux courageuses femmes iraniennes qui, depuis des d\u00e9cennies, m\u00e8nent la lutte contre la dictature, l&#8217;injustice et la r\u00e9pression fond\u00e9e sur le sexe. Leur slogan &#8211; \u00ab Non au voile obligatoire, non \u00e0 la religion obligatoire et non au gouvernement obligatoire \u00bb &#8211; r\u00e9sonne plus fort que jamais.<\/p>\n\n\n\n<p>Vous trouverez ci-dessous le texte int\u00e9gral de cette d\u00e9claration historique et les noms de ses signataires.<\/p>\n\n\n\n<h2 class=\"wp-block-heading\"><strong>Appel \u00e0 l\u2019action : Solidarit\u00e9 avec les femmes courageuses en Iran<\/strong><\/h2>\n\n\n\n<h2 class=\"wp-block-heading\"><strong>Non au voile obligatoire, non \u00e0 la religion obligatoire et non au gouvernement obligatoire !<\/strong><\/h2>\n\n\n\n<p>Rejoignez le mouvement mondial aux c\u00f4t\u00e9s des femmes et des jeunes filles en Iran contre la loi r\u00e9pressive \u00ab&nbsp;<a href=\"https:\/\/wncri.org\/fr\/2024\/12\/07\/la-nouvelle-loi-sur-le-hijab\/\">chas<\/a><a href=\"https:\/\/wncri.org\/fr\/2024\/12\/07\/la-nouvelle-loi-sur-le-hijab\/\" target=\"_blank\" rel=\"noreferrer noopener\">t<\/a><a href=\"https:\/\/wncri.org\/fr\/2024\/12\/07\/la-nouvelle-loi-sur-le-hijab\/\">et\u00e9 et voile&nbsp;<\/a>\u00bb.<a id=\"_ftnref1\" href=\"#_ftn1\">[1]<\/a> Non seulement cette loi est une attaque contre les libert\u00e9s fondamentales des femmes, mais elle instaure \u00e9galement un appareil d&#8217;\u00c9tat policier dans l&#8217;ensemble de la soci\u00e9t\u00e9. Elle constitue une violation flagrante des normes internationales en mati\u00e8re de droits humains, vise \u00e0 \u00e9craser la dissidence et \u00e0 r\u00e9duire au silence celles et ceux qui luttent pour l&#8217;\u00e9galit\u00e9 et la justice.<\/p>\n\n\n\n<p>La condamnation des politiques misogynes du r\u00e9gime iranien et de l&#8217;oppression syst\u00e9matique des femmes est une exigence partag\u00e9e par les d\u00e9fenseuses et d\u00e9fenseurs des droits des femmes, les organisations de d\u00e9fense des droits humains et les personnes \u00e9prises de libert\u00e9 dans le monde entier.<\/p>\n\n\n\n<p>Cette loi a \u00e9t\u00e9 qualifi\u00e9e de \u00ab&nbsp;criminelle, inhumaine et anti-islamique&nbsp;\u00bb <a href=\"https:\/\/www.maryam-rajavi.com\/fr\/biography\/\" target=\"_blank\" rel=\"noreferrer noopener\">par Mme Maryam Radjavi, pr\u00e9sidente \u00e9lue du Conseil national de la R\u00e9sistance iranienne<\/a> (CNRI) qui met en avant le slogan et la revendication de longue date de la R\u00e9sistance iranienne : \u00ab&nbsp;Non au voile obligatoire, non \u00e0 la religion obligatoire et non au gouvernement obligatoire&nbsp;!&nbsp;\u00bb<\/p>\n\n\n\n<p>Elle souligne que les femmes sont \u00e0 l&#8217;avant-garde de la lutte pour la d\u00e9mocratie, les droits humains et la justice, et des milliers d&#8217;entre elles ont \u00e9t\u00e9 ex\u00e9cut\u00e9es ces quatre derni\u00e8res d\u00e9cennies dans la lutte contre la dictature religieuse. Pr\u00e8s d&#8217;un millier de femmes d&#8217;Achraf 3, membres de l&#8217;Organisation des Moudjahidine du peuple d\u2019Iran (OMPI), sont devenues les symboles des femmes iraniennes en qu\u00eate de libert\u00e9. Mme Radjavi exhorte toutes les personnes \u00e9prises de libert\u00e9 dans le monde \u00e0 se solidariser avec les femmes iraniennes sous la banni\u00e8re \u00ab&nbsp;Femme, r\u00e9sistance, libert\u00e9&nbsp;\u00bb.<\/p>\n\n\n\n<p>Nous appelons les d\u00e9fenseuses et les d\u00e9fenseurs des droits des femmes, les organisations de d\u00e9fense des droits humains et les personnes \u00e9prises de libert\u00e9 dans le monde entier \u00e0 faire entendre leur voix et \u00e0 faire pression sur les institutions internationales pour exiger l&#8217;abolition de cette loi inhumaine et que le r\u00e9gime r\u00e9ponde de ses violations des droits humains.<\/p>\n\n\n\n<p>Signatures&nbsp;:<\/p>\n\n\n\n<figure class=\"wp-block-image size-large\"><img decoding=\"async\" src=\"data:image\/gif;base64,R0lGODlhAQABAIAAAAAAAP\/\/\/yH5BAEAAAAALAAAAAABAAEAAAIBRAA7\" data-src=\"https:\/\/wncri.org\/fr\/wp-content\/uploads\/2025\/04\/NCRI-Women-IWD-Declaration-6-min-1024x492.jpg\" alt=\"La r\u00e9sistance des femmes iraniennes : Un appel mondial \u00e0 la solidarit\u00e9\" class=\"wp-image-22332 lazyload\"\/><noscript><img decoding=\"async\" width=\"1024\" height=\"492\" src=\"https:\/\/wncri.org\/fr\/wp-content\/uploads\/2025\/04\/NCRI-Women-IWD-Declaration-6-min-1024x492.jpg\" alt=\"La r\u00e9sistance des femmes iraniennes : Un appel mondial \u00e0 la solidarit\u00e9\" class=\"wp-image-22332 lazyload\" srcset=\"https:\/\/wncri.org\/fr\/wp-content\/uploads\/2025\/04\/NCRI-Women-IWD-Declaration-6-min-1024x492.jpg 1024w, https:\/\/wncri.org\/fr\/wp-content\/uploads\/2025\/04\/NCRI-Women-IWD-Declaration-6-min-300x144.jpg 300w, https:\/\/wncri.org\/fr\/wp-content\/uploads\/2025\/04\/NCRI-Women-IWD-Declaration-6-min-768x369.jpg 768w, https:\/\/wncri.org\/fr\/wp-content\/uploads\/2025\/04\/NCRI-Women-IWD-Declaration-6-min-750x360.jpg 750w, https:\/\/wncri.org\/fr\/wp-content\/uploads\/2025\/04\/NCRI-Women-IWD-Declaration-6-min-1140x547.jpg 1140w, https:\/\/wncri.org\/fr\/wp-content\/uploads\/2025\/04\/NCRI-Women-IWD-Declaration-6-min.jpg 1406w\" sizes=\"(max-width: 1024px) 100vw, 1024px\" \/><\/noscript><\/figure>\n\n\n\n<h3 class=\"wp-block-heading\"><strong>Cheffes d\u2019\u00c9tat<\/strong><\/h3>\n\n\n\n<ol class=\"wp-block-list\">\n<li>Yulia Tymochenko, Premi\u00e8re ministre d&#8217;Ukraine (2005 et 2007-2010)<\/li>\n\n\n\n<li>Anneli J\u00e4\u00e4tteenm\u00e4ki, ancienne Premi\u00e8re ministre de Finlande<\/li>\n\n\n\n<li>Vaira V\u012b\u0137e-Freiberga, Pr\u00e9sidente de Lettonie (1999-2007)<\/li>\n\n\n\n<li>Marie-Louise Coleiro Preca, Pr\u00e9sidente de Malte (2014-2019)<\/li>\n\n\n\n<li>Jennifer Mary Shipley, Premi\u00e8re ministre de Nouvelle-Z\u00e9lande (1997-1999)<\/li>\n\n\n\n<li>Micheline Calmy-Rey, Pr\u00e9sidente de la Conf\u00e9d\u00e9ration suisse (2007 et 2011)<\/li>\n\n\n\n<li>Rosal\u00eda Arteaga Serrano, Pr\u00e9sidente de l\u2019\u00c9quateur (1997)<\/li>\n\n\n\n<li>Liz Truss, Premi\u00e8re ministre du Royaume-Uni (2022)<\/li>\n\n\n\n<li>Mercedes Ar\u00e1oz, Premi\u00e8re ministre du P\u00e9rou (2017-2018)<\/li>\n<\/ol>\n\n\n\n<figure class=\"wp-block-image size-large\"><img decoding=\"async\" src=\"data:image\/gif;base64,R0lGODlhAQABAIAAAAAAAP\/\/\/yH5BAEAAAAALAAAAAABAAEAAAIBRAA7\" data-src=\"https:\/\/wncri.org\/fr\/wp-content\/uploads\/2025\/04\/NCRI-Women-IWD-Declaration-1-min-1024x492.jpg\" alt=\"La r\u00e9sistance des femmes iraniennes : Un appel mondial \u00e0 la solidarit\u00e9\" class=\"wp-image-22327 lazyload\"\/><noscript><img decoding=\"async\" width=\"1024\" height=\"492\" src=\"https:\/\/wncri.org\/fr\/wp-content\/uploads\/2025\/04\/NCRI-Women-IWD-Declaration-1-min-1024x492.jpg\" alt=\"La r\u00e9sistance des femmes iraniennes : Un appel mondial \u00e0 la solidarit\u00e9\" class=\"wp-image-22327 lazyload\" srcset=\"https:\/\/wncri.org\/fr\/wp-content\/uploads\/2025\/04\/NCRI-Women-IWD-Declaration-1-min-1024x492.jpg 1024w, https:\/\/wncri.org\/fr\/wp-content\/uploads\/2025\/04\/NCRI-Women-IWD-Declaration-1-min-300x144.jpg 300w, https:\/\/wncri.org\/fr\/wp-content\/uploads\/2025\/04\/NCRI-Women-IWD-Declaration-1-min-768x369.jpg 768w, https:\/\/wncri.org\/fr\/wp-content\/uploads\/2025\/04\/NCRI-Women-IWD-Declaration-1-min-750x360.jpg 750w, https:\/\/wncri.org\/fr\/wp-content\/uploads\/2025\/04\/NCRI-Women-IWD-Declaration-1-min-1140x547.jpg 1140w, https:\/\/wncri.org\/fr\/wp-content\/uploads\/2025\/04\/NCRI-Women-IWD-Declaration-1-min.jpg 1406w\" sizes=\"(max-width: 1024px) 100vw, 1024px\" \/><\/noscript><\/figure>\n\n\n\n<h3 class=\"wp-block-heading\"><strong>Anciennes ministres et hautes responsables<\/strong><\/h3>\n\n\n\n<ol class=\"wp-block-list\">\n<li>Ana Helena Chac\u00f3n Echeverr\u00eda, Vice-pr\u00e9sidente du Costa Rica (2014-2018)<\/li>\n\n\n\n<li>Maria Cardona, ancienne ministre de la Justice du Portugal<\/li>\n\n\n\n<li>Meredith Burgmann, Pr\u00e9sidente du Conseil l\u00e9gislatif de Nouvelle-Galles du Sud, Australie (1999-2007)<\/li>\n\n\n\n<li>Nargis Nehan, Ministre par int\u00e9rim des Mines et du P\u00e9trole, Afghanistan (2017)<\/li>\n\n\n\n<li>Helen Goodman, Vice-pr\u00e9sidente de la Chambre des communes, Royaume-Uni (2007-2010)<\/li>\n\n\n\n<li>Maymuna Termbiono, ancienne ministre, Burkina Faso<\/li>\n\n\n\n<li>Helena Carreiras, ancienne ministre de la D\u00e9fense, Portugal (2022-2024)<\/li>\n\n\n\n<li>Sihem Badi, ancienne ministre, Tunisie<\/li>\n\n\n\n<li>Slavjanka Petrovska, ancienne d\u00e9put\u00e9e et ministre de la D\u00e9fense, Mac\u00e9doine du Nord<\/li>\n\n\n\n<li>Antonella Mularoni, ancienne juge \u00e0 la Cour europ\u00e9enne des droits de l\u2019homme, ancienne ministre, Saint-Marin<\/li>\n\n\n\n<li>Taghrid Alhejli, ancienne ministre au sein de la coalition syrienne<\/li>\n\n\n\n<li>Rona Ambrose, cheffe de l\u2019opposition, Canada (2015-2017)<\/li>\n\n\n\n<li>Candice Bergen, ancienne cheffe du Parti conservateur du Canada et ministre<\/li>\n\n\n\n<li>Edita Tahiri, ancienne ministre des Affaires \u00e9trang\u00e8res et vice-premi\u00e8re ministre du Kosovo<\/li>\n\n\n\n<li>Ryszard Kalisz, ancienne ministre de l\u2019Int\u00e9rieur et de l\u2019Administration (2004-2005), Pologne<\/li>\n\n\n\n<li>Marcin \u015awi\u0119cicki, ancienne ministre de la Coop\u00e9ration \u00e9conomique \u00e9trang\u00e8re et ancienne maire de Varsovie, Pologne<\/li>\n\n\n\n<li>Fatiha Al-Baqali, conseill\u00e8re aupr\u00e8s de la ministre de l\u2019Eau et de l\u2019Irrigation, Maroc<\/li>\n\n\n\n<li>Naima Farah, ancienne conseill\u00e8re aupr\u00e8s de la ministre de la Culture et de l\u2019Information, Maroc<\/li>\n\n\n\n<li>Hakima Al-Haiti, Maroc<\/li>\n\n\n\n<li>Sharafat Afilal, ancienne ministre de l\u2019\u00c9nergie et de l\u2019Industrie, Maroc<\/li>\n\n\n\n<li>Hoda Badran, ancienne ministre des Femmes et pr\u00e9sidente de la F\u00e9d\u00e9ration des femmes arabes, \u00c9gypte<\/li>\n\n\n\n<li>Ambassadrice Nahed Shaker, vice-ministre et repr\u00e9sentante de la soci\u00e9t\u00e9 civile \u00e9gyptienne aupr\u00e8s de l\u2019ONU, \u00c9gypte<\/li>\n\n\n\n<li>Eunide Innocent, ancienne ministre \u00e0 la Condition f\u00e9minine et aux Droits des femmes, Ha\u00efti<\/li>\n\n\n\n<li>Dora Bakoyannis, ministre des Affaires \u00e9trang\u00e8res (2006-2009) ; maire d\u2019Ath\u00e8nes (2003-2006), Gr\u00e8ce<\/li>\n\n\n\n<li>Sigridur Duna Kristmundsdottir, professeure \u00e9m\u00e9rite d\u2019anthropologie \u00e0 l\u2019Universit\u00e9 d\u2019Islande, ancienne d\u00e9put\u00e9e et ambassadrice, Islande<\/li>\n\n\n\n<li>Petra Bayr, d\u00e9put\u00e9e, Autriche<\/li>\n\n\n\n<li>Rahel Beigel Mirvis, R\u00e9seau mondial collaboratif de politique \u00e9trang\u00e8re f\u00e9ministe<\/li>\n\n\n\n<li>Leila Nadya Sadat, conseill\u00e8re sp\u00e9ciale sur les crimes contre l\u2019humanit\u00e9 aupr\u00e8s du Procureur de la CPI (2012-2023), \u00c9tats-Unis<\/li>\n\n\n\n<li>Ambassadrice Filloreta Kodra, ancienne ambassadrice et repr\u00e9sentante permanente de l\u2019Albanie aupr\u00e8s de l\u2019ONU \u00e0 Gen\u00e8ve, Albanie<\/li>\n\n\n\n<li>Bishry Al-Aryani, ancienne ambassadrice du Y\u00e9men en \u00c9gypte et en Syrie<\/li>\n\n\n\n<li>Jo\u00eblle Garriaud-Maylam, ancienne s\u00e9natrice (2004-2023) ; ancienne pr\u00e9sidente de l\u2019Assembl\u00e9e parlementaire de l\u2019OTAN, France<\/li>\n\n\n\n<li>Karen Gomez Dumpit, ancienne commissaire \u00e0 la Commission des droits de l\u2019homme des Philippines<\/li>\n\n\n\n<li>Ambassadrice Alma Lama, ancienne ambassadrice en Italie, \u00e0 Malte et \u00e0 Saint-Marin, Kosovo<\/li>\n\n\n\n<li>Ambassadrice Katrin Kivi, ambassadrice itin\u00e9rante pour les droits humains et la migration, Estonie<\/li>\n\n\n\n<li>Ambassadrice Zorica Mari\u0107-Djordjevi\u0107, ambassadrice du Mont\u00e9n\u00e9gro aupr\u00e8s du Conseil des droits de l\u2019homme de l\u2019ONU et de l\u2019OMC (2013-2018)<\/li>\n\n\n\n<li>Ambassadrice Amanda Ellis, ambassadrice et repr\u00e9sentante permanente aupr\u00e8s de l\u2019ONU, Nouvelle-Z\u00e9lande<\/li>\n\n\n\n<li>Berber van der Woude, ancienne diplomate et militante pour la justice, Pays-Bas<\/li>\n\n\n\n<li>Gulnara Shahinian, rapporteure sp\u00e9ciale de l\u2019ONU sur les formes contemporaines d\u2019esclavage (2008-2014), Arm\u00e9nie<\/li>\n\n\n\n<li>Elizabeth Broderick, pr\u00e9sidente-rapporteure et membre du Groupe de travail de l\u2019ONU sur la discrimination \u00e0 l\u2019\u00e9gard des femmes et des filles (2017-2023), Australie<\/li>\n\n\n\n<li>Leigh Toomey, ancienne pr\u00e9sidente du Groupe de travail de l\u2019ONU sur la d\u00e9tention arbitraire (membre de 2015 \u00e0 2022), Australie<\/li>\n\n\n\n<li>Vojislav \u0160uc, pr\u00e9sident du Conseil des droits de l\u2019homme de l\u2019ONU (2018), Slov\u00e9nie<\/li>\n\n\n\n<li>Melissa Upreti, experte en droits humains, directrice \u00e0 la Commission internationale de juristes et titulaire d\u2019un mandat sp\u00e9cial de l\u2019ONU (2017-2023), Am\u00e9riques<\/li>\n\n\n\n<li>Claudia M. Flores, professeure de droit et co-directrice de facult\u00e9, \u00c9tats-Unis<\/li>\n\n\n\n<li>Gay McDougall, vice-pr\u00e9sidente du Comit\u00e9 pour l\u2019\u00e9limination de la discrimination raciale (CERD) de l\u2019ONU, \u00c9tats-Unis<\/li>\n\n\n\n<li>Urmila Bhoola, rapporteure sp\u00e9ciale de l\u2019ONU sur les formes contemporaines d\u2019esclavage (2014-2020), Afrique du Sud<\/li>\n\n\n\n<li>Karen Smith, secr\u00e9taire g\u00e9n\u00e9rale adjointe de l\u2019ONU et conseill\u00e8re sp\u00e9ciale sur la responsabilit\u00e9 de prot\u00e9ger (2019-2021), Afrique du Sud<\/li>\n\n\n\n<li>Benedicta Jeanne Louise, directrice adjointe et coordinatrice de l\u2019Acad\u00e9mie de l\u2019adaptation aupr\u00e8s de la CCNUCC, Allemagne<\/li>\n\n\n\n<li>Gabriela Knaul, rapporteure sp\u00e9ciale de l\u2019ONU sur l\u2019ind\u00e9pendance des juges et des avocats (2009-2015), Br\u00e9sil<\/li>\n\n\n\n<li>Soledad Villagra, membre du Groupe de travail de l\u2019ONU sur la d\u00e9tention arbitraire (2002-2008), Paraguay<\/li>\n\n\n\n<li>Yakin Ert\u00fcrk, rapporteure sp\u00e9ciale de l\u2019ONU sur la violence contre les femmes (2003-2009), Turquie<\/li>\n\n\n\n<li>Sonja Biserko, membre de la Commission d\u2019enqu\u00eate de l\u2019ONU sur les droits humains en Cor\u00e9e du Nord (2013-2014) ; fondatrice et pr\u00e9sidente du Comit\u00e9 Helsinki pour les droits humains en Serbie<\/li>\n\n\n\n<li>Janice Chetcuti, avocate, d\u00e9put\u00e9e, Malte<\/li>\n\n\n\n<li>Julia Kozma, membre du Sous-comit\u00e9 des Nations Unies pour la pr\u00e9vention de la torture et autres peines ou traitements cruels, inhumains ou d\u00e9gradants (SPT), France<\/li>\n\n\n\n<li>Shaista Shameem, rapporteure sp\u00e9ciale de l\u2019ONU sur l\u2019utilisation de mercenaires (2004-2005) ; ancienne pr\u00e9sidente-rapporteure du groupe de travail de l\u2019ONU sur les mercenaires, Fidji<\/li>\n\n\n\n<li>Alda M. Facio, pr\u00e9sidente-rapporteure et membre du Groupe de travail de l\u2019ONU sur la discrimination \u00e0 l\u2019\u00e9gard des femmes et des filles (2014-2020)<\/li>\n\n\n\n<li>Maude Barlow, ancienne conseill\u00e8re principale sur l\u2019eau aupr\u00e8s de la pr\u00e9sidence de l\u2019Assembl\u00e9e g\u00e9n\u00e9rale des Nations Unies, Canada<\/li>\n\n\n\n<li>Susan Bazilli, membre du Groupe d\u2019experts ind\u00e9pendants des Nations Unies sur la situation des droits humains au B\u00e9larus (depuis 2024), Canada<\/li>\n\n\n\n<li>Yanghee Lee, ancienne rapporteure sp\u00e9ciale de l\u2019ONU sur la situation des droits humains en Birmanie (2014-2020), Cor\u00e9e du Sud<\/li>\n\n\n\n<li>Jelena Aparac, pr\u00e9sidente-rapporteure et membre du groupe de travail de l\u2019ONU sur l\u2019utilisation de mercenaires (2018-2023), Croatie<\/li>\n\n\n\n<li>Hiljmnijeta Apuk, laur\u00e9ate du Prix des droits humains de l\u2019ONU en 2013, Kosovo<\/li>\n\n\n\n<li>Monika P\u0142atek, experte de l\u2019ONU, mission du HCDH sur la situation des droits humains au B\u00e9larus (depuis 2023), Pologne<\/li>\n\n\n\n<li>Miriam Ekiudoko, membre du Groupe de travail des Nations Unies sur les personnes d\u2019ascendance africaine (depuis 2021), Hongrie<\/li>\n\n\n\n<li>Houria Esslami, pr\u00e9sidente-rapporteure et membre du Groupe de travail de l\u2019ONU sur les disparitions forc\u00e9es ou involontaires (WGEID) (2014-2020), Maroc<\/li>\n\n\n\n<li>Maud De Boer-Buquicchio, rapporteure sp\u00e9ciale de l\u2019ONU sur la vente et l\u2019exploitation sexuelle des enfants (2014-2020) ; ancienne secr\u00e9taire g\u00e9n\u00e9rale adjointe du Conseil de l\u2019Europe<\/li>\n\n\n\n<li>Amal Al-Dabai, ancienne juge, Y\u00e9men<\/li>\n\n\n\n<li>Jocelynne A. Scutt, ancienne commissaire \u00e0 la lutte contre la discrimination de Tasmanie et ancienne juge \u00e0 la Haute Cour des Fidji, Royaume-Uni<\/li>\n\n\n\n<li>Elfriede Jelinek, laur\u00e9ate du prix Nobel de litt\u00e9rature en 2004, Autriche<\/li>\n\n\n\n<li>Christina Cushen, militante pour les droits humains et l\u2019\u00e9galit\u00e9 des genres, Australie<\/li>\n\n\n\n<li>Marine Marques, charg\u00e9e de coop\u00e9ration \u00e9ducative \u2013 Ambassade de France en Indon\u00e9sie, France<\/li>\n\n\n\n<li>Cherie Blair CBE KC, fondatrice de la Cherie Blair Foundation for Women, Royaume-Uni<\/li>\n\n\n\n<li>Roselyn R. Majek, militante des droits humains, Royaume-Uni<\/li>\n\n\n\n<li>Felicity Gerry KC, professeure de pratique juridique \u00e0 l\u2019universit\u00e9 Deakin ; membre de la liste des conseils de la Cour p\u00e9nale internationale (CPI), Royaume-Uni<\/li>\n\n\n\n<li>Oleksandra Matviichuk, laur\u00e9ate du prix Nobel de la paix 2022, Ukraine<\/li>\n\n\n\n<li>Jody Williams, laur\u00e9ate du prix Nobel de la paix 1997, \u00c9tats-Unis<\/li>\n\n\n\n<li>Maria Ryan, animatrice de t\u00e9l\u00e9vision, \u00c9tats-Unis<\/li>\n\n\n\n<li>Maria Lina Vitturini, pr\u00e9sidente de la Commission pour l\u2019\u00e9galit\u00e9 des genres de la province de Marka, Italie<\/li>\n\n\n\n<li>Anna Mantini, repr\u00e9sentante du minist\u00e8re du Travail dans la pr\u00e9fecture, Italie<\/li>\n\n\n\n<li>Laura Pompeo, membre du conseil provincial, Italie<\/li>\n\n\n\n<li>Lella Bassgnana, pr\u00e9sidente du R\u00e9seau provincial contre la discrimination, Italie<\/li>\n\n\n\n<li>Tali Nates, laur\u00e9ate du Prix am\u00e9ricain pour la libert\u00e9 religieuse (2023), Afrique du Sud<\/li>\n\n\n\n<li>Parveen Rami, membre du Bureau politique public de la coalition syrienne, Syrie<\/li>\n\n\n\n<li>Hanan Albalkhi, ancienne ambassadrice de la coalition syrienne en Norv\u00e8ge, Syrie<\/li>\n\n\n\n<li>Bouchra Fenzar-Rizki, 13e vice-pr\u00e9sidente du Conseil d\u00e9partemental de Seine-et-Marne (77), France<\/li>\n\n\n\n<li>Pascale Labb\u00e9, vice-pr\u00e9sidente du Conseil g\u00e9n\u00e9ral de la Seine-Saint-Denis \u2013 responsable de l\u2019Observatoire d\u00e9partemental sur les violences faites aux femmes, France<\/li>\n\n\n\n<li>Chiara Corazza, membre du Conseil consultatif du G7 sur l\u2019\u00e9galit\u00e9 de genre et repr\u00e9sentante du secteur priv\u00e9 au G20 EMPOWER pour la France, membre de plusieurs conseils d\u2019administration<\/li>\n\n\n\n<li>Ingrid Betancourt, ancienne s\u00e9natrice et candidate \u00e0 la pr\u00e9sidence, Colombie<\/li>\n\n\n\n<li>Arbana Xharra, laur\u00e9ate du Prix international des femmes de courage du Secr\u00e9taire d&#8217;\u00c9tat des \u00c9tats-Unis en 2015, Kosovo<\/li>\n\n\n\n<li>Vasfije Goodman, envoy\u00e9e sp\u00e9ciale de la pr\u00e9sidence sur les violences sexuelles, Kosovo<\/li>\n\n\n\n<li>Maria Maalouf, \u00e9crivaine et journaliste, Liban<\/li>\n\n\n\n<li>Khadija Al-Zoumi, premi\u00e8re vice-pr\u00e9sidente du Parlement marocain, Maroc<\/li>\n\n\n\n<li>Jilan Jaboor, journaliste, \u00c9gypte<\/li>\n\n\n\n<li>Fatima Al-Khafaji, pr\u00e9sidente du R\u00e9seau des femmes arabes, \u00c9gypte<\/li>\n\n\n\n<li>Bianca Jagger, fondatrice et pr\u00e9sidente de la Bianca Jagger Human Rights Foundation<\/li>\n\n\n\n<li>Anne Ramberg, co-pr\u00e9sidente de l\u2019Institut des droits humains de l\u2019Association internationale du barreau (IBAHRI) ; juge ad hoc \u00e0 la Cour europ\u00e9enne des droits de l\u2019homme (CEDH)<\/li>\n<\/ol>\n\n\n\n<figure class=\"wp-block-image size-large\"><img decoding=\"async\" src=\"data:image\/gif;base64,R0lGODlhAQABAIAAAAAAAP\/\/\/yH5BAEAAAAALAAAAAABAAEAAAIBRAA7\" data-src=\"https:\/\/wncri.org\/fr\/wp-content\/uploads\/2025\/04\/NCRI-Women-IWD-Declaration-2-min-1024x492.jpg\" alt=\"La r\u00e9sistance des femmes iraniennes : Un appel mondial \u00e0 la solidarit\u00e9\" class=\"wp-image-22328 lazyload\"\/><noscript><img decoding=\"async\" width=\"1024\" height=\"492\" src=\"https:\/\/wncri.org\/fr\/wp-content\/uploads\/2025\/04\/NCRI-Women-IWD-Declaration-2-min-1024x492.jpg\" alt=\"La r\u00e9sistance des femmes iraniennes : Un appel mondial \u00e0 la solidarit\u00e9\" class=\"wp-image-22328 lazyload\" srcset=\"https:\/\/wncri.org\/fr\/wp-content\/uploads\/2025\/04\/NCRI-Women-IWD-Declaration-2-min-1024x492.jpg 1024w, https:\/\/wncri.org\/fr\/wp-content\/uploads\/2025\/04\/NCRI-Women-IWD-Declaration-2-min-300x144.jpg 300w, https:\/\/wncri.org\/fr\/wp-content\/uploads\/2025\/04\/NCRI-Women-IWD-Declaration-2-min-768x369.jpg 768w, https:\/\/wncri.org\/fr\/wp-content\/uploads\/2025\/04\/NCRI-Women-IWD-Declaration-2-min-750x360.jpg 750w, https:\/\/wncri.org\/fr\/wp-content\/uploads\/2025\/04\/NCRI-Women-IWD-Declaration-2-min-1140x547.jpg 1140w, https:\/\/wncri.org\/fr\/wp-content\/uploads\/2025\/04\/NCRI-Women-IWD-Declaration-2-min.jpg 1406w\" sizes=\"(max-width: 1024px) 100vw, 1024px\" \/><\/noscript><\/figure>\n\n\n\n<h3 class=\"wp-block-heading\"><strong>Juristes et expertes en droit :<\/strong><\/h3>\n\n\n\n<ol class=\"wp-block-list\">\n<li>Aneta Wilkowska-P\u0142\u00f3ciennik, membre du conseil de l\u2019Association des notaires de la R\u00e9publique de Pologne, Pologne<\/li>\n\n\n\n<li>Sheila Paylan, avocate sp\u00e9cialis\u00e9e en droits humains et consultante juridique principale aupr\u00e8s des Nations Unies, Arm\u00e9nie<\/li>\n\n\n\n<li>Andrea Friedrich, avocate \u2013 Commission des droits de l\u2019homme de la FBE, Espagne<\/li>\n\n\n\n<li>Antonietta Elia, conseill\u00e8re juridique internationale, Conseil de l\u2019Europe, Espagne<\/li>\n\n\n\n<li>Helen Jarvis, cheffe de la section des affaires publiques, Chambres extraordinaires au sein des tribunaux cambodgiens (ECCC) (2003-2009), Australie<\/li>\n\n\n\n<li>Gabrielle Louise McIntyre, consultante internationale, Lex Collective ; sp\u00e9cialiste du droit climatique, Autorit\u00e9 anti-corruption, Australie<\/li>\n\n\n\n<li>Joan Francesca Quint, avocate, Radcliffe Chambers, Royaume-Uni<\/li>\n\n\n\n<li>Alice Hardy, associ\u00e9e chez Bindmans, Royaume-Uni<\/li>\n\n\n\n<li>Samantha Knights KC, avocate, Royaume-Uni<\/li>\n\n\n\n<li>Christina Blacklaws, ancienne pr\u00e9sidente de la Law Society d\u2019Angleterre et du Pays de Galles, Royaume-Uni<\/li>\n\n\n\n<li>Joanna Dingwall, avocate internationale \/ avocate du gouvernement \u00e9cossais, Royaume-Uni<\/li>\n\n\n\n<li>Elizabeth Peatfield, ma\u00eetresse de conf\u00e9rences senior en justice p\u00e9nale \u00e0 l\u2019Universit\u00e9 John Moores de Liverpool, Royaume-Uni<\/li>\n\n\n\n<li>Grace Akosua Dankwa, avocate, Royaume-Uni<\/li>\n\n\n\n<li>Olena Zaitseva, avocate, experte en \u00e9galit\u00e9 des genres, Ukraine<\/li>\n\n\n\n<li>Abb\u00e9 Jolles, avocate sp\u00e9cialis\u00e9e en contentieux des droits humains, \u00c9tats-Unis<\/li>\n\n\n\n<li>Sara Elizabeth Dill, associ\u00e9e chez Anethum Global, \u00c9tats-Unis<\/li>\n\n\n\n<li>Enrico Lattanzi, avocate \u2013 Conseil de l\u2019ordre des avocats de Lucques, Italie<\/li>\n\n\n\n<li>Aldo Luchi, avocate \u2013 Ordre des avocats de Cagliari, Italie<\/li>\n\n\n\n<li>Barbara Bonafini, avocate \u2013 LegalAssociati, V\u00e9rone, Italie<\/li>\n\n\n\n<li>Lucia Serena Rossi, juge, Cour de justice de l\u2019Union europ\u00e9enne (depuis 2018), Italie<\/li>\n\n\n\n<li>Raquel Cardoso, professeure assistante de droit p\u00e9nal, Universit\u00e9 Lus\u00edada, Italie<\/li>\n\n\n\n<li>Francesco Tregnaghi, avocat, Italie<\/li>\n\n\n\n<li>Flavia Lattanzi, juge ad litem, Tribunal p\u00e9nal international des Nations Unies pour le Rwanda (TPIR) (2003-2007) ; et pour l\u2019ex-Yougoslavie (TPIY) (2007-2016), Italie<\/li>\n\n\n\n<li>Concetta Giallombardo, militante pour les droits des femmes, Italie<\/li>\n\n\n\n<li>Michele Calantropo, membre de la Commission des droits de l\u2019homme de la F\u00e9d\u00e9ration des barreaux d\u2019Europe, Italie<\/li>\n\n\n\n<li>Enrica Giordano, avocate, Italie<\/li>\n\n\n\n<li>Irene Victoria Massimino, rapporteuse \u00e0 la Haute Cour criminelle de Buenos Aires, Argentine<\/li>\n\n\n\n<li>Maria Krasova, avocate, Allemagne<\/li>\n\n\n\n<li>Anabela Atan\u00e1sio Alves, avocate internationale sp\u00e9cialis\u00e9e en droit p\u00e9nal, Portugal<\/li>\n\n\n\n<li>Sareta Ashraph, avocate internationale sp\u00e9cialis\u00e9e en droit p\u00e9nal, Trinit\u00e9-et-Tobago<\/li>\n\n\n\n<li>Adriana Stoicescu, juge, Roumanie<\/li>\n\n\n\n<li>Anda Abiculesi, avocate, Roumanie<\/li>\n\n\n\n<li>Simona Enica, avocate, Roumanie<\/li>\n\n\n\n<li>Carmen Fratiman, avocate, Roumanie<\/li>\n\n\n\n<li>Marinela Neagu, avocate, Roumanie<\/li>\n\n\n\n<li>Manuela Stoica, avocate, Roumanie<\/li>\n\n\n\n<li>Violeta Popescu, avocate, Roumanie<\/li>\n\n\n\n<li>Juge Florence N.M. Mumba, juge internationale, ancienne vice-pr\u00e9sidente du Tribunal p\u00e9nal international des Nations Unies pour l\u2019ex-Yougoslavie (TPIY), Zambie<\/li>\n\n\n\n<li>Raghdah Al-Tah, avocate, Syrie<\/li>\n\n\n\n<li>Amal Al-Nassan, avocate, Syrie<\/li>\n\n\n\n<li>Halima Amoun, avocate, Syrie<\/li>\n\n\n\n<li>Sarjawy Hoda, avocate, Syrie<\/li>\n\n\n\n<li>Aisha Mahmoud, avocate, Syrie<\/li>\n\n\n\n<li>Alezini Loaxa, avocate, Gr\u00e8ce<\/li>\n\n\n\n<li>Helen Keller, juge, Cour europ\u00e9enne des droits de l\u2019homme (CEDH) (2011-2020), Suisse<\/li>\n\n\n\n<li>Dato&#8217; Shyamala Alagendra Khan, avocate internationale \/ conseill\u00e8re pour les droits des femmes et des enfants aupr\u00e8s du M\u00e9canisme d\u2019enqu\u00eate ind\u00e9pendant des Nations Unies sur le Myanmar, Sri Lanka<\/li>\n\n\n\n<li>Tanja Arsi\u0107, avocate, Serbie<\/li>\n\n\n\n<li>Elisabeth Rabesandratana, membre de la liste des conseils de la Cour p\u00e9nale internationale (CPI), France<\/li>\n\n\n\n<li>Paul Buisson, avocat, France<\/li>\n\n\n\n<li>Dominique Attias, pr\u00e9sidente du conseil d\u2019administration de la Fondation des avocats europ\u00e9ens, pr\u00e9sidente de la F\u00e9d\u00e9ration des soci\u00e9t\u00e9s de droit europ\u00e9ennes depuis mars 2021, France<\/li>\n\n\n\n<li>Carol Friedlander, juriste, France<\/li>\n\n\n\n<li>Camille Schaltenbrand, avocate sp\u00e9cialis\u00e9e en droits humains, France<\/li>\n\n\n\n<li>Laura Ghattas, avocate sp\u00e9cialis\u00e9e en droits humains et droit p\u00e9nal international, France<\/li>\n\n\n\n<li>Leto Cariolou, avocate, ancienne juriste au M\u00e9canisme des Nations Unies pour les Tribunaux P\u00e9naux Internationaux, Chypre \/ Royaume-Uni<\/li>\n\n\n\n<li>Pearl Eliadis, professeure associ\u00e9e, Universit\u00e9 McGill, Canada<\/li>\n\n\n\n<li>Jamie Francis, journaliste, Liban<\/li>\n\n\n\n<li>Dana Jamal, avocate, Liban<\/li>\n\n\n\n<li>Izabela Konopacka, pr\u00e9sidente de la Commission du droit de la propri\u00e9t\u00e9 intellectuelle, ancienne pr\u00e9sidente de la F\u00e9d\u00e9ration des barreaux europ\u00e9ens, Pologne<\/li>\n\n\n\n<li>Artur Wierzbicki, pr\u00e9sident de la Commission des droits de l\u2019homme de la FBE, Pologne<br>&nbsp;Ma\u0142gorzata Skawi\u0144ska, militante pour le dialogue, Pologne<\/li>\n\n\n\n<li>Maria M\u0142otkowska, avocate \u2013 experte juridique du secteur public et des collectivit\u00e9s locales, Pologne<\/li>\n\n\n\n<li>Ma\u0142gorzata Krzy\u017cowska, vice-pr\u00e9sidente de la commission des affaires \u00e9trang\u00e8res du Conseil national de l\u2019ordre des avocats de Pologne, Pologne<\/li>\n\n\n\n<li>Marzena Korzonek, juge \u2013 membre de GEMME (l\u2019Association europ\u00e9enne des magistrats pour la m\u00e9diation), chanteuse, Pologne<\/li>\n\n\n\n<li>Dimi Dimitrescu, assistante \u00e0 l\u2019unit\u00e9 des ressources humaines de la Cour de justice de l\u2019Union europ\u00e9enne, Luxembourg<\/li>\n\n\n\n<li>Goda Ambrasait\u0117-Balynien\u0117, juge \u00e0 la Cour supr\u00eame de Lituanie, Lituanie<\/li>\n\n\n\n<li>Doha Bahaa Ahmed, avocate sp\u00e9cialis\u00e9e en droits humains, \u00c9gypte<\/li>\n\n\n\n<li>Princesse Nwabueze Nwokolo, pr\u00e9sidente du Black Solicitors Network (BSN) du Royaume-Uni, Nigeria<\/li>\n\n\n\n<li>Greta Ramelli, juriste au Public International Law &amp; Policy Group \/ consultante juridique pour le minist\u00e8re des Affaires \u00e9trang\u00e8res, Pays-Bas<\/li>\n\n\n\n<li>Linda B. Louis, juriste sp\u00e9cialis\u00e9e en droit international, droits humains et droit des technologies num\u00e9riques, Pays-Bas<\/li>\n\n\n\n<li>Wout Albers, avocat \u2013 Global Justice Association, Pays-Bas<\/li>\n<\/ol>\n\n\n\n<figure class=\"wp-block-image size-large\"><img decoding=\"async\" src=\"data:image\/gif;base64,R0lGODlhAQABAIAAAAAAAP\/\/\/yH5BAEAAAAALAAAAAABAAEAAAIBRAA7\" data-src=\"https:\/\/wncri.org\/fr\/wp-content\/uploads\/2025\/04\/NCRI-Women-IWD-Declaration-4-min-1024x492.jpg\" alt=\"La r\u00e9sistance des femmes iraniennes : Un appel mondial \u00e0 la solidarit\u00e9\" class=\"wp-image-22330 lazyload\"\/><noscript><img decoding=\"async\" width=\"1024\" height=\"492\" src=\"https:\/\/wncri.org\/fr\/wp-content\/uploads\/2025\/04\/NCRI-Women-IWD-Declaration-4-min-1024x492.jpg\" alt=\"La r\u00e9sistance des femmes iraniennes : Un appel mondial \u00e0 la solidarit\u00e9\" class=\"wp-image-22330 lazyload\" srcset=\"https:\/\/wncri.org\/fr\/wp-content\/uploads\/2025\/04\/NCRI-Women-IWD-Declaration-4-min-1024x492.jpg 1024w, https:\/\/wncri.org\/fr\/wp-content\/uploads\/2025\/04\/NCRI-Women-IWD-Declaration-4-min-300x144.jpg 300w, https:\/\/wncri.org\/fr\/wp-content\/uploads\/2025\/04\/NCRI-Women-IWD-Declaration-4-min-768x369.jpg 768w, https:\/\/wncri.org\/fr\/wp-content\/uploads\/2025\/04\/NCRI-Women-IWD-Declaration-4-min-750x360.jpg 750w, https:\/\/wncri.org\/fr\/wp-content\/uploads\/2025\/04\/NCRI-Women-IWD-Declaration-4-min-1140x547.jpg 1140w, https:\/\/wncri.org\/fr\/wp-content\/uploads\/2025\/04\/NCRI-Women-IWD-Declaration-4-min.jpg 1406w\" sizes=\"(max-width: 1024px) 100vw, 1024px\" \/><\/noscript><\/figure>\n\n\n\n<h3 class=\"wp-block-heading\"><strong>Membres du Parlement <\/strong><\/h3>\n\n\n\n<ol class=\"wp-block-list\">\n<li>Karmen Joller, d\u00e9put\u00e9e au Parlement d\u2019Estonie, Estonie<\/li>\n\n\n\n<li>Tess White, d\u00e9put\u00e9e au Parlement \u00e9cossais (MSP), \u00c9cosse<\/li>\n\n\n\n<li>Fulton MacGregor, d\u00e9put\u00e9 au Parlement \u00e9cossais (MSP), \u00c9cosse<\/li>\n\n\n\n<li>Liam McArthur, d\u00e9put\u00e9 au Parlement \u00e9cossais (MSP), \u00c9cosse<\/li>\n\n\n\n<li>T\u00fcnde Neszm\u00e9ri, membre du pr\u00e9sidium de Csemadok, Slovaquie<\/li>\n\n\n\n<li>Baronne O\u2019Loan, membre de la Chambre des lords, Royaume-Uni<\/li>\n\n\n\n<li>Barondess Burt, membre de la Chambre des lords, Royaume-Uni<\/li>\n\n\n\n<li>Baronne Brou, membre de la Chambre des lords, Royaume-Uni<\/li>\n\n\n\n<li>Baronne Redfern, membre de la Chambre des lords, Royaume-Uni<\/li>\n\n\n\n<li>Baronne Cox, membre de la Chambre des lords, Royaume-Uni<\/li>\n\n\n\n<li>Baronne Lister, membre de la Chambre des lords, Royaume-Uni<\/li>\n\n\n\n<li>Baronne Morris, membre de la Chambre des lords, Royaume-Uni<\/li>\n\n\n\n<li>Baronne Hodgson d\u2019Abinger, CBE, membre de la Chambre des lords, Royaume-Uni<\/li>\n\n\n\n<li>Baronne Harris de Richmond, membre de la Chambre des lords, Royaume-Uni<\/li>\n\n\n\n<li>Baronne Kennedy of the Shaws LT K, membre de la Chambre des lords, Royaume-Uni<\/li>\n\n\n\n<li>Baronne Haghues, membre de la Chambre des lords, Royaume-Uni<\/li>\n\n\n\n<li>&nbsp;Baronne Verma, membre de la Chambre des lords, Royaume-Uni<\/li>\n\n\n\n<li>Baronne Blackstone, membre de la Chambre des lords, Royaume-Uni<\/li>\n\n\n\n<li>Baronne Hoey, membre de la Chambre des lords, Royaume-Uni<\/li>\n\n\n\n<li>Baronne Browning, membre de la Chambre des lords, Royaume-Uni<\/li>\n\n\n\n<li>Baronne Golding, membre de la Chambre des lords, Royaume-Uni<\/li>\n\n\n\n<li>L\u2019honorable baronne Morris de Yardley, membre de la Chambre des lords, Royaume-Uni<\/li>\n\n\n\n<li>L\u2019honorable baronne Hughes de Stretford, membre de la Chambre des lords, Royaume-Uni<\/li>\n\n\n\n<li>L\u2019honorable baronne Quin, membre de la Chambre des lords, Royaume-Uni<\/li>\n\n\n\n<li>L\u2019honorable baronne Liddell de Coatdyke, membre de la Chambre des lords, Royaume-Uni<\/li>\n\n\n\n<li>L\u2019honorable baronne Featherstone, membre de la Chambre des lords, Royaume-Uni<\/li>\n\n\n\n<li>L\u2019honorable baronne Kramer, membre de la Chambre des lords, Royaume-Uni<\/li>\n\n\n\n<li>L\u2019honorable baronne Hayman GBE, membre de la Chambre des lords, Royaume-Uni<\/li>\n\n\n\n<li>Baronne Young d\u2019Old Scone, membre de la Chambre des lords, Royaume-Uni<\/li>\n\n\n\n<li>Baronne Hooper CMG, membre de la Chambre des lords, Royaume-Uni<\/li>\n\n\n\n<li>Baronne O\u2019Neill de Bengarve CH CBE FBA, membre de la Chambre des lords, Royaume-Uni<\/li>\n\n\n\n<li>Baronne Stern CBE, membre de la Chambre des lords, Royaume-Uni<\/li>\n\n\n\n<li>Baronne Gale, membre de la Chambre des lords, Royaume-Uni<\/li>\n\n\n\n<li>Baronne Harris de Richmond DL, membre de la Chambre des lords, Royaume-Uni<\/li>\n\n\n\n<li>Baronne Scott de Needham Market, membre de la Chambre des lords, Royaume-Uni<\/li>\n\n\n\n<li>Baronne Cumberlege CBE DL, membre de la Chambre des lords, Royaume-Uni<\/li>\n\n\n\n<li>Baronne Eccles de Moulton, membre de la Chambre des lords, Royaume-Uni<\/li>\n\n\n\n<li>Baronne Ramsay de Cartvale, membre de la Chambre des lords, Royaume-Uni<\/li>\n\n\n\n<li>Baronne Cox, membre de la Chambre des lords, Royaume-Uni<\/li>\n\n\n\n<li>Baronne Crawley, membre de la Chambre des lords, Royaume-Uni<\/li>\n\n\n\n<li>L\u2019honorable baronne Blackstone, membre de la Chambre des lords, Royaume-Uni<\/li>\n\n\n\n<li>Baronne Goudie, membre de la Chambre des lords, Royaume-Uni<\/li>\n\n\n\n<li>Baronne Prosser OBE, membre de la Chambre des lords, Royaume-Uni<\/li>\n\n\n\n<li>Baronne Young de Hornsey OBE, membre de la Chambre des lords, Royaume-Uni<\/li>\n\n\n\n<li>Baronne Bonham-Carter de Yarnbury, membre de la Chambre des lords, Royaume-Uni<\/li>\n\n\n\n<li>Baronne Deech DBE KC, membre de la Chambre des lords, Royaume-Uni<\/li>\n\n\n\n<li>Baronne Thomas de Winchester MBE, membre de la Chambre des lords, Royaume-Uni<\/li>\n\n\n\n<li>Baronne Verma, membre de la Chambre des lords, Royaume-Uni<\/li>\n\n\n\n<li>Baronne Jones de Whitchurch, membre de la Chambre des lords, Royaume-Uni<\/li>\n\n\n\n<li>Baronne Meacher, membre de la Chambre des lords, Royaume-Uni<\/li>\n\n\n\n<li>Baronne Coussins, membre de la Chambre des lords, Royaume-Uni<\/li>\n\n\n\n<li>L\u2019honorable baronne Garden de Frognal, membre de la Chambre des lords, Royaume-Uni<\/li>\n\n\n\n<li>Baronne Grey-Thompson DBE, membre de la Chambre des lords, Royaume-Uni<\/li>\n\n\n\n<li>Baronne O\u2019Loan DBE MRIA, membre de la Chambre des lords, Royaume-Uni<\/li>\n\n\n\n<li>Baronne Bray de Coln, membre de la Chambre des lords, Royaume-Uni<\/li>\n\n\n\n<li>Baronne Benjamin OM DBE DL, membre de la Chambre des lords, Royaume-Uni<\/li>\n\n\n\n<li>Baronne Eaton DBE DL, membre de la Chambre des lords, Royaume-Uni<\/li>\n\n\n\n<li>Baronne Hollins, membre de la Chambre des lords, Royaume-Uni<\/li>\n\n\n\n<li>Baronne Doocey OBE, membre de la Chambre des lords, Royaume-Uni<\/li>\n\n\n\n<li>Baronne Wheatcroft, membre de la Chambre des lords, Royaume-Uni<\/li>\n\n\n\n<li>Baronne Jolly, membre de la Chambre des lords, Royaume-Uni<\/li>\n\n\n\n<li>Baronne Lister de Burtersett CBE, membre de la Chambre des lords, Royaume-Uni<\/li>\n\n\n\n<li>Baronne Brinton, membre de la Chambre des lords, Royaume-Uni<\/li>\n\n\n\n<li>Baronne Kidron OBE, membre de la Chambre des lords, Royaume-Uni<\/li>\n\n\n\n<li>Baronne Bakewell de Hardington Mandeville MBE, membre de la Chambre des lords, Royaume-Uni<\/li>\n\n\n\n<li>Baronne Jones de Moulsecoomb, membre de la Chambre des lords, Royaume-Uni<\/li>\n\n\n\n<li>Baronne Hodgson d&#8217;Abinger CBE, membre de la Chambre des lords, Royaume-Uni<\/li>\n\n\n\n<li>Baronne Smith de Newnham, membre de la Chambre des lords, Royaume-Uni<\/li>\n\n\n\n<li>Baronne Pinnock, membre de la Chambre des lords, Royaume-Uni<\/li>\n\n\n\n<li>Baronne Hayman d&#8217;Ullock, membre de la Chambre des lords, Royaume-Uni<\/li>\n\n\n\n<li>Baronne Redfern, membre de la Chambre des lords, Royaume-Uni<\/li>\n\n\n\n<li>Baronne Pidding CBE, membre de la Chambre des lords, Royaume-Uni<\/li>\n\n\n\n<li>Baronne Brown de Cambridge DBE FREng FRS, membre de la Chambre des lords, Royaume-Uni<\/li>\n\n\n\n<li>Baronne Bryan de Partick, membre de la Chambre des lords, Royaume-Uni<\/li>\n\n\n\n<li>Baronne Boycott, membre de la Chambre des lords, Royaume-Uni<\/li>\n\n\n\n<li>Baronne Blower, membre de la Chambre des lords, Royaume-Uni<\/li>\n\n\n\n<li>Baronne Casey de Blackstock DBE CB, membre de la Chambre des lords, Royaume-Uni<\/li>\n\n\n\n<li>Mary Glindon MP, membre de la Chambre des communes, Royaume-Uni<\/li>\n\n\n\n<li>Nadia Whittome MP, membre de la Chambre des communes, Royaume-Uni<\/li>\n\n\n\n<li>Mme Paula Bradshaw, MLA, Irlande du Nord<\/li>\n\n\n\n<li>Peter McReynolds, MLA, Irlande du Nord<\/li>\n\n\n\n<li>Deborah Erskine, MLA, Irlande du Nord<\/li>\n\n\n\n<li>Robbie Butler, MLA, Irlande du Nord<\/li>\n\n\n\n<li>Sinead McLaughlin, MLA, Irlande du Nord<\/li>\n\n\n\n<li>Cara Hunter, MLA, Irlande du Nord<\/li>\n\n\n\n<li>Connie Egan, MLA, Irlande du Nord<\/li>\n\n\n\n<li>Colin McGrath, MLA, Irlande du Nord<\/li>\n\n\n\n<li>Naomi Long, pr\u00e9sidente du parti, Irlande du Nord<\/li>\n\n\n\n<li>Maximiliano Ferraro, d\u00e9put\u00e9 national, Coalition Civique ARI, Argentine<\/li>\n\n\n\n<li>Stefanie Bung, d\u00e9put\u00e9e de la faction chr\u00e9tienne-d\u00e9mocrate du parlement de Berlin, Allemagne<\/li>\n\n\n\n<li>Katrin Langensiepen, d\u00e9put\u00e9e au Parlement europ\u00e9en, Allemagne<\/li>\n\n\n\n<li>Karin Liltorp, d\u00e9put\u00e9e au Parlement danois, Les Mod\u00e9r\u00e9s, Danemark<\/li>\n\n\n\n<li>Eugen Tomac, d\u00e9put\u00e9 au Parlement europ\u00e9en, Roumanie<\/li>\n\n\n\n<li>Seham Thabet, d\u00e9put\u00e9e, Palestine<\/li>\n\n\n\n<li>Neajat Alastal, d\u00e9put\u00e9, Palestine<\/li>\n\n\n\n<li>Judy Sgro, d\u00e9put\u00e9e \u00e0 la Chambre des communes du Canada, Canada<\/li>\n\n\n\n<li>Poula Yaghuobian, d\u00e9put\u00e9e, Liban<\/li>\n\n\n\n<li>El\u017cbieta Urszula Kopczy\u0144ska, repr\u00e9sentante au parlement r\u00e9gional, Pologne<\/li>\n\n\n\n<li>Romilda Zarb, d\u00e9put\u00e9e, Malte<\/li>\n\n\n\n<li>Katya De Giovanni, d\u00e9put\u00e9e, Malte<\/li>\n\n\n\n<li>Angela Munteanu-Pojoga, d\u00e9put\u00e9e au Parlement de la R\u00e9publique de Moldavie, Moldavie<\/li>\n\n\n\n<li>Maria Pancu, d\u00e9put\u00e9e au Parlement de la R\u00e9publique de Moldavie, Moldavie<\/li>\n\n\n\n<li>Paul Davies, MS, Pays de Galles<\/li>\n\n\n\n<li>Rhys Owen, MS, Pays de Galles<\/li>\n\n\n\n<li>Mark Isherwood, MS, Pays de Galles<\/li>\n\n\n\n<li>Mike Hedges, MS, Pays de Galles<\/li>\n<\/ol>\n\n\n\n<figure class=\"wp-block-image size-large\"><img decoding=\"async\" src=\"data:image\/gif;base64,R0lGODlhAQABAIAAAAAAAP\/\/\/yH5BAEAAAAALAAAAAABAAEAAAIBRAA7\" data-src=\"https:\/\/wncri.org\/fr\/wp-content\/uploads\/2025\/04\/NCRI-Women-IWD-Declaration-5-min-1024x492.jpg\" alt=\"La r\u00e9sistance des femmes iraniennes : Un appel mondial \u00e0 la solidarit\u00e9\" class=\"wp-image-22331 lazyload\"\/><noscript><img decoding=\"async\" width=\"1024\" height=\"492\" src=\"https:\/\/wncri.org\/fr\/wp-content\/uploads\/2025\/04\/NCRI-Women-IWD-Declaration-5-min-1024x492.jpg\" alt=\"La r\u00e9sistance des femmes iraniennes : Un appel mondial \u00e0 la solidarit\u00e9\" class=\"wp-image-22331 lazyload\" srcset=\"https:\/\/wncri.org\/fr\/wp-content\/uploads\/2025\/04\/NCRI-Women-IWD-Declaration-5-min-1024x492.jpg 1024w, https:\/\/wncri.org\/fr\/wp-content\/uploads\/2025\/04\/NCRI-Women-IWD-Declaration-5-min-300x144.jpg 300w, https:\/\/wncri.org\/fr\/wp-content\/uploads\/2025\/04\/NCRI-Women-IWD-Declaration-5-min-768x369.jpg 768w, https:\/\/wncri.org\/fr\/wp-content\/uploads\/2025\/04\/NCRI-Women-IWD-Declaration-5-min-750x360.jpg 750w, https:\/\/wncri.org\/fr\/wp-content\/uploads\/2025\/04\/NCRI-Women-IWD-Declaration-5-min-1140x547.jpg 1140w, https:\/\/wncri.org\/fr\/wp-content\/uploads\/2025\/04\/NCRI-Women-IWD-Declaration-5-min.jpg 1406w\" sizes=\"(max-width: 1024px) 100vw, 1024px\" \/><\/noscript><\/figure>\n\n\n\n<h3 class=\"wp-block-heading\"><strong>Anciens membres du Parlement<\/strong><strong><\/strong><\/h3>\n\n\n\n<ol class=\"wp-block-list\">\n<li>Margarita Dur\u00e1n Vadell, ancienne s\u00e9natrice et vice-pr\u00e9sidente de l\u2019organisation INCO Droits de l\u2019Homme, Espagne<\/li>\n\n\n\n<li>Mari-Ann Kelam, ancienne d\u00e9put\u00e9e, Estonie<\/li>\n\n\n\n<li>Edit Bauer, ancienne d\u00e9put\u00e9e au Parlement europ\u00e9en (ex-eurod\u00e9put\u00e9e)<\/li>\n\n\n\n<li>Koalicio Partja, Slovaquie<\/li>\n\n\n\n<li>Laura Moffat, ancienne d\u00e9put\u00e9e, Angleterre<\/li>\n\n\n\n<li>Anthea McIntyre, ancienne d\u00e9put\u00e9e au Parlement europ\u00e9en, Angleterre<\/li>\n\n\n\n<li>Sally-Ann Hart, ancienne d\u00e9put\u00e9e, Royaume-Uni<\/li>\n\n\n\n<li>Anthea McIntyre, ancienne eurod\u00e9put\u00e9e, Royaume-Uni<\/li>\n\n\n\n<li>Jane Dodds, ancienne d\u00e9put\u00e9e, Royaume-Uni<\/li>\n\n\n\n<li>Rt. Hon Theresa Villiers, ancienne d\u00e9put\u00e9e, Royaume-Uni<\/li>\n\n\n\n<li>Stefania Pezzopane, ancienne s\u00e9natrice, Italie<\/li>\n\n\n\n<li>Elisabetta Zamparutti, ancienne d\u00e9put\u00e9e, Italie<\/li>\n\n\n\n<li>Eleonora Cimbro, ancienne d\u00e9put\u00e9e, Italie<\/li>\n\n\n\n<li>Barbara Masini, ancienne s\u00e9natrice, Italie<\/li>\n\n\n\n<li>Giovanna Tealdi, ancienne d\u00e9put\u00e9e, Italie<\/li>\n\n\n\n<li>Francesca Bonomo, ancienne d\u00e9put\u00e9e, Italie<\/li>\n\n\n\n<li>Marzia Casolatti, ancienne s\u00e9natrice, Italie<\/li>\n\n\n\n<li>Gianna Gancia, ancienne d\u00e9put\u00e9e au Parlement europ\u00e9en, Italie<\/li>\n\n\n\n<li>Sara Zambai, ancienne parlementaire, Italie<\/li>\n\n\n\n<li>Helga Vala Helgad\u00f3ttir, ancienne d\u00e9put\u00e9e, Islande, cabinet d\u2019avocats Reykjavik Law Firm<\/li>\n\n\n\n<li>Mariana Stilman, Islande<\/li>\n\n\n\n<li>Katharina Landgraf, d\u00e9put\u00e9e au Parlement f\u00e9d\u00e9ral, Argentine<\/li>\n\n\n\n<li>Ellen Samyn, ancienne d\u00e9put\u00e9e ; vice-pr\u00e9sidente de la commission des affaires \u00e9trang\u00e8res, Allemagne<\/li>\n\n\n\n<li>Emilia Cerqueira, ancienne d\u00e9put\u00e9e, Portugal, Belgique<\/li>\n\n\n\n<li>Ana Paula Barros, ancienne d\u00e9put\u00e9e au Parlement portugais, Portugal<\/li>\n\n\n\n<li>Catarina Rocha, ancienne d\u00e9put\u00e9e, Portugal<\/li>\n\n\n\n<li>Carla Madureira, ancienne d\u00e9put\u00e9e et enseignante, Portugal<\/li>\n\n\n\n<li>Claudia Andre, ancienne d\u00e9put\u00e9e, Portugal<\/li>\n\n\n\n<li>Olfa Jouini, ancienne parlementaire, Portugal<\/li>\n\n\n\n<li>Hasna Marsid, ancienne parlementaire, Portugal<\/li>\n\n\n\n<li>Laura Vicol, ancienne parlementaire, Tunisie<\/li>\n\n\n\n<li>Maria Grecea, ancienne d\u00e9put\u00e9e, Tunisie<\/li>\n\n\n\n<li>Maria Eugenia Barna, ancienne d\u00e9put\u00e9e, Roumanie<\/li>\n\n\n\n<li>Cristina Iurisniti, ancienne d\u00e9put\u00e9e, Roumanie<\/li>\n\n\n\n<li>Erica Deuber Ziegler, ancienne parlementaire, Suisse<\/li>\n\n\n\n<li>Elisabeth Naucl\u00e9r, experte ind\u00e9pendante, ancienne d\u00e9put\u00e9e, Finlande<\/li>\n\n\n\n<li>Lois Brown, ancienne d\u00e9put\u00e9e, Canada<\/li>\n\n\n\n<li>Besa Ismaili, ancienne parlementaire, Kosovo<\/li>\n\n\n\n<li>Bo\u017cena Kami\u0144ska, ancienne parlementaire, Pologne<\/li>\n\n\n\n<li>Monika Osmianskiene, ancienne d\u00e9put\u00e9e, Lituanie, Laisves partija, Lituanie<\/li>\n\n\n\n<li>Zohoor Alshghfi, pr\u00e9sidente du Parti de la Soci\u00e9t\u00e9 D\u00e9mocratique, Maroc<\/li>\n\n\n\n<li>Majida Al-Nuweishi, ancienne parlementaire, \u00c9gypte<\/li>\n\n\n\n<li>Lolita Ristova, ancienne parlementaire, Mac\u00e9doine du Nord<\/li>\n\n\n\n<li>Gaute B\u00f8rstad Skjerv\u00f8, ancien parlementaire, Norv\u00e8ge<\/li>\n\n\n\n<li>Dorien Rookmaker, ancienne d\u00e9put\u00e9e europ\u00e9enne, Pays-Bas<\/li>\n\n\n\n<li>Samire Khamis, ancienne ministre du Travail et des Affaires sociales du Y\u00e9men \/ actuelle membre du S\u00e9nat, Y\u00e9men<\/li>\n\n\n\n<li>Nadine Elmavari, ancienne diplomate y\u00e9m\u00e9nite et actuelle universitaire, Y\u00e9men<\/li>\n\n\n\n<li>Mayada Shreem, ancienne d\u00e9put\u00e9e, Jordanie<\/li>\n\n\n\n<li>Islam Al-Tabashat, ancienne d\u00e9put\u00e9e, Jordanie<\/li>\n\n\n\n<li>Asma Al-Rawahnah, ancienne d\u00e9put\u00e9e, Jordanie<\/li>\n\n\n\n<li>Tamam Al-Riyati, ancienne d\u00e9put\u00e9e, Jordanie<\/li>\n\n\n\n<li>Safaa Al-Momeni, ancienne d\u00e9put\u00e9e, Jordanie<\/li>\n\n\n\n<li>Rahaq Al-Zawahira, ancienne d\u00e9put\u00e9e, Jordanie<\/li>\n\n\n\n<li>Aisha Al-Hasanat, ancienne d\u00e9put\u00e9e, Jordanie<\/li>\n\n\n\n<li>Fayza Ghazibat, ancienne d\u00e9put\u00e9e, Jordanie<\/li>\n\n\n\n<li>Marwa Al-Saoub, ancienne d\u00e9put\u00e9e, Jordanie<\/li>\n\n\n\n<li>Zainab Al-Badool, ancienne d\u00e9put\u00e9e, Jordanie<\/li>\n\n\n\n<li>Rima Abu Al-Ais, ancienne d\u00e9put\u00e9e, Jordanie<\/li>\n\n\n\n<li>Abir Al-Jabour, ancienne d\u00e9put\u00e9e, Jordanie<\/li>\n\n\n\n<li>Fayza Al-Shahat, ancienne d\u00e9put\u00e9e, Jordanie<\/li>\n\n\n\n<li>Hadiya Al-Sarhan, ancienne d\u00e9put\u00e9e, Jordanie<\/li>\n\n\n\n<li>Ameneh Alghraghir, ancienne d\u00e9put\u00e9e, Jordanie<\/li>\n\n\n\n<li>Saba Aldardor, ancienne d\u00e9put\u00e9e, Jordanie<\/li>\n\n\n\n<li>Nariman Raoosan, ancienne parlementaire, Jordanie<\/li>\n\n\n\n<li>&nbsp;Najah Alezeh, d\u00e9put\u00e9e, Jordanie<\/li>\n\n\n\n<li>Neaim Alajaremeh, d\u00e9put\u00e9, Jordanie<\/li>\n<\/ol>\n\n\n\n<figure class=\"wp-block-image size-large\"><img decoding=\"async\" src=\"data:image\/gif;base64,R0lGODlhAQABAIAAAAAAAP\/\/\/yH5BAEAAAAALAAAAAABAAEAAAIBRAA7\" data-src=\"https:\/\/wncri.org\/fr\/wp-content\/uploads\/2025\/04\/NCRI-Women-IWD-Declaration-3-min-1024x492.jpg\" alt=\"La r\u00e9sistance des femmes iraniennes : Un appel mondial \u00e0 la solidarit\u00e9\" class=\"wp-image-22329 lazyload\"\/><noscript><img decoding=\"async\" width=\"1024\" height=\"492\" src=\"https:\/\/wncri.org\/fr\/wp-content\/uploads\/2025\/04\/NCRI-Women-IWD-Declaration-3-min-1024x492.jpg\" alt=\"La r\u00e9sistance des femmes iraniennes : Un appel mondial \u00e0 la solidarit\u00e9\" class=\"wp-image-22329 lazyload\" srcset=\"https:\/\/wncri.org\/fr\/wp-content\/uploads\/2025\/04\/NCRI-Women-IWD-Declaration-3-min-1024x492.jpg 1024w, https:\/\/wncri.org\/fr\/wp-content\/uploads\/2025\/04\/NCRI-Women-IWD-Declaration-3-min-300x144.jpg 300w, https:\/\/wncri.org\/fr\/wp-content\/uploads\/2025\/04\/NCRI-Women-IWD-Declaration-3-min-768x369.jpg 768w, https:\/\/wncri.org\/fr\/wp-content\/uploads\/2025\/04\/NCRI-Women-IWD-Declaration-3-min-750x360.jpg 750w, https:\/\/wncri.org\/fr\/wp-content\/uploads\/2025\/04\/NCRI-Women-IWD-Declaration-3-min-1140x547.jpg 1140w, https:\/\/wncri.org\/fr\/wp-content\/uploads\/2025\/04\/NCRI-Women-IWD-Declaration-3-min.jpg 1406w\" sizes=\"(max-width: 1024px) 100vw, 1024px\" \/><\/noscript><\/figure>\n\n\n\n<h3 class=\"wp-block-heading\"><strong>Responsables d\u2019organisations<\/strong><strong><\/strong><\/h3>\n\n\n\n<ol class=\"wp-block-list\">\n<li>Annette Lawson, ambassadrice honoraire, Ren\u00e9 Cassin ; pr\u00e9sidente du Judith Trust, Royaume-Uni<\/li>\n\n\n\n<li>Kiran Nazish, fondatrice et directrice de la Coalition pour les femmes dans le journalisme, \u00c9tats-Unis<\/li>\n\n\n\n<li>Marion Boeker, directrice\/fondatrice du cabinet de conseil pour les droits humains et les questions de genre, boeker-consult, Allemagne<\/li>\n\n\n\n<li>Yvonne Pokropek, vice-pr\u00e9sidente de l\u2019Alliance Internationale des Femmes, Su\u00e8de<\/li>\n\n\n\n<li>Justine Masika Bihamba, pr\u00e9sidente du Conseil d\u2019administration de la Synergie de Femmes pour les Victimes de Violences Sexuelles (SFVS), Congo<\/li>\n\n\n\n<li>Rania Hedadin, directrice du Centre jordanien Haddadin, Jordanie<\/li>\n\n\n\n<li>Almudena Bernabeu, directrice ex\u00e9cutive du Guernica Centre for International Justice, Espagne<\/li>\n\n\n\n<li>Alopi Latukefu, Edmund Rice Centre for Justice and Community Education, Australie<\/li>\n\n\n\n<li>Brian Medway, pr\u00e9sident national du Crosslink Christian Network Australia, Australie<\/li>\n\n\n\n<li>R\u00e9v\u00e9rend Bill Crews, Bill Crews Foundation, Australie<\/li>\n\n\n\n<li>P\u00e8re Claude Mostowik msc, pr\u00e9sident de Pax Christi Australia, Australie<\/li>\n\n\n\n<li>Melanie O&#8217;Brien, pr\u00e9sidente de l\u2019Association Internationale des \u00c9tudes sur le G\u00e9nocide (IAGS), Australie<\/li>\n\n\n\n<li>Melinda Tankard Reist, autrice, journaliste, conf\u00e9renci\u00e8re et militante, Australie<\/li>\n\n\n\n<li>Andreja Valic Zver, directrice de l\u2019Institut dr. Jo\u017ee Pu\u010dnik, Slov\u00e9nie<\/li>\n\n\n\n<li>Nuriya Hafzi, pr\u00e9sidente de l\u2019Union Nationale des Femmes d\u2019Alg\u00e9rie et avocate, Alg\u00e9rie<\/li>\n\n\n\n<li>Simone Thomas, repr\u00e9sentante des femmes de la ville de Fribourg, Allemagne<\/li>\n\n\n\n<li>Olatorera Majekodunmi-Oniru, ancienne candidate au S\u00e9nat nig\u00e9rian, \u00c9tats-Unis<\/li>\n\n\n\n<li>Maria D. Bermudez, directrice de &#8220;The Democracy Experiment Institute&#8221;, chercheuse \u00e0 l\u2019Universit\u00e9 de Californie, \u00c9tats-Unis<\/li>\n\n\n\n<li>Sung Sohn, cofondatrice et directrice ex\u00e9cutive (Education For Social Justice Foundation), \u00c9tats-Unis<\/li>\n\n\n\n<li>Mara Tissera Luna, fondatrice de LAMAS, membre du Conseil Latino-Am\u00e9ricain des Sciences Sociales (CLACSO), \u00c9tats-Unis<\/li>\n\n\n\n<li>Stephanie Barwise KC, avocate, \u00c9tats-Unis<\/li>\n\n\n\n<li>Tracy Edwards MBE, fondatrice de The Maiden Factor, Royaume-Uni<\/li>\n\n\n\n<li>Sarah Magill, directrice g\u00e9n\u00e9rale de Free From Fear ; avocate au Lincoln House Chambers, Royaume-Uni<\/li>\n\n\n\n<li>Kate Mackintosh, directrice ex\u00e9cutive du Promise Institute Europe, UCLA ; Royaume-Uni<\/li>\n\n\n\n<li>Jean Hatchet, autrice, cofondatrice de Twelve0Five, Royaume-Uni<\/li>\n\n\n\n<li>Sara Wahedi, PDG et fondatrice de deux startups de civic tech en Afghanistan, Royaume-Uni<\/li>\n\n\n\n<li>Valerie Corbett, directrice de la Corbett Foundation, Royaume-Uni<\/li>\n\n\n\n<li>Heritage Sanmi-Lawal, fondatrice de Her Dream Initiative UK, Royaume-Uni<\/li>\n\n\n\n<li>Anna Zobnina, directrice strat\u00e9gique et ex\u00e9cutive, Royaume-Uni<\/li>\n\n\n\n<li>Maria Dmytriyeva, directrice des programmes d\u2019une OSC, Ukraine<\/li>\n\n\n\n<li>Anastasiia Nenka, directrice du Centre consultatif d\u2019information pour les femmes (WICC), Ukraine<\/li>\n\n\n\n<li>Anila Ali, pr\u00e9sidente-directrice g\u00e9n\u00e9rale du Conseil pour l\u2019autonomisation des femmes musulmanes et interconfessionnelles des \u00c9tats-Unis, Ukraine<\/li>\n\n\n\n<li>Ethel Brooks, pr\u00e9sidente du d\u00e9partement des \u00e9tudes sur les femmes, le genre et la sexualit\u00e9, Rutgers University, \u00c9tats-Unis<\/li>\n\n\n\n<li>Susana S\u00e1Couto, directrice du Bureau de recherche sur les crimes de guerre (WCRO), American University Washington College of Law (AUWCL), \u00c9tats-Unis<\/li>\n\n\n\n<li>Hannah R. Garry, directrice ex\u00e9cutive du Promise Institute for Human Rights \u00e0 la UCLA Law School, \u00c9tats-Unis<\/li>\n\n\n\n<li>Jane E. Durgom-Powers, PDG et fondatrice de Families of the Missing (FOM), \u00c9tats-Unis<\/li>\n\n\n\n<li>Ellen J. Kennedy, directrice ex\u00e9cutive de World Without Genocide, \u00c9tats-Unis<\/li>\n\n\n\n<li>Margaret Paul, pr\u00e9sidente de Inner Bonding\u00ae Educational Technologies, Inc., \u00c9tats-Unis<\/li>\n\n\n\n<li>Charli Carpenter, directrice du Human Security Lab et professeure de relations internationales \u00e0 l\u2019Universit\u00e9 du Massachusetts Amherst, \u00c9tats-Unis<\/li>\n\n\n\n<li>Rebecca A. Shoot, directrice ex\u00e9cutive de Citizens for Global Solutions, \u00c9tats-Unis<\/li>\n\n\n\n<li>Katya Salazar, directrice ex\u00e9cutive de la Due Process of Law Foundation (DPLF), \u00c9tats-Unis<\/li>\n\n\n\n<li>Karine Omry, cofondatrice du Death Row Soul Collective, \u00c9tats-Unis<\/li>\n\n\n\n<li>Christy Fujio, directrice ex\u00e9cutive de Synergy for Justice, \u00c9tats-Unis<\/li>\n\n\n\n<li>Clare M. Lopez, fondatrice\/pr\u00e9sidente de Lopez Liberty LLC, \u00c9tats-Unis<\/li>\n\n\n\n<li>Alessandra Zini, F\u00e9d\u00e9ration italienne pour les droits humains, Italie<\/li>\n\n\n\n<li>Eleonora Mongelli, vice-pr\u00e9sidente de la F\u00e9d\u00e9ration italienne pour les droits humains (FIDU), Italie<\/li>\n\n\n\n<li>Antonio Stango, pr\u00e9sident de la F\u00e9d\u00e9ration italienne pour les droits humains &#8211; FIDU, Italie<\/li>\n\n\n\n<li>Ilva Fontana, pr\u00e9sidente de l&#8217;Association culturelle &#8211; metteuse en sc\u00e8ne de th\u00e9\u00e2tre et de cin\u00e9ma, Italie<\/li>\n\n\n\n<li>Arianna Pigini, pr\u00e9sidente et fondatrice de l&#8217;association Embrace of the Mediterranean, Italie<\/li>\n\n\n\n<li>Marita Rosa, responsable de l&#8217;Association culturelle, Italie<\/li>\n\n\n\n<li>Maria de Jesus Requena, pr\u00e9sidente de l&#8217;Association v\u00e9n\u00e9zu\u00e9lienne dans la province, Italie<\/li>\n\n\n\n<li>Simona Pedroli, pr\u00e9sidente de l&#8217;Association pour l\u2019\u00e9limination de la violence contre les femmes dans la province, Italie<\/li>\n\n\n\n<li>Mehriban Zeynalova, directrice g\u00e9n\u00e9rale de \u00ab Clean World \u00bb Aid to Women, Italie<\/li>\n\n\n\n<li>Mabel Bianco, MD MPH, pr\u00e9sidente de FEIM, co-pr\u00e9sidente de l\u2019ONG CSW LAC, Azerba\u00efdjan<\/li>\n\n\n\n<li>Katrin Bornmueller, pr\u00e9sidente honoraire de l\u2019association IGFM, la plus grande association nationale de d\u00e9fense des droits humains en Allemagne, Argentine<\/li>\n\n\n\n<li>Karin Schnebel, directrice de l\u2019Institut des sciences sociales de Munich, Allemagne<\/li>\n\n\n\n<li>Heike Spohr, m\u00e9diatrice, consultante, facilitatrice\/mod\u00e9ratrice, Allemagne<\/li>\n\n\n\n<li>Wolfgang Holzapfel, pr\u00e9sident de l\u2019Association allemande du 17 juin, Allemagne<\/li>\n\n\n\n<li>Virginie Coulloudon, journaliste ind\u00e9pendante, auteure, Allemagne<\/li>\n\n\n\n<li>Sharon Byrne, directrice ex\u00e9cutive &#8211; Women\u2019s Liberation Front, \u00c9tats-Unis<\/li>\n\n\n\n<li>Somayeh Aljouder, pr\u00e9sidente de l\u2019Union des femmes de Bahre\u00efn, ancienne parlementaire<\/li>\n\n\n\n<li>Taciana Niadbaj, po\u00e9tesse, d\u00e9fenseure des droits humains, directrice ex\u00e9cutive de Pen Belarus<\/li>\n\n\n\n<li>Olivia Hope, directrice ex\u00e9cutive de Penal Reform International, Belgique<\/li>\n\n\n\n<li>Teresa Pizarro Beleza, professeure de droit (NOVA School of Law), Portugal<\/li>\n\n\n\n<li>Gloria Cano, directrice d\u2019APRODEH (Association pro droits humains), P\u00e9rou<\/li>\n\n\n\n<li>Emilie Palamy Pradichit, fondatrice et directrice ex\u00e9cutive de Manushya Foundation, Tha\u00eflande<\/li>\n\n\n\n<li>M\u00e9lanie Sonhaye-Kombate, directrice des programmes et du plaidoyer, R\u00e9seau ouest-africain des d\u00e9fenseurs des droits humains (ROADDH), Togo<\/li>\n\n\n\n<li>Haya Al-Raisi, pr\u00e9sidente de l\u2019ONG pour la d\u00e9fense des droits des femmes, Tunisie<\/li>\n\n\n\n<li>Mohammed Mostafa, directeur ex\u00e9cutif de l\u2019Association Intersection pour les droits et les libert\u00e9s,<\/li>\n\n\n\n<li>Trine Quist, Association danoise des assistants sociaux, Danemark<\/li>\n\n\n\n<li>Thorkil Jansen, pr\u00e9sident de 3F Transport, Logistique &amp; Construction, Danemark<\/li>\n\n\n\n<li>Randi Smitsdorf, 3F &#8211; Aarhus Rymarken syndicat, Danemark<\/li>\n\n\n\n<li>Fliin Modsen, Fodevareforbundet NNF Ostjylland, Danemark<\/li>\n\n\n\n<li>Lene Holm, Aarhus Rymarken syndicat, Danemark<\/li>\n\n\n\n<li>Lars Brgaard, Metal Ostjyhand, Danemark<\/li>\n\n\n\n<li>Ana Ludusan, pr\u00e9sidente de l\u2019association LADO, branche de Cluj, Roumanie<\/li>\n\n\n\n<li>Andreea Rusu, directrice ex\u00e9cutive du Centre FILIA, Roumanie<\/li>\n\n\n\n<li>Aurora Ciuc\u0103, pr\u00e9sidente de l\u2019association \u00ab Vespasian V. Pella \u00bb, Roumanie<\/li>\n\n\n\n<li>M. Bogdan Hossu, pr\u00e9sident du syndicat Cartel Alfa, Roumanie<\/li>\n\n\n\n<li>M. Omar Ahmad Mohssen, pr\u00e9sident de l\u2019Association de la communaut\u00e9 libre, Roumanie<\/li>\n\n\n\n<li>Claire Mahon, directrice ex\u00e9cutive de Global Human Rights Group, Nouvelle-Z\u00e9lande<\/li>\n\n\n\n<li>Jihan Al-Mashaan, avocate, Syrie<\/li>\n\n\n\n<li>Faten Ramzan, pr\u00e9sidente du Centre pour les droits humains inconditionnels, Syrie<\/li>\n\n\n\n<li>Mazan Morshed, \u00e9crivain et journaliste \u2013 pr\u00e9sident de l\u2019Association syrienne de la presse, Syrie<br>Nissan Babeli, pr\u00e9sident de l\u2019Association des droits de l\u2019homme, Syrie<\/li>\n\n\n\n<li>Hind Qubawat, pr\u00e9sidente de l\u2019ONG Organisation syrienne ind\u00e9pendante, Syrie<\/li>\n\n\n\n<li>Sara Mardini, d\u00e9fenseure des droits humains, Syrie<\/li>\n\n\n\n<li>Faten Ramedan, pr\u00e9sidente du Conseil de l\u2019Organisation internationale du droit sans fronti\u00e8res, Syrie<\/li>\n\n\n\n<li>Sanna Wolk, pr\u00e9sidente de l\u2019Association des Nations Unies de Su\u00e8de ; conseill\u00e8re sp\u00e9ciale ; professeure, Su\u00e8de<\/li>\n\n\n\n<li>Sibylle von Heydebrand, avocate \/ vice-pr\u00e9sidente ex\u00e9cutive de l\u2019Alliance internationale des femmes, Suisse<\/li>\n\n\n\n<li>Anaam Al-Dulaimi, pr\u00e9sidente de l\u2019Association Women\u2019s Core, Irak<\/li>\n\n\n\n<li>Amal Al-Habbouri, pr\u00e9sidente du R\u00e9seau r\u00e9gional pour le d\u00e9veloppement d\u00e9mocratique et les droits humains, Irak<\/li>\n\n\n\n<li>Serkol Al-Jaf, membre du comit\u00e9 \u00e9ditorial de l\u2019Agence de presse Al-Hammurabi, Irak<\/li>\n\n\n\n<li>Sandos Alhasani, directrice de l\u2019Organisation internationale des femmes irakiennes, Irak<\/li>\n\n\n\n<li>Hoda Naeimi, pr\u00e9sidente du Centre \u00e9mirati de recherche scientifique, Irak<\/li>\n\n\n\n<li>Pascale Mesnil, pr\u00e9sidente de l\u2019Union europ\u00e9enne des femmes, France<\/li>\n\n\n\n<li>\u00c9lise Le Gall, pr\u00e9sidente de l\u2019Association fran\u00e7aise pour la promotion de la comp\u00e9tence universelle, membre de la liste des conseils pour la Cour p\u00e9nale internationale (CPI), France<\/li>\n\n\n\n<li>Ghada Hatem-Gantzer, directrice de La Maison des femmes, France<\/li>\n\n\n\n<li>C\u00e9line Beauregard, journaliste et biographe, France<\/li>\n\n\n\n<li>Fran\u00e7oise S\u00e8me Wallon, secr\u00e9taire nationale de l\u2019Union europ\u00e9enne f\u00e9minine, France<\/li>\n\n\n\n<li>Corina Mitterrand, Fondation Danielle Mitterrand, France<\/li>\n\n\n\n<li>Muriel Ub\u00e9da-Saillard, professeure en droit international &amp; ancienne vice-pr\u00e9sidente des affaires juridiques \u00e0 l\u2019Universit\u00e9 de Lille, France<\/li>\n\n\n\n<li>Muriel R\u00e9us, pr\u00e9sidente de Femmes avec&#8230; colonelle de gendarmerie, chevali\u00e8re de la L\u00e9gion d\u2019honneur et m\u00e9daill\u00e9e de la d\u00e9fense nationale, France<\/li>\n\n\n\n<li>Victoria Hernandez Valcarcel, membre du Conseil europ\u00e9en de l\u2019innovation, jury d\u2019investissement &amp; ambassadrice de l\u2019EIC, France<\/li>\n\n\n\n<li>Emmanuelle Tourme Jouannet, professeure de droit international \u00e0 Sciences Po Paris, France<\/li>\n\n\n\n<li>Amina Mohamed, fondatrice et directrice ex\u00e9cutive de Cameras For Girls, conf\u00e9renci\u00e8re, Canada<\/li>\n\n\n\n<li>Hilary Earl, directrice du Centre pour l\u2019\u00e9tude de la violence d\u2019\u00c9tat, Universit\u00e9 Nipissing, Canada<\/li>\n\n\n\n<li>Alison Brown, pr\u00e9sidente de l\u2019Alliance internationale des femmes, Canada<\/li>\n\n\n\n<li>Megan Walker, militante contre les violences masculines et les f\u00e9minicides, ancienne directrice ex\u00e9cutive du Centre pour femmes violent\u00e9es de London (Ontario), Canada<\/li>\n\n\n\n<li>Monique Auguste, ancienne pr\u00e9sidente de Women Against Fundamentalism and for Equality (WAFE), Canada<\/li>\n\n\n\n<li>Anisa Naqrashi, responsable de l\u2019Association internationale pour la protection des mineures, Maroc<\/li>\n\n\n\n<li>Ada Lassen-Urdahl, secr\u00e9taire internationale, AUF &#8211; Ligue des jeunes travailleurs, Norv\u00e8ge<br>Jack Sch\u00f8nberg, secr\u00e9taire international du Parti socialiste des jeunes de Norv\u00e8ge<\/li>\n\n\n\n<li>Linnea Sandsberg, vice-pr\u00e9sidente de la jeunesse socialiste, Norv\u00e8ge<\/li>\n\n\n\n<li>Najma Ahmed, vice-pr\u00e9sidente du Parti socialiste des jeunes de Norv\u00e8ge<\/li>\n\n\n\n<li>Efe Johnson, fondatrice de XariAfrica Academy, Norv\u00e8ge<\/li>\n\n\n\n<li>Hannan Abdullatif, directrice r\u00e9gionale, Alrafidain Center for Justice and Human Rights, Pays-Bas<\/li>\n\n\n\n<li>Suzanne Hoff, coordinatrice internationale de La Strada International &#8211; Plateforme europ\u00e9enne contre la traite des \u00eatres humains, Pays-Bas<br>Ranjana Kumari, directrice du Center For Social Research, Inde<\/li>\n\n\n\n<li>Ronita Ghosh, pr\u00e9sidente de la Chambre mondiale pour le commerce social (WCSB), Inde<\/li>\n\n\n\n<li>Savita Pawnday, directrice ex\u00e9cutive du Global Centre for the Responsibility to Protect (GCR2P), Inde<\/li>\n\n\n\n<li>Umm Al-Salam Abdullah Al-Hajj, pr\u00e9sidente de l\u2019Association des femmes enlev\u00e9es, Y\u00e9men<\/li>\n\n\n\n<li>Al-Fut Al-Dubai, pr\u00e9sidente de l\u2019Association des femmes y\u00e9m\u00e9nites<\/li>\n\n\n\n<li>Zafran Zayed, directrice de l\u2019Organisation pour l\u2019autonomisation des femmes y\u00e9m\u00e9nites<\/li>\n\n\n\n<li>Midia Abdullah, pr\u00e9sidente de l\u2019Organisation des femmes syriennes pour la justice transitionnelle<\/li>\n\n\n\n<li>Nora Aljarvy, responsable de la Coalition des femmes pour la paix, Y\u00e9men<\/li>\n\n\n\n<li>Alison Brown, pr\u00e9sidente de l\u2019Alliance internationale des femmes, \u00c9tats-Unis<\/li>\n\n\n\n<li>Anwar Albunni, cofondateur du Centre syrien pour les \u00e9tudes et la recherche juridiques, Allemagne<\/li>\n\n\n\n<li>Mohammed Alaw, militant des droits humains et des m\u00e9dias bas\u00e9 \u00e0 New York, Association Ma\u2019onah pour les droits humains et l\u2019immigration (AMHRI), \u00c9tats-Unis \u2013 Y\u00e9men<\/li>\n\n\n\n<li>Fl\u00f3ra Reiter, responsable de projets de l\u2019association Femine Fortis, Slovaquie<\/li>\n\n\n\n<li>Margaret Owen, pr\u00e9sidente de l\u2019Association des veuves, Royaume-Uni<\/li>\n\n\n\n<li>Peter Tatchell, PDG de la Peter Tatchell Foundation, Royaume-Uni<\/li>\n\n\n\n<li>Nancy Al-Laqis, Fundaci\u00f3n Estudio e Investigaci\u00f3n de la Mujer (FEIM), Argentine<\/li>\n\n\n\n<li>Madalena Casaca, correctrice, chercheuse | South Asia Democratic Forum, Portugal<\/li>\n\n\n\n<li>Nadine Al-Mawari, journaliste et \u00e9crivaine, Liban<\/li>\n\n\n\n<li>Nilli Ghandil, membre du Conseil libanais du salut, Liban<\/li>\n\n\n\n<li>Fabyola Badwi, \u00e9crivaine et journaliste, \u00c9gypte<\/li>\n\n\n\n<li>Nora Aljarvy, cheffe de la Coalition des femmes pour la paix, Y\u00e9men<\/li>\n<\/ol>\n\n\n\n<figure class=\"wp-block-image size-large\"><img decoding=\"async\" src=\"data:image\/gif;base64,R0lGODlhAQABAIAAAAAAAP\/\/\/yH5BAEAAAAALAAAAAABAAEAAAIBRAA7\" data-src=\"https:\/\/wncri.org\/fr\/wp-content\/uploads\/2025\/04\/NCRI-Women-IWD-Declaration-7-min-1024x492.jpg\" alt=\"La r\u00e9sistance des femmes iraniennes : Un appel mondial \u00e0 la solidarit\u00e9\" class=\"wp-image-22333 lazyload\"\/><noscript><img decoding=\"async\" width=\"1024\" height=\"492\" src=\"https:\/\/wncri.org\/fr\/wp-content\/uploads\/2025\/04\/NCRI-Women-IWD-Declaration-7-min-1024x492.jpg\" alt=\"La r\u00e9sistance des femmes iraniennes : Un appel mondial \u00e0 la solidarit\u00e9\" class=\"wp-image-22333 lazyload\" srcset=\"https:\/\/wncri.org\/fr\/wp-content\/uploads\/2025\/04\/NCRI-Women-IWD-Declaration-7-min-1024x492.jpg 1024w, https:\/\/wncri.org\/fr\/wp-content\/uploads\/2025\/04\/NCRI-Women-IWD-Declaration-7-min-300x144.jpg 300w, https:\/\/wncri.org\/fr\/wp-content\/uploads\/2025\/04\/NCRI-Women-IWD-Declaration-7-min-768x369.jpg 768w, https:\/\/wncri.org\/fr\/wp-content\/uploads\/2025\/04\/NCRI-Women-IWD-Declaration-7-min-750x360.jpg 750w, https:\/\/wncri.org\/fr\/wp-content\/uploads\/2025\/04\/NCRI-Women-IWD-Declaration-7-min-1140x547.jpg 1140w, https:\/\/wncri.org\/fr\/wp-content\/uploads\/2025\/04\/NCRI-Women-IWD-Declaration-7-min.jpg 1406w\" sizes=\"(max-width: 1024px) 100vw, 1024px\" \/><\/noscript><\/figure>\n\n\n\n<h3 class=\"wp-block-heading\"><strong>Expertes acad\u00e9miques<\/strong><strong><\/strong><\/h3>\n\n\n\n<ol class=\"wp-block-list\">\n<li>Rosa Ana Alija Fern\u00e1ndez, professeure associ\u00e9e de droit international, Universit\u00e9 de Barcelone, Espagne&nbsp;<\/li>\n\n\n\n<li>Carmen M\u00e1rquez-Carrasco, professeure de droit international public et de relations internationales, Universit\u00e9 de S\u00e9ville, Espagne&nbsp;<\/li>\n\n\n\n<li>Elaine Arnull, doyenne associ\u00e9e, Universit\u00e9 de Wolverhampton, Royaume-Uni&nbsp;<\/li>\n\n\n\n<li>Andrea Maria Pelliconi, charg\u00e9e de cours en droit des droits humains, Universit\u00e9 de Southampton, Royaume-Uni&nbsp;<\/li>\n\n\n\n<li>Sarah Annes Brown, professeure, Universit\u00e9 Anglia Ruskin, Royaume-Uni&nbsp;<\/li>\n\n\n\n<li>Suzanne Franks, D\u00e9partement de journalisme, \u00c9cole de la communication et de la cr\u00e9ativit\u00e9, Royaume-Uni&nbsp;<\/li>\n\n\n\n<li>Marie Fox, titulaire de la chaire Queen Victoria de droit, \u00c9cole de droit et de justice sociale, Universit\u00e9 de Liverpool, Royaume-Uni&nbsp;<\/li>\n\n\n\n<li>Natasha Lindstaedt, doyenne de la facult\u00e9 d&#8217;\u00e9ducation (sciences sociales de 1er cycle), D\u00e9partement de gouvernement, Universit\u00e9 d\u2019Essex, Royaume-Uni&nbsp;<\/li>\n\n\n\n<li>Professeur Nicholas Oulton, chercheur principal invit\u00e9, Centre de performance \u00e9conomique de la LSE, Royaume-Uni&nbsp;<\/li>\n\n\n\n<li>Alia Brahimi, chercheuse principale, Atlantic Council, Royaume-Uni&nbsp;<\/li>\n\n\n\n<li>Katerina Hatzikidi, chercheuse postdoctorale, Universit\u00e9 Eberhard Karls de T\u00fcbingen (Allemagne), Royaume-Uni&nbsp;<\/li>\n\n\n\n<li>Hilary Burrage, militante des droits humains et auteure, Royaume-Uni&nbsp;<\/li>\n\n\n\n<li>Perla Sousi, professeure, Universit\u00e9 de Cambridge, Royaume-Uni&nbsp;<\/li>\n\n\n\n<li>Julia Bray, professeure \u00e9m\u00e9rite d\u2019arabe, Universit\u00e9 d\u2019Oxford, Royaume-Uni&nbsp;<\/li>\n\n\n\n<li>Eve Zucker, charg\u00e9e de cours, Universit\u00e9 Yale, \u00c9tats-Unis&nbsp;<\/li>\n\n\n\n<li>Deb\u00f3rah Dwork, directrice du Centre pour l\u2019\u00e9tude de l\u2019Holocauste, des g\u00e9nocides et des crimes contre l\u2019humanit\u00e9, Graduate Center \u2013 Universit\u00e9 de la ville de New York (CUNY), \u00c9tats-Unis&nbsp;<\/li>\n\n\n\n<li>Luz E. Nagle, professeure \u00e9m\u00e9rite de droit, Stetson University College of Law, \u00c9tats-Unis&nbsp;<\/li>\n\n\n\n<li>Naomi Roht-Arriaza, professeure \u00e9m\u00e9rite distingu\u00e9e de droit, UC Law San Francisco, \u00c9tats-Unis&nbsp;<\/li>\n\n\n\n<li>Donna Divine, titulaire de la chaire Morningstar Family en \u00e9tudes juives et professeure \u00e9m\u00e9rite de sciences politiques, Smith College, \u00c9tats-Unis&nbsp;<\/li>\n\n\n\n<li>Mireille Rebeiz, directrice des \u00e9tudes du Moyen-Orient et professeure associ\u00e9e, Dickinson College, \u00c9tats-Unis&nbsp;<\/li>\n\n\n\n<li>Victoria Sanford, fondatrice et directrice du Centre pour les droits humains et les \u00e9tudes sur la paix, Lehman College \u2013 Universit\u00e9 de la ville de New York (CUNY), \u00c9tats-Unis&nbsp;<\/li>\n\n\n\n<li>Susan O&#8217;Malley, professeure \u00e9m\u00e9rite d\u2019anglais, Universit\u00e9 de la ville de New York, \u00c9tats-Unis&nbsp;<\/li>\n\n\n\n<li>Laurel E. Fletcher, professeure clinique de droit (titulaire de la chaire du chancelier), Universit\u00e9 de Californie, Berkeley, \u00c9tats-Unis&nbsp;<\/li>\n\n\n\n<li>Gabriella Catalini, professeure adjointe, D\u00e9partement des \u00e9tudes juridiques, Universit\u00e9 de Bologne, Italie&nbsp;<\/li>\n\n\n\n<li>Martha Bradley, professeure associ\u00e9e de droit international public et de droit international humanitaire, Universit\u00e9 de Johannesburg, Afrique du Sud&nbsp;<\/li>\n\n\n\n<li>Susanne Brandtst\u00e4dter, professeure et titulaire de la chaire d\u2019anthropologie de la mondialisation, Universit\u00e9 de Cologne, Allemagne&nbsp;<\/li>\n\n\n\n<li>Donna M. Hughes, professeure \u00e9m\u00e9rite, Universit\u00e9 de Rhode Island, \u00c9tats-Unis&nbsp;<\/li>\n\n\n\n<li>Gwendolyn Hubka Albert, militante ind\u00e9pendante des droits humains, Tch\u00e9quie&nbsp;<\/li>\n\n\n\n<li>Anja Matwijkiw, professeure d\u2019\u00e9thique et de droits humains, laur\u00e9ate 2024\u20132025 du programme de bourse pr\u00e9sidentielle des arts et sciences humaines, Indiana University Northwest, Danemark&nbsp;<\/li>\n\n\n\n<li>Lena Wahlberg, professeure associ\u00e9e de jurisprudence, Universit\u00e9 de Lund, Su\u00e8de&nbsp;<\/li>\n\n\n\n<li>Maria Neus Torbisco-Casals, professeure adjointe et chercheuse principale, Centre Albert Hirschman pour la d\u00e9mocratie, Institut de hautes \u00e9tudes internationales et du d\u00e9veloppement de Gen\u00e8ve, Suisse&nbsp;<\/li>\n\n\n\n<li>Christiane Perregaux, professeure honoraire, Universit\u00e9 de Gen\u00e8ve, Suisse&nbsp;<\/li>\n\n\n\n<li>Erica Lawson, professeure associ\u00e9e en \u00e9tudes de genre, sexualit\u00e9 et femmes, Universit\u00e9 Western, Canada&nbsp;<\/li>\n\n\n\n<li>Amanda Grzyb, professeure en \u00e9tudes de l&#8217;information et des m\u00e9dias, Universit\u00e9 Western, Canada&nbsp;<\/li>\n\n\n\n<li>Penelope Simons, professeure, Canada&nbsp;<\/li>\n\n\n\n<li>Rebecca Cook, professeure \u00e9m\u00e9rite, facult\u00e9 de droit, Universit\u00e9 de Toronto, Canada&nbsp;<\/li>\n\n\n\n<li>Constance Backhouse, professeure distingu\u00e9e et titulaire de la chaire de recherche universitaire, facult\u00e9 de droit, Universit\u00e9 d&#8217;Ottawa, Canada&nbsp;<\/li>\n\n\n\n<li>Lia Tsuladze, professeure associ\u00e9e, Universit\u00e9 d\u2019\u00c9tat de Tbilissi, G\u00e9orgie&nbsp;<\/li>\n\n\n\n<li>Caroline Bennett, professeure adjointe en anthropologie sociale et d\u00e9veloppement international, Universit\u00e9 du Sussex, Nouvelle-Z\u00e9lande&nbsp;<\/li>\n\n\n\n<li>Brianne McGonigle Leyh, professeure associ\u00e9e en droits humains et justice mondiale, Universit\u00e9 d\u2019Utrecht, Pays-Bas&nbsp;<\/li>\n\n\n\n<li>Liesbeth Zegveld, professeure de r\u00e9parations de guerre, Centre d\u2019Amsterdam pour le droit international (ACIL), Universit\u00e9 d\u2019Amsterdam ; fondatrice de la Fondation Nuhanovic, Pays-Bas&nbsp;<\/li>\n\n\n\n<li>Trudy Dehue, professeure \u00e9m\u00e9rite, Pays-Bas&nbsp;<\/li>\n\n\n\n<li>Lucia van den Brink, \u00e9crivaine et entrepreneure, Pays-Bas&nbsp;<\/li>\n\n\n\n<li>Marieke De Hoon, professeure de droit p\u00e9nal international, Universit\u00e9 d\u2019Amsterdam, Pays-Bas&nbsp;<\/li>\n<\/ol>\n\n\n\n<h3 class=\"wp-block-heading\"><strong>Maires et conseill\u00e8res <\/strong><strong><\/strong><\/h3>\n\n\n\n<ol class=\"wp-block-list\">\n<li>Ernesta Zucco, Maire, Pays de Galles<\/li>\n\n\n\n<li>Biagiana Cartosio, Maire, Pays de Galles<\/li>\n\n\n\n<li>Enrica Di Iesi, Conseill\u00e8re du maire, Italie<\/li>\n\n\n\n<li>Iosi Macagno, Maire adjointe, Italie<\/li>\n\n\n\n<li>Nadia Martini, Maire adjointe, Italie<\/li>\n\n\n\n<li>Nadia Tecco, Maire adjointe, Italie<\/li>\n\n\n\n<li>Susanna Preacco, Maire, Italie<\/li>\n\n\n\n<li>Nathalie Morgant, Maire de Parign\u00e9 L&#8217;Ev\u00eaque, Italie<\/li>\n\n\n\n<li>Claudine Botebol, Maire de Boule d&#8217;Amont, France<\/li>\n\n\n\n<li>Emmanuelle Gazel, Maire de Millau, France<\/li>\n\n\n\n<li>Aude Lagarde, Maire de Drancy, France<\/li>\n\n\n\n<li>Agn\u00e8s Audibert, Maire de Beaumont (07110), France<\/li>\n\n\n\n<li>Blandine Sarrazin, Maire de Le Barp, France<\/li>\n\n\n\n<li>Pascale Fortunat-Deschamps, Maire de Verg\u00e8ze, France<\/li>\n\n\n\n<li>Dani\u00e8le Fi\u00e9tier, Maire de Chateauvieux les Foss\u00e9s, France<\/li>\n\n\n\n<li>Dominique Gantiez, Maire de Houplin Ancoisne, France<\/li>\n\n\n\n<li>Janick L\u00e9ger, Maire de L\u00e9ry (27690), France<\/li>\n\n\n\n<li>Sandrine Gombert, Maire de Petite-For\u00eat (59494) &#8211; Conseill\u00e8re R\u00e9gionale (Hauts-de-France), France<\/li>\n\n\n\n<li>Fran\u00e7oise Louapre, Maire de Laill\u00e9, France<\/li>\n\n\n\n<li>Fr\u00e9d\u00e9rique Cambourieux, Maire, France<\/li>\n\n\n\n<li>Carole Canette, Maire de Fleury les Aubrais, France<\/li>\n\n\n\n<li>Lison Gleyses, Maire de Nailloux, France<\/li>\n\n\n\n<li>Martine Sorel, Maire, France<\/li>\n\n\n\n<li>Marie-Christine Thivant, Maire de Sorbiers, France<\/li>\n\n\n\n<li>No\u00ebllie Hestin, Maire de Sainte-Marie-aux-Mines, France<\/li>\n\n\n\n<li>V\u00e9ronique Onno, Maire de Mondonville, France<\/li>\n\n\n\n<li>Michelle Devanne, Maire de Pouzaugues, France<\/li>\n\n\n\n<li>S\u00e4de Tahvanainen, Pr\u00e9sidente du Conseil Municipal, Ville de Vantaa, Finlande<\/li>\n\n\n\n<li>Erica van Lente, Maire, Municipalit\u00e9 de Midden-Groningen, Pays-Bas<\/li>\n\n\n\n<li>Sietske Poepjes, Maire de la Municipalit\u00e9 n\u00e9erlandaise d&#8217;Olst-Wije, Pays-Bas<\/li>\n\n\n\n<li>Diana St\u00f6cker, Maire senior, Allemagne<\/li>\n\n\n\n<li>Anne Eves, Conseill\u00e8re, Royaume-Uni<\/li>\n\n\n\n<li>Angela Lawrence, Conseill\u00e8re de district West Lindsey, Royaume-Uni<\/li>\n\n\n\n<li>Cllr Pat Drewett, Conseill\u00e8re, Royaume-Uni<\/li>\n\n\n\n<li>Jean Parr, Conseill\u00e8re de la ville et du comt\u00e9 de Lancaster, Royaume-Uni<\/li>\n\n\n\n<li>Brennan, Conseill\u00e8re de Haringey, Royaume-Uni<\/li>\n\n\n\n<li>Mandie Shilton Godwin, Conseill\u00e8re, Royaume-Uni<\/li>\n\n\n\n<li>Jane Leicester, Conseill\u00e8re de Trafford, Royaume-Uni<\/li>\n\n\n\n<li>Zoe Van Dyke, Conseill\u00e8re, Royaume-Uni<\/li>\n\n\n\n<li>Sheila Peacock, Conseill\u00e8re, Royaume-Uni<\/li>\n\n\n\n<li>Angela Conder, Conseill\u00e8re de la ville, Royaume-Uni<\/li>\n\n\n\n<li>Andr\u00e9e Frieze, Conseill\u00e8re, Royaume-Uni<\/li>\n\n\n\n<li>Noemi Mallone, Membre du Conseil Municipal, Italie<\/li>\n\n\n\n<li>Stefania D&#8217;Ulisso, Membre du Conseil Municipal, Italie<\/li>\n\n\n\n<li>Fj\u00f3la Steind\u00f3ra Kristinsd\u00f3ttir, Ancienne Maire d&#8217;\u00c1rborg, Islande<\/li>\n\n\n\n<li>Elisabeth Loyant, Charg\u00e9e des droits des femmes, \u00e0 l&#8217;\u00e9galit\u00e9 et \u00e0 la lutte contre les discriminations \u00e0 Moissy-Cramayel, France<\/li>\n\n\n\n<li>Amelia Sisuelis, Maire adjointe de Marseille 2, France<\/li>\n\n\n\n<li>Anne Rajchman, Maire adjointe d&#8217;Arcueil, France<\/li>\n\n\n\n<li>Anne Chatelain Le Couriaud, Premi\u00e8re adjointe de la maire de Laill\u00e9, France<\/li>\n\n\n\n<li>Rachida Fahla, Responsable des droits des femmes \u00e0 la mairie de Maux, France<\/li>\n\n\n\n<li>Zakia Bouzidi, Adjointe au maire d&#8217;Aubervilliers, France<\/li>\n\n\n\n<li>Catherine Dehay, Adjointe au maire de Montreuil, France<\/li>\n\n\n\n<li>Camille Imhoff, Premi\u00e8re adjointe Sainte-Marie-aux-Mines, France<\/li>\n\n\n\n<li>Nad\u00e8ge Florentz, Conseill\u00e8re municipale d\u00e9l\u00e9gu\u00e9e aux affaires scolaires et \u00e0 la jeunesse Sainte-Marie-aux-Mines, France<\/li>\n\n\n\n<li>Vanina No\u00ebl, Conseill\u00e8re municipale, France<\/li>\n\n\n\n<li>Loreen Genthon, Maire adjointe aux droits des femmes &#8211; Nanterre, France<\/li>\n<\/ol>\n\n\n\n<h3 class=\"wp-block-heading\"><strong>Autres artistes et militantes <\/strong><strong><\/strong><\/h3>\n\n\n\n<ol class=\"wp-block-list\">\n<li>Christina-Maria Bammel, \u00c9v\u00eaque adjointe &#8211; Professeure de th\u00e9ologie, Allemagne<\/li>\n\n\n\n<li>Stine Lund, Pr\u00eatre, Danemark<\/li>\n\n\n\n<li>Patricia O\u2019Reilly, Pr\u00eatre, \u00c9tats-Unis<\/li>\n\n\n\n<li>Hathal Alobbaidi, Militante des droits humains, Irak<\/li>\n\n\n\n<li>Sharron Davies MBE, Nageuse, M\u00e9daill\u00e9e olympique, Royaume-Uni<\/li>\n\n\n\n<li>Elena Xanthoudakis, Soprano lyrique, Royaume-Uni<\/li>\n\n\n\n<li>Ms Tarazi Mohammed Sheikh, D\u00e9fenseure des droits humains, Bangladesh<\/li>\n\n\n\n<li>Rasha Rezgh, Artiste, Syrie<\/li>\n\n\n\n<li>Sara Alarak, Journaliste et \u00e9crivaine, Irak<\/li>\n\n\n\n<li>Amany Azzam, Irak<\/li>\n\n\n\n<li>Sawsan Mhanna, Journaliste, Liban<\/li>\n\n\n\n<li>Nancy Nessrine Lakiss, Journaliste et \u00e9crivaine, Liban<\/li>\n\n\n\n<li>Marianna R\u00f8e, Musicienne\/compositrice\/chanteuse, Norv\u00e8ge<\/li>\n\n\n\n<li>Bardis Al Siayeghi, Militante des droits humains et po\u00e9tesse, Y\u00e9men<\/li>\n\n\n\n<li>Nena Venetsanou, Artiste, Gr\u00e8ce<\/li>\n\n\n\n<li>Anca Lapusneanu, Journaliste, Roumanie<\/li>\n\n\n\n<li>Mandy Sanghera, Militante des droits des femmes, Royaume-Uni<\/li>\n\n\n\n<li>Sonila Sota, Coordinatrice de la recherche Coalition for Women In Journalism, Albanie<\/li>\n\n\n\n<li>Eva Jovanova, Assistante politique, Parlement de Mac\u00e9doine du Nord<\/li>\n\n\n\n<li>Emma-Jane Johnson, Australie<\/li>\n\n\n\n<li>Enik\u0151 T\u00e1m, Slovaquie<\/li>\n\n\n\n<li>Annam\u00e1ria Lakatos, Ing\u00e9nieure, Slovaquie<\/li>\n\n\n\n<li>Kinga V\u00e1lent, Slovaquie<\/li>\n\n\n\n<li>Christine Etzel, Militante des droits des femmes, Allemagne<\/li>\n\n\n\n<li>Tamar Rukhadze, Interpr\u00e8te Alliance Internationale des Femmes, Angleterre<\/li>\n\n\n\n<li>Andrea Carlise, Conseill\u00e8re juridique, \u00c9tats-Unis<\/li>\n\n\n\n<li>Susanne Riveles, Ancienne directrice de programme en Afrique subsaharienne, \u00c9tats-Unis<\/li>\n\n\n\n<li>Giorgia Pietropaoli, Professeure, journaliste et militante des droits humains &#8211; Italie<\/li>\n\n\n\n<li>Andrea Saber, Militante des droits des femmes et psychologue, Allemagne<\/li>\n\n\n\n<li>Samiha Nader, Orthophoniste, Mouvement politique f\u00e9ministe, Allemagne<\/li>\n\n\n\n<li>Tatiana Kotlyarenko, Experte en violence contre les femmes et les filles et traite des \u00eatres humains, \u00c9tats-Unis<\/li>\n\n\n\n<li>Fleur C. van Groningen, Journaliste, Belgique<\/li>\n\n\n\n<li>Sandrine Lefebvre-Reghay, Journaliste et \u00e9crivaine, France<\/li>\n\n\n\n<li>Gordon F. Henderson, Titulaire de la chaire en droits humains, Universit\u00e9 d&#8217;Ottawa, Canada<\/li>\n\n\n\n<li>Maciej Mandelt, D\u00e9fenseur des droits humains (Association NOMADA), Pologne<\/li>\n\n\n\n<li>Laoura Alipranti, Sociologue, Gr\u00e8ce<\/li>\n\n\n\n<li>Lassane Ouedraogo, Secr\u00e9taire &#8211; Africa Solidarity Centre Ireland (ASCI)<\/li>\n\n\n\n<li>Ria Patel, Conseill\u00e8re, Royaume-Uni<\/li>\n<\/ol>\n\n\n\n<h3 class=\"wp-block-heading\"><strong>Organisations <\/strong><strong><\/strong><\/h3>\n\n\n\n<ol class=\"wp-block-list\">\n<li>Centre contre la traite des \u00eatres humains et la violence sexuelle en conflit, Pays-Bas<\/li>\n\n\n\n<li>R\u00e9seau des d\u00e9fenseurs des droits humains de l&#8217;Afrique de l&#8217;Ouest<\/li>\n\n\n\n<li>Crosslink Christian Network, Australie<\/li>\n\n\n\n<li>Centre syrien d&#8217;\u00e9tudes et de recherches juridiques \u2013 Allemagne<\/li>\n\n\n\n<li>F\u00e9d\u00e9ration italienne des droits humains \u2013 FIDU<\/li>\n\n\n\n<li>ONG Hands Off Cain<\/li>\n\n\n\n<li>Freethinkers International \u2013 Pays-Bas<\/li>\n\n\n\n<li>Fondation I&#8217;d Fix \u2013 Pays-Bas<\/li>\n\n\n\n<li>L&#8217;chaim ! Juifs contre la peine de mort \u2013 \u00c9tats-Unis<\/li>\n\n\n\n<li>Intersection Association for Rights and Freedoms \u2013 Tunisie<\/li>\n\n\n\n<li>Free Syrian Association \u2013 Roumanie<\/li>\n\n\n\n<li>Country Association for Social Protection \u2013 Roumanie<\/li>\n\n\n\n<li>Association pour la d\u00e9fense des droits des apatrides et des r\u00e9fugi\u00e9s \u2013 Roumanie<\/li>\n<\/ol>\n\n\n\n<h3 class=\"wp-block-heading\"><strong>Avocates\/ Professeures d&#8217;universit\u00e9\/Responsables religieuses Royaume-Uni<\/strong><strong><\/strong><\/h3>\n\n\n\n<ol class=\"wp-block-list\">\n<li>Josie Fathers, Avocate<\/li>\n\n\n\n<li>Salma Duncan, Avocate<\/li>\n\n\n\n<li>Barbara Chobocky, R\u00e9alisatrice<\/li>\n\n\n\n<li>Dr Ayla Gol, Professeur d&#8217;universit\u00e9<\/li>\n\n\n\n<li>Dr Davina Miller, Professeur d&#8217;universit\u00e9<\/li>\n\n\n\n<li>Dr Jocelynne Annette Scutt, Professeur d&#8217;universit\u00e9 et \u00e9crivaine<\/li>\n\n\n\n<li>Maria Memoli, Avocate<\/li>\n\n\n\n<li>Nwabueze Nwokolo, Avocate<\/li>\n\n\n\n<li>Sarah Austin, Avocate<\/li>\n\n\n\n<li>Stephanie Boyce, Avocate<\/li>\n\n\n\n<li>Dr Amrita Mukherjee, Avocate<\/li>\n\n\n\n<li>Christina Rees, Commentatrice et Responsable religieuse<\/li>\n\n\n\n<li>Linda Lee, Avocate et ancienne Pr\u00e9sidente de la Law Society<\/li>\n\n\n\n<li>Prof. Sara Chandler KC, Avocate<\/li>\n\n\n\n<li>Margaret Owen OBE, Avocate et militante des droits des femmes<\/li>\n\n\n\n<li>Eunice Shang-Simpson, Avocate<\/li>\n\n\n\n<li>Pamela Robotham, Avocate<\/li>\n\n\n\n<li>Nicola Rubbert, Avocate<\/li>\n\n\n\n<li>Carolina Mar\u00edn Pedre\u00f1o, Avocate<\/li>\n<\/ol>\n\n\n\n<hr class=\"wp-block-separator has-alpha-channel-opacity\"\/>\n\n\n\n<p><a href=\"#_ftnref1\" id=\"_ftn1\">[1]<\/a> <strong><em>Note : Explication sur la loi \u00ab chastet\u00e9 et voile \u00bb<\/em><\/strong><\/p>\n\n\n\n<p><em>En vertu de cette loi, outre la police, la milice du Bassidj, le corps des pasdarans et le minist\u00e8re du renseignement, au moins 12 minist\u00e8res, les municipalit\u00e9s et de nombreux organes r\u00e9pressifs sont charg\u00e9s de son application.<\/em><\/p>\n\n\n\n<p><em>La loi impose des sanctions s\u00e9v\u00e8res aux femmes, aux chefs d&#8217;entreprise et aux fonctionnaires qui ne s&#8217;y conforment pas, notamment des suspensions d&#8217;emploi, de lourdes amendes, des pertes de revenus et, dans certains cas, des peines d&#8217;emprisonnement et de fouet. Les organisations publiques et les municipalit\u00e9s sont charg\u00e9es de surveiller les espaces publics, de faire respecter le voile et de punir la d\u00e9sob\u00e9issance.<\/em><\/p>\n\n\n\n<p><em>Ces mesures violent clairement les conventions internationales sur les droits civils, politiques et des femmes.<\/em><\/p>\n","protected":false},"excerpt":{"rendered":"<p>La r\u00e9sistance des femmes iraniennes : Un appel mondial \u00e0 la solidarit\u00e9 Dans une puissante d\u00e9claration d&#8217;unit\u00e9, 651 femmes \u00e9minentes, dont des anciennes chefs d&#8217;\u00c9tat, des ministres, des juristes et des d\u00e9fenseuses des droits de l&#8217;homme de plus de 80 pays, ont exprim\u00e9 leur soutien ind\u00e9fectible aux femmes iraniennes. Cette d\u00e9claration, remise \u00e0 Mme Maryam [&hellip;]<\/p>\n","protected":false},"author":4,"featured_media":22334,"comment_status":"closed","ping_status":"closed","sticky":false,"template":"","format":"standard","meta":{"jnews-multi-image_gallery":[],"jnews_single_post":{"format":"standard"},"jnews_primary_category":[],"jnews_social_meta":[],"jnews_override_counter":[],"footnotes":""},"categories":[9],"tags":[373],"class_list":["post-22326","post","type-post","status-publish","format-standard","has-post-thumbnail","hentry","category-documents","tag-le-leadership-des-femmes"],"_links":{"self":[{"href":"https:\/\/wncri.org\/fr\/wp-json\/wp\/v2\/posts\/22326","targetHints":{"allow":["GET"]}}],"collection":[{"href":"https:\/\/wncri.org\/fr\/wp-json\/wp\/v2\/posts"}],"about":[{"href":"https:\/\/wncri.org\/fr\/wp-json\/wp\/v2\/types\/post"}],"author":[{"embeddable":true,"href":"https:\/\/wncri.org\/fr\/wp-json\/wp\/v2\/users\/4"}],"replies":[{"embeddable":true,"href":"https:\/\/wncri.org\/fr\/wp-json\/wp\/v2\/comments?post=22326"}],"version-history":[{"count":9,"href":"https:\/\/wncri.org\/fr\/wp-json\/wp\/v2\/posts\/22326\/revisions"}],"predecessor-version":[{"id":22345,"href":"https:\/\/wncri.org\/fr\/wp-json\/wp\/v2\/posts\/22326\/revisions\/22345"}],"wp:featuredmedia":[{"embeddable":true,"href":"https:\/\/wncri.org\/fr\/wp-json\/wp\/v2\/media\/22334"}],"wp:attachment":[{"href":"https:\/\/wncri.org\/fr\/wp-json\/wp\/v2\/media?parent=22326"}],"wp:term":[{"taxonomy":"category","embeddable":true,"href":"https:\/\/wncri.org\/fr\/wp-json\/wp\/v2\/categories?post=22326"},{"taxonomy":"post_tag","embeddable":true,"href":"https:\/\/wncri.org\/fr\/wp-json\/wp\/v2\/tags?post=22326"}],"curies":[{"name":"wp","href":"https:\/\/api.w.org\/{rel}","templated":true}]}}