{"id":22310,"date":"2025-04-14T13:39:41","date_gmt":"2025-04-14T11:39:41","guid":{"rendered":"https:\/\/wncri.org\/fr\/?p=22310"},"modified":"2025-04-14T13:39:43","modified_gmt":"2025-04-14T11:39:43","slug":"prisonniere-politique-azar-korvandi","status":"publish","type":"post","link":"https:\/\/wncri.org\/fr\/2025\/04\/14\/prisonniere-politique-azar-korvandi\/","title":{"rendered":"La prisonni\u00e8re politique Azar Korvandi, 60 ans, se voit refuser des soins m\u00e9dicaux en d\u00e9pit de son \u00e9tat de sant\u00e9 critique"},"content":{"rendered":"\n<h4 class=\"wp-block-heading\">La prisonni\u00e8re politique Azar Korvandi Mousazadeh, 60 ans, d\u00e9tenue \u00e0 la prison d&#8217;Evin \u00e0 T\u00e9h\u00e9ran, serait confront\u00e9e \u00e0 de graves complications de sant\u00e9 alors qu&#8217;elle se voit refuser l&#8217;acc\u00e8s \u00e0 un traitement m\u00e9dical appropri\u00e9 et l&#8217;orientation vers des centres de soins sp\u00e9cialis\u00e9s.<\/h4>\n\n\n\n<p>La prisonni\u00e8re politique Azar Korvandi, qui souffre d&#8217;une hernie discale cervicale, d&#8217;une maladie cardiaque et d&#8217;ant\u00e9c\u00e9dents de cancer, serait dans un \u00e9tat tr\u00e8s pr\u00e9occupant.<\/p>\n\n\n\n<p>Sa sant\u00e9 s&#8217;est d\u00e9t\u00e9rior\u00e9e au point qu&#8217;elle n&#8217;est plus en mesure d&#8217;accomplir des t\u00e2ches personnelles et quotidiennes de base. Au cours des derni\u00e8res semaines, elle a perdu au moins 5 kg.<\/p>\n\n\n\n<p>Malgr\u00e9 la n\u00e9cessit\u00e9 urgente d&#8217;une surveillance m\u00e9dicale continue &#8211; en particulier \u00e0 la lumi\u00e8re de ses ant\u00e9c\u00e9dents de cancer, qui n\u00e9cessitent des tests r\u00e9guliers et des examens sp\u00e9cialis\u00e9s &#8211; les autorit\u00e9s p\u00e9nitentiaires n&#8217;ont jusqu&#8217;\u00e0 pr\u00e9sent pas pris de mesures significatives pour r\u00e9pondre \u00e0 ses besoins m\u00e9dicaux.<\/p>\n\n\n\n<p>En outre, le minist\u00e8re iranien du Renseignement, qui supervise son dossier, aurait refus\u00e9 d&#8217;approuver sa demande de permission m\u00e9dicale, ce qui limite encore son acc\u00e8s aux soins de sant\u00e9 n\u00e9cessaires.<\/p>\n\n\n\n<p>N\u00e9e en 1962, Azar Korvandi est mari\u00e9e et a deux enfants. Elle a d\u00e9j\u00e0 \u00e9t\u00e9 emprisonn\u00e9e en tant que d\u00e9tenue politique dans les ann\u00e9es 1980. Elle \u00e9tait enceinte au moment de son arrestation et a accouch\u00e9 alors qu&#8217;elle subissait de dures conditions d&#8217;emprisonnement et d&#8217;interrogatoire.<\/p>\n\n\n\n<p>La prisonni\u00e8re politique Azar Korvandi a \u00e9t\u00e9 arr\u00eat\u00e9e \u00e0 l&#8217;\u00e9t\u00e9 2019 pour collaboration avec <a href=\"https:\/\/english.mojahedin.org\/a-primer-on-the-history-of-the-peoples-mojahedin-organization-of-iran\/\" target=\"_blank\" rel=\"noreferrer noopener\">l&#8217;Organisation des moudjahidines du peuple iranien (OMPI)<\/a> et promotion de la propagande contre le r\u00e9gime, apr\u00e8s avoir organis\u00e9 des s\u00e9ances de conseil familial dans son jardin \u00e0 Chahriar. Elle a \u00e9t\u00e9 lib\u00e9r\u00e9e sous caution, mais a \u00e9t\u00e9 condamn\u00e9e en d\u00e9cembre 2021 par le tribunal r\u00e9volutionnaire de T\u00e9h\u00e9ran.<\/p>\n\n\n\n<p>Mme Korvandi a \u00e9t\u00e9 condamn\u00e9e \u00e0 une peine de 5 ans de prison pour \u00ab rassemblement et collusion en vue d&#8217;agir contre la s\u00e9curit\u00e9 nationale \u00bb et \u00e0 une peine suppl\u00e9mentaire d&#8217;un an pour \u00ab propagande contre l&#8217;\u00c9tat \u00bb. \u00c0 titre de peine compl\u00e9mentaire, elle s&#8217;est vu interdire de quitter le pays pendant 2 ans et d&#8217;adh\u00e9rer \u00e0 des groupes sociaux, politiques et culturels ou d&#8217;y exercer des activit\u00e9s pendant 2 ans.<\/p>\n\n\n\n<p>Apr\u00e8s la <a href=\"https:\/\/wncri.org\/fr\/2023\/07\/31\/azar-karvandi-musazadeh\/\" target=\"_blank\" rel=\"noreferrer noopener\">confirmation du verdict<\/a> par la cour d&#8217;appel de T\u00e9h\u00e9ran, la peine de 5 ans de prison prononc\u00e9e \u00e0 l&#8217;encontre d&#8217;Azar Korvandi est devenue ex\u00e9cutoire en vertu de l&#8217;article 134 du code p\u00e9nal du r\u00e9gime.<\/p>\n\n\n\n<p>Le 30 juillet 2023, elle a \u00e9t\u00e9 convoqu\u00e9e \u00e0 la premi\u00e8re section du bureau de l&#8217;ex\u00e9cution des peines du bureau du procureur du district 33 de T\u00e9h\u00e9ran, <a href=\"https:\/\/wncri.org\/fr\/2023\/07\/31\/azar-karvandi-musazadeh\/\" target=\"_blank\" rel=\"noreferrer noopener\">arr\u00eat\u00e9e et transf\u00e9r\u00e9e \u00e0 la prison d&#8217;Evin<\/a> pour y purger sa peine.<\/p>\n\n\n\n<p>Le refus d&#8217;accorder un traitement m\u00e9dical aux prisonniers politiques reste une violation persistante des droits de l&#8217;homme en Iran. La Commission des femmes du CNRI a tir\u00e9 la <a href=\"https:\/\/wncri.org\/2024\/12\/10\/international-human-rights-day\/\" target=\"_blank\" rel=\"noreferrer noopener\">sonnette d&#8217;alarme<\/a> \u00e0 plusieurs reprises sur la n\u00e9gligence m\u00e9dicale syst\u00e9matique dans les prisons iraniennes et a appel\u00e9 les Nations Unies et les organisations internationales de d\u00e9fense des droits de l&#8217;homme \u00e0 envoyer des missions d&#8217;enqu\u00eate pour inspecter les conditions de d\u00e9tention et interroger les prisonniers politiques, en particulier les femmes.<\/p>\n","protected":false},"excerpt":{"rendered":"<p>La prisonni\u00e8re politique Azar Korvandi Mousazadeh, 60 ans, d\u00e9tenue \u00e0 la prison d&#8217;Evin \u00e0 T\u00e9h\u00e9ran, serait confront\u00e9e \u00e0 de graves complications de sant\u00e9 alors qu&#8217;elle se voit refuser l&#8217;acc\u00e8s \u00e0 un traitement m\u00e9dical appropri\u00e9 et l&#8217;orientation vers des centres de soins sp\u00e9cialis\u00e9s. La prisonni\u00e8re politique Azar Korvandi, qui souffre d&#8217;une hernie discale cervicale, d&#8217;une maladie [&hellip;]<\/p>\n","protected":false},"author":4,"featured_media":18751,"comment_status":"closed","ping_status":"closed","sticky":false,"template":"","format":"standard","meta":{"jnews-multi-image_gallery":[],"jnews_single_post":{"format":"standard"},"jnews_primary_category":[],"jnews_social_meta":[],"jnews_override_counter":[],"footnotes":""},"categories":[3],"tags":[370],"class_list":["post-22310","post","type-post","status-publish","format-standard","has-post-thumbnail","hentry","category-infos-des-femmes","tag-prisonnieres"],"_links":{"self":[{"href":"https:\/\/wncri.org\/fr\/wp-json\/wp\/v2\/posts\/22310","targetHints":{"allow":["GET"]}}],"collection":[{"href":"https:\/\/wncri.org\/fr\/wp-json\/wp\/v2\/posts"}],"about":[{"href":"https:\/\/wncri.org\/fr\/wp-json\/wp\/v2\/types\/post"}],"author":[{"embeddable":true,"href":"https:\/\/wncri.org\/fr\/wp-json\/wp\/v2\/users\/4"}],"replies":[{"embeddable":true,"href":"https:\/\/wncri.org\/fr\/wp-json\/wp\/v2\/comments?post=22310"}],"version-history":[{"count":1,"href":"https:\/\/wncri.org\/fr\/wp-json\/wp\/v2\/posts\/22310\/revisions"}],"predecessor-version":[{"id":22311,"href":"https:\/\/wncri.org\/fr\/wp-json\/wp\/v2\/posts\/22310\/revisions\/22311"}],"wp:featuredmedia":[{"embeddable":true,"href":"https:\/\/wncri.org\/fr\/wp-json\/wp\/v2\/media\/18751"}],"wp:attachment":[{"href":"https:\/\/wncri.org\/fr\/wp-json\/wp\/v2\/media?parent=22310"}],"wp:term":[{"taxonomy":"category","embeddable":true,"href":"https:\/\/wncri.org\/fr\/wp-json\/wp\/v2\/categories?post=22310"},{"taxonomy":"post_tag","embeddable":true,"href":"https:\/\/wncri.org\/fr\/wp-json\/wp\/v2\/tags?post=22310"}],"curies":[{"name":"wp","href":"https:\/\/api.w.org\/{rel}","templated":true}]}}