{"id":22307,"date":"2025-04-13T22:01:05","date_gmt":"2025-04-13T20:01:05","guid":{"rendered":"https:\/\/wncri.org\/fr\/?p=22307"},"modified":"2025-04-13T22:01:08","modified_gmt":"2025-04-13T20:01:08","slug":"parvin-ghadyani-chretienne-convertie","status":"publish","type":"post","link":"https:\/\/wncri.org\/fr\/2025\/04\/13\/parvin-ghadyani-chretienne-convertie\/","title":{"rendered":"Parvin Ghadyani, chr\u00e9tienne convertie, maintenue en d\u00e9tention \u00e0 la prison de Kachouii"},"content":{"rendered":"\n<h4 class=\"wp-block-heading\">Parvin Ghadyani, une chr\u00e9tienne convertie, est d\u00e9tenue depuis plus de 3 mois et reste dans un \u00e9tat d&#8217;incertitude juridique \u00e0 la prison de Kachouii \u00e0 Karadj.<\/h4>\n\n\n\n<p>L&#8217;arrestation de Parvin Ghadyani a eu lieu au d\u00e9but du mois de janvier de l&#8217;ann\u00e9e derni\u00e8re, par les forces de s\u00e9curit\u00e9. Apr\u00e8s avoir subi une p\u00e9riode d&#8217;interrogatoire dans un centre de d\u00e9tention de s\u00e9curit\u00e9 \u00e0 Karadj, elle a \u00e9t\u00e9 transf\u00e9r\u00e9e \u00e0 la <a href=\"https:\/\/wncri.org\/fr\/2021\/12\/10\/les-conditions-des-femmes-prisons\/\">prison d<\/a><a href=\"https:\/\/wncri.org\/fr\/2021\/12\/10\/les-conditions-des-femmes-prisons\/\" target=\"_blank\" rel=\"noreferrer noopener\">e<\/a><a href=\"https:\/\/wncri.org\/fr\/2021\/12\/10\/les-conditions-des-femmes-prisons\/\"> Kachouii<\/a>.<\/p>\n\n\n\n<p>La raison invoqu\u00e9e pour son arrestation \u00e9tait son implication dans la promotion du christianisme.<\/p>\n\n\n\n<p>Bien que le <a href=\"https:\/\/wncri.org\/fr\/2025\/02\/19\/somayeh-rajabi-chretienne\/\" target=\"_blank\" rel=\"noreferrer noopener\">christianisme<\/a> soit officiellement reconnu comme une religion minoritaire par la Constitution du r\u00e9gime iranien, les agences de s\u00e9curit\u00e9 iraniennes traitent la <a href=\"https:\/\/wncri.org\/fr\/2025\/03\/14\/narges-nasri-chretienne-convertie-condamnee-a-16-ans-de-prison\/\" target=\"_blank\" rel=\"noreferrer noopener\">conversion des musulmans au christianisme<\/a> avec une sensibilit\u00e9 particuli\u00e8re et r\u00e9agissent souvent par des mesures s\u00e9v\u00e8res et punitives.<\/p>\n\n\n\n<p>Ce traitement est en contradiction flagrante avec l&#8217;article 18 de la <a href=\"https:\/\/www.un.org\/fr\/about-us\/universal-declaration-of-human-rights\" target=\"_blank\" rel=\"noreferrer noopener\">D\u00e9claration universelle des droits de l&#8217;homme<\/a> et l&#8217;article 18 du Pacte international relatif aux droits civils et politiques, qui affirment tous deux le droit de tout individu \u00e0 la libert\u00e9 de pens\u00e9e, de conscience et de religion &#8211; y compris la libert\u00e9 de changer de religion ou de conviction et de la manifester, seul ou en commun, publiquement ou en priv\u00e9.<\/p>\n\n\n\n<p>Le maintien en d\u00e9tention et l&#8217;absence de proc\u00e9dure l\u00e9gale r\u00e9guli\u00e8re dans le cas de Parvin Ghadyani mettent en lumi\u00e8re un autre exemple des violations constantes des droits de l&#8217;homme fondamentaux par le r\u00e9gime iranien.<\/p>\n","protected":false},"excerpt":{"rendered":"<p>Parvin Ghadyani, une chr\u00e9tienne convertie, est d\u00e9tenue depuis plus de 3 mois et reste dans un \u00e9tat d&#8217;incertitude juridique \u00e0 la prison de Kachouii \u00e0 Karadj. L&#8217;arrestation de Parvin Ghadyani a eu lieu au d\u00e9but du mois de janvier de l&#8217;ann\u00e9e derni\u00e8re, par les forces de s\u00e9curit\u00e9. Apr\u00e8s avoir subi une p\u00e9riode d&#8217;interrogatoire dans un [&hellip;]<\/p>\n","protected":false},"author":4,"featured_media":22308,"comment_status":"closed","ping_status":"closed","sticky":false,"template":"","format":"standard","meta":{"jnews-multi-image_gallery":[],"jnews_single_post":{"format":"standard"},"jnews_primary_category":[],"jnews_social_meta":[],"jnews_override_counter":[],"footnotes":""},"categories":[3],"tags":[370],"class_list":["post-22307","post","type-post","status-publish","format-standard","has-post-thumbnail","hentry","category-infos-des-femmes","tag-prisonnieres"],"_links":{"self":[{"href":"https:\/\/wncri.org\/fr\/wp-json\/wp\/v2\/posts\/22307","targetHints":{"allow":["GET"]}}],"collection":[{"href":"https:\/\/wncri.org\/fr\/wp-json\/wp\/v2\/posts"}],"about":[{"href":"https:\/\/wncri.org\/fr\/wp-json\/wp\/v2\/types\/post"}],"author":[{"embeddable":true,"href":"https:\/\/wncri.org\/fr\/wp-json\/wp\/v2\/users\/4"}],"replies":[{"embeddable":true,"href":"https:\/\/wncri.org\/fr\/wp-json\/wp\/v2\/comments?post=22307"}],"version-history":[{"count":1,"href":"https:\/\/wncri.org\/fr\/wp-json\/wp\/v2\/posts\/22307\/revisions"}],"predecessor-version":[{"id":22309,"href":"https:\/\/wncri.org\/fr\/wp-json\/wp\/v2\/posts\/22307\/revisions\/22309"}],"wp:featuredmedia":[{"embeddable":true,"href":"https:\/\/wncri.org\/fr\/wp-json\/wp\/v2\/media\/22308"}],"wp:attachment":[{"href":"https:\/\/wncri.org\/fr\/wp-json\/wp\/v2\/media?parent=22307"}],"wp:term":[{"taxonomy":"category","embeddable":true,"href":"https:\/\/wncri.org\/fr\/wp-json\/wp\/v2\/categories?post=22307"},{"taxonomy":"post_tag","embeddable":true,"href":"https:\/\/wncri.org\/fr\/wp-json\/wp\/v2\/tags?post=22307"}],"curies":[{"name":"wp","href":"https:\/\/api.w.org\/{rel}","templated":true}]}}