{"id":22294,"date":"2025-04-11T22:15:56","date_gmt":"2025-04-11T20:15:56","guid":{"rendered":"https:\/\/wncri.org\/fr\/?p=22294"},"modified":"2025-04-11T22:15:58","modified_gmt":"2025-04-11T20:15:58","slug":"dolores-bevilacqua-a-la-jif2025","status":"publish","type":"post","link":"https:\/\/wncri.org\/fr\/2025\/04\/11\/dolores-bevilacqua-a-la-jif2025\/","title":{"rendered":"Dolores Bevilacqua \u00e0 la JIF 2025 : Les femmes qui luttent pour la libert\u00e9 et la dignit\u00e9 de toutes les femmes \u00e0 travers le monde"},"content":{"rendered":"\n<p>Le samedi 22 f\u00e9vrier 2025, la Commission des femmes du Conseil national de la R\u00e9sistance iranienne a organis\u00e9 une&nbsp;<a href=\"https:\/\/wncri.org\/fr\/2025\/02\/23\/maryam-radjavi-iwd2025\/\" target=\"_blank\" rel=\"noreferrer noopener\">conf\u00e9rence<\/a>&nbsp;pour comm\u00e9morer la Journ\u00e9e internationale de la femme (JIF 2025). L\u2019\u00e9v\u00e9nement a rassembl\u00e9 d\u2019\u00e9minentes dirigeantes politiques, des d\u00e9fenseurs des droits de l\u2019homme et des partisans de la R\u00e9sistance iranienne venus de plus de 80 pays.<\/p>\n\n\n\n<p>Dolores Bevilacqua est s\u00e9natrice italienne depuis octobre 2022 et vice-pr\u00e9sidente de la commission s\u00e9natoriale des affaires europ\u00e9ennes.<\/p>\n\n\n\n<h4 class=\"wp-block-heading\">La s\u00e9natrice Dolores Bevilacqua a <a href=\"https:\/\/x.com\/womenncri\/status\/1893404817604628670\" target=\"_blank\" rel=\"noreferrer noopener\">prononc\u00e9 un discours<\/a> lors de l&#8217;\u00e9v\u00e9nement JIF 2025 \u00e0 Paris, dont des extraits sont pr\u00e9sent\u00e9s ci-dessous.<\/h4>\n\n\n\n<p>Chers invit\u00e9s,<\/p>\n\n\n\n<figure class=\"wp-block-image size-large\"><img decoding=\"async\" src=\"data:image\/gif;base64,R0lGODlhAQABAIAAAAAAAP\/\/\/yH5BAEAAAAALAAAAAABAAEAAAIBRAA7\" data-src=\"https:\/\/wncri.org\/fr\/wp-content\/uploads\/2025\/04\/NCRI-Women-Dolores-Bevilacqua-2-min-1024x576.jpg\" alt=\"Dolores Bevilacqua \u00e0 la JIF 2025\" class=\"wp-image-22295 lazyload\"\/><noscript><img decoding=\"async\" width=\"1024\" height=\"576\" src=\"https:\/\/wncri.org\/fr\/wp-content\/uploads\/2025\/04\/NCRI-Women-Dolores-Bevilacqua-2-min-1024x576.jpg\" alt=\"Dolores Bevilacqua \u00e0 la JIF 2025\" class=\"wp-image-22295 lazyload\" srcset=\"https:\/\/wncri.org\/fr\/wp-content\/uploads\/2025\/04\/NCRI-Women-Dolores-Bevilacqua-2-min-1024x576.jpg 1024w, https:\/\/wncri.org\/fr\/wp-content\/uploads\/2025\/04\/NCRI-Women-Dolores-Bevilacqua-2-min-300x169.jpg 300w, https:\/\/wncri.org\/fr\/wp-content\/uploads\/2025\/04\/NCRI-Women-Dolores-Bevilacqua-2-min-768x432.jpg 768w, https:\/\/wncri.org\/fr\/wp-content\/uploads\/2025\/04\/NCRI-Women-Dolores-Bevilacqua-2-min-750x422.jpg 750w, https:\/\/wncri.org\/fr\/wp-content\/uploads\/2025\/04\/NCRI-Women-Dolores-Bevilacqua-2-min-1140x641.jpg 1140w, https:\/\/wncri.org\/fr\/wp-content\/uploads\/2025\/04\/NCRI-Women-Dolores-Bevilacqua-2-min.jpg 1200w\" sizes=\"(max-width: 1024px) 100vw, 1024px\" \/><\/noscript><\/figure>\n\n\n\n<p>Je pense qu&#8217;il est important de dire quelque chose aux personnes pr\u00e9sentes ici et aux femmes courageuses d&#8217;Achraf-3 que nous voyons \u00e0 l&#8217;\u00e9cran.<\/p>\n\n\n\n<p>Je vais rentrer chez moi pour retrouver ma fille de 5 ans, que j&#8217;ai quitt\u00e9e aujourd&#8217;hui. C&#8217;est une enfant tr\u00e8s chanceuse parce qu&#8217;elle est n\u00e9e et vit dans un pays o\u00f9 elle peut choisir sa propre voie lorsqu&#8217;elle grandit, o\u00f9 elle n&#8217;a pas une m\u00e8re qui doit se battre pour garantir sa dignit\u00e9, sa libert\u00e9 et son bonheur.<\/p>\n\n\n\n<p>Je rentre donc chez moi en emportant avec moi l&#8217;histoire de cette Journ\u00e9e internationale de la femme que nous avons v\u00e9cue ici, marqu\u00e9e par l&#8217;exemple de ces femmes remarquables qui se battent pour la libert\u00e9 et la dignit\u00e9 de toutes les femmes dans le monde.<\/p>\n\n\n\n<p>J&#8217;adh\u00e8re \u00e0 votre slogan, mais je veux le renforcer. Car \u00e0 partir d&#8217;aujourd&#8217;hui, pour moi, \u00ab Femme, Libert\u00e9 et R\u00e9sistance \u00bb devient : Vive les femmes, vive la r\u00e9sistance, vive la libert\u00e9 !<\/p>\n","protected":false},"excerpt":{"rendered":"<p>Le samedi 22 f\u00e9vrier 2025, la Commission des femmes du Conseil national de la R\u00e9sistance iranienne a organis\u00e9 une&nbsp;conf\u00e9rence&nbsp;pour comm\u00e9morer la Journ\u00e9e internationale de la femme (JIF 2025). L\u2019\u00e9v\u00e9nement a rassembl\u00e9 d\u2019\u00e9minentes dirigeantes politiques, des d\u00e9fenseurs des droits de l\u2019homme et des partisans de la R\u00e9sistance iranienne venus de plus de 80 pays. Dolores Bevilacqua [&hellip;]<\/p>\n","protected":false},"author":4,"featured_media":22296,"comment_status":"closed","ping_status":"closed","sticky":false,"template":"","format":"standard","meta":{"jnews-multi-image_gallery":[],"jnews_single_post":{"format":"standard"},"jnews_primary_category":[],"jnews_social_meta":[],"jnews_override_counter":[],"footnotes":""},"categories":[26],"tags":[373],"class_list":["post-22294","post","type-post","status-publish","format-standard","has-post-thumbnail","hentry","category-conference-du-8-mars","tag-le-leadership-des-femmes"],"_links":{"self":[{"href":"https:\/\/wncri.org\/fr\/wp-json\/wp\/v2\/posts\/22294","targetHints":{"allow":["GET"]}}],"collection":[{"href":"https:\/\/wncri.org\/fr\/wp-json\/wp\/v2\/posts"}],"about":[{"href":"https:\/\/wncri.org\/fr\/wp-json\/wp\/v2\/types\/post"}],"author":[{"embeddable":true,"href":"https:\/\/wncri.org\/fr\/wp-json\/wp\/v2\/users\/4"}],"replies":[{"embeddable":true,"href":"https:\/\/wncri.org\/fr\/wp-json\/wp\/v2\/comments?post=22294"}],"version-history":[{"count":1,"href":"https:\/\/wncri.org\/fr\/wp-json\/wp\/v2\/posts\/22294\/revisions"}],"predecessor-version":[{"id":22297,"href":"https:\/\/wncri.org\/fr\/wp-json\/wp\/v2\/posts\/22294\/revisions\/22297"}],"wp:featuredmedia":[{"embeddable":true,"href":"https:\/\/wncri.org\/fr\/wp-json\/wp\/v2\/media\/22296"}],"wp:attachment":[{"href":"https:\/\/wncri.org\/fr\/wp-json\/wp\/v2\/media?parent=22294"}],"wp:term":[{"taxonomy":"category","embeddable":true,"href":"https:\/\/wncri.org\/fr\/wp-json\/wp\/v2\/categories?post=22294"},{"taxonomy":"post_tag","embeddable":true,"href":"https:\/\/wncri.org\/fr\/wp-json\/wp\/v2\/tags?post=22294"}],"curies":[{"name":"wp","href":"https:\/\/api.w.org\/{rel}","templated":true}]}}