{"id":22283,"date":"2025-04-09T21:28:39","date_gmt":"2025-04-09T19:28:39","guid":{"rendered":"https:\/\/wncri.org\/fr\/?p=22283"},"modified":"2025-04-09T21:28:41","modified_gmt":"2025-04-09T19:28:41","slug":"elisa-pirro-a-ljif-2025","status":"publish","type":"post","link":"https:\/\/wncri.org\/fr\/2025\/04\/09\/elisa-pirro-a-ljif-2025\/","title":{"rendered":"Elisa Pirro \u00e0 l&#8217;JIF 2025 : La libert\u00e9 de l&#8217;Iran est une bataille pour notre libert\u00e9 \u00e0 tous"},"content":{"rendered":"\n<p>Le samedi 22 f\u00e9vrier 2025, la Commission des femmes du Conseil national de la R\u00e9sistance iranienne a organis\u00e9 une&nbsp;<a href=\"https:\/\/wncri.org\/fr\/2025\/02\/23\/maryam-radjavi-iwd2025\/\" target=\"_blank\" rel=\"noreferrer noopener\">conf\u00e9rence<\/a>&nbsp;pour comm\u00e9morer la Journ\u00e9e internationale de la femme (JIF 2025). L\u2019\u00e9v\u00e9nement a rassembl\u00e9 d\u2019\u00e9minentes dirigeantes politiques, des d\u00e9fenseurs des droits de l\u2019homme et des partisans de la R\u00e9sistance iranienne venus de plus de 80 pays.<\/p>\n\n\n\n<p>Elisa Pirro est une femme politique italienne. Depuis le 23 mars 2018, elle est s\u00e9natrice de la R\u00e9publique pour le Mouvement 5 \u00e9toiles.<\/p>\n\n\n\n<p>Elisa Pirro a <a href=\"https:\/\/x.com\/womenncri\/status\/1893779046086987799\" target=\"_blank\" rel=\"noreferrer noopener\">prononc\u00e9 un discours<\/a> lors de l&#8217;\u00e9v\u00e9nement JIF 2025 \u00e0 Paris, dont des extraits sont pr\u00e9sent\u00e9s ci-dessous.<\/p>\n\n\n\n<h2 class=\"wp-block-heading\"><strong>Elisa Pirro : Une bataille mondiale pour la libert\u00e9<\/strong><\/h2>\n\n\n\n<p>Distingu\u00e9s membres du Conseil national de la R\u00e9sistance iranienne,<\/p>\n\n\n\n<p>Ch\u00e8re pr\u00e9sidente Radjavi,<\/p>\n\n\n\n<p>C&#8217;est un honneur pour moi d&#8217;\u00eatre ici aujourd&#8217;hui pour r\u00e9affirmer notre soutien \u00e0 la lutte des femmes iraniennes et du peuple iranien tout entier pour la libert\u00e9, la justice et la d\u00e9mocratie.<\/p>\n\n\n\n<p>L&#8217;Iran d&#8217;aujourd&#8217;hui symbolise une bataille qui nous concerne tous.<\/p>\n\n\n\n<p>Il est dirig\u00e9 par un r\u00e9gime fondamentaliste qui a fait de la misogynie une politique d&#8217;\u00c9tat et qui continue \u00e0 supprimer les libert\u00e9s fondamentales.<\/p>\n\n\n\n<p>Les femmes iraniennes n&#8217;ont pas le droit de choisir leurs v\u00eatements, sont exclues des postes de pouvoir et ne jouissent pas des m\u00eames droits juridiques que les hommes. Et pourtant, malgr\u00e9 cette oppression, elles sont \u00e0 l&#8217;avant-garde de la r\u00e9sistance, montrant au monde que la libert\u00e9 ne peut \u00eatre \u00e9cras\u00e9e par la violence.<\/p>\n\n\n\n<figure class=\"wp-block-image size-large\"><img decoding=\"async\" src=\"data:image\/gif;base64,R0lGODlhAQABAIAAAAAAAP\/\/\/yH5BAEAAAAALAAAAAABAAEAAAIBRAA7\" data-src=\"https:\/\/wncri.org\/fr\/wp-content\/uploads\/2025\/04\/NCRI-Women-Elisa-Pirro-2-min-1024x576.jpg\" alt=\"Elisa Pirro \u00e0 l'JIF 2025 : La libert\u00e9 de l'Iran est une bataille pour notre libert\u00e9 \u00e0 tous\" class=\"wp-image-22285 lazyload\"\/><noscript><img decoding=\"async\" width=\"1024\" height=\"576\" src=\"https:\/\/wncri.org\/fr\/wp-content\/uploads\/2025\/04\/NCRI-Women-Elisa-Pirro-2-min-1024x576.jpg\" alt=\"Elisa Pirro \u00e0 l'JIF 2025 : La libert\u00e9 de l'Iran est une bataille pour notre libert\u00e9 \u00e0 tous\" class=\"wp-image-22285 lazyload\" srcset=\"https:\/\/wncri.org\/fr\/wp-content\/uploads\/2025\/04\/NCRI-Women-Elisa-Pirro-2-min-1024x576.jpg 1024w, https:\/\/wncri.org\/fr\/wp-content\/uploads\/2025\/04\/NCRI-Women-Elisa-Pirro-2-min-300x169.jpg 300w, https:\/\/wncri.org\/fr\/wp-content\/uploads\/2025\/04\/NCRI-Women-Elisa-Pirro-2-min-768x432.jpg 768w, https:\/\/wncri.org\/fr\/wp-content\/uploads\/2025\/04\/NCRI-Women-Elisa-Pirro-2-min-750x422.jpg 750w, https:\/\/wncri.org\/fr\/wp-content\/uploads\/2025\/04\/NCRI-Women-Elisa-Pirro-2-min-1140x641.jpg 1140w, https:\/\/wncri.org\/fr\/wp-content\/uploads\/2025\/04\/NCRI-Women-Elisa-Pirro-2-min.jpg 1200w\" sizes=\"(max-width: 1024px) 100vw, 1024px\" \/><\/noscript><\/figure>\n\n\n\n<h3 class=\"wp-block-heading\"><strong>Le soul\u00e8vement de 2022 : un tournant<\/strong><\/h3>\n\n\n\n<p>Le soul\u00e8vement de 2022, men\u00e9 par des femmes, a r\u00e9v\u00e9l\u00e9 une v\u00e9rit\u00e9 ind\u00e9niable : le peuple iranien ne veut plus vivre sous la tyrannie.<\/p>\n\n\n\n<p>Le Conseil national de la R\u00e9sistance iranienne, avec la pr\u00e9sidente Radjavi \u00e0 sa t\u00eate, repr\u00e9sente l&#8217;espoir concret d&#8217;un avenir diff\u00e9rent. Son plan en <a href=\"https:\/\/wncri.org\/fr\/plan-en-10-points-pour-liran\/\" target=\"_blank\" rel=\"noreferrer noopener\">dix points pour un Iran<\/a> libre offre une vision claire de la d\u00e9mocratie, des droits de l&#8217;homme et de l&#8217;\u00e9galit\u00e9 des sexes.<\/p>\n\n\n\n<p>Aucune dictature n&#8217;est \u00e9ternelle<\/p>\n\n\n\n<p>Nous sommes convaincus que chaque pays doit suivre une voie vers la libert\u00e9 fond\u00e9e sur la souverainet\u00e9 populaire, la s\u00e9paration de la religion et de l&#8217;\u00c9tat et le respect des droits de la femme.<\/p>\n\n\n\n<p>L&#8217;Europe &#8211; et l&#8217;Italie en particulier &#8211; ne peut rester silencieuse face \u00e0 une telle injustice.<\/p>\n\n\n\n<p>L&#8217;histoire nous enseigne qu&#8217;aucune dictature n&#8217;est \u00e9ternelle. Les sacrifices des femmes et des hommes iraniens ne seront pas vains. Nous continuerons \u00e0 nous tenir \u00e0 vos c\u00f4t\u00e9s pour que la communaut\u00e9 internationale reconnaisse et soutienne la lutte pour la libert\u00e9 des femmes iraniennes et du peuple iranien tout entier.<\/p>\n\n\n\n<p>Car la libert\u00e9 de l&#8217;Iran est un combat pour notre libert\u00e9 \u00e0 tous.<\/p>\n\n\n\n<p>Et pour cela, avec vous, nous disons : Femme, R\u00e9sistance, Libert\u00e9.<\/p>\n\n\n\n<figure class=\"wp-block-image size-large\"><img decoding=\"async\" src=\"data:image\/gif;base64,R0lGODlhAQABAIAAAAAAAP\/\/\/yH5BAEAAAAALAAAAAABAAEAAAIBRAA7\" data-src=\"https:\/\/wncri.org\/fr\/wp-content\/uploads\/2025\/04\/NCRI-Women-Elisa-Pirro-3-min-1024x576.jpg\" alt=\"Elisa Pirro \u00e0 l'JIF 2025 : La libert\u00e9 de l'Iran est une bataille pour notre libert\u00e9 \u00e0 tous\" class=\"wp-image-22286 lazyload\"\/><noscript><img decoding=\"async\" width=\"1024\" height=\"576\" src=\"https:\/\/wncri.org\/fr\/wp-content\/uploads\/2025\/04\/NCRI-Women-Elisa-Pirro-3-min-1024x576.jpg\" alt=\"Elisa Pirro \u00e0 l'JIF 2025 : La libert\u00e9 de l'Iran est une bataille pour notre libert\u00e9 \u00e0 tous\" class=\"wp-image-22286 lazyload\" srcset=\"https:\/\/wncri.org\/fr\/wp-content\/uploads\/2025\/04\/NCRI-Women-Elisa-Pirro-3-min-1024x576.jpg 1024w, https:\/\/wncri.org\/fr\/wp-content\/uploads\/2025\/04\/NCRI-Women-Elisa-Pirro-3-min-300x169.jpg 300w, https:\/\/wncri.org\/fr\/wp-content\/uploads\/2025\/04\/NCRI-Women-Elisa-Pirro-3-min-768x432.jpg 768w, https:\/\/wncri.org\/fr\/wp-content\/uploads\/2025\/04\/NCRI-Women-Elisa-Pirro-3-min-750x422.jpg 750w, https:\/\/wncri.org\/fr\/wp-content\/uploads\/2025\/04\/NCRI-Women-Elisa-Pirro-3-min-1140x641.jpg 1140w, https:\/\/wncri.org\/fr\/wp-content\/uploads\/2025\/04\/NCRI-Women-Elisa-Pirro-3-min.jpg 1200w\" sizes=\"(max-width: 1024px) 100vw, 1024px\" \/><\/noscript><\/figure>\n","protected":false},"excerpt":{"rendered":"<p>Le samedi 22 f\u00e9vrier 2025, la Commission des femmes du Conseil national de la R\u00e9sistance iranienne a organis\u00e9 une&nbsp;conf\u00e9rence&nbsp;pour comm\u00e9morer la Journ\u00e9e internationale de la femme (JIF 2025). L\u2019\u00e9v\u00e9nement a rassembl\u00e9 d\u2019\u00e9minentes dirigeantes politiques, des d\u00e9fenseurs des droits de l\u2019homme et des partisans de la R\u00e9sistance iranienne venus de plus de 80 pays. Elisa Pirro [&hellip;]<\/p>\n","protected":false},"author":4,"featured_media":22284,"comment_status":"closed","ping_status":"closed","sticky":false,"template":"","format":"standard","meta":{"jnews-multi-image_gallery":[],"jnews_single_post":{"format":"standard"},"jnews_primary_category":[],"jnews_social_meta":[],"jnews_override_counter":[],"footnotes":""},"categories":[26],"tags":[373],"class_list":["post-22283","post","type-post","status-publish","format-standard","has-post-thumbnail","hentry","category-conference-du-8-mars","tag-le-leadership-des-femmes"],"_links":{"self":[{"href":"https:\/\/wncri.org\/fr\/wp-json\/wp\/v2\/posts\/22283","targetHints":{"allow":["GET"]}}],"collection":[{"href":"https:\/\/wncri.org\/fr\/wp-json\/wp\/v2\/posts"}],"about":[{"href":"https:\/\/wncri.org\/fr\/wp-json\/wp\/v2\/types\/post"}],"author":[{"embeddable":true,"href":"https:\/\/wncri.org\/fr\/wp-json\/wp\/v2\/users\/4"}],"replies":[{"embeddable":true,"href":"https:\/\/wncri.org\/fr\/wp-json\/wp\/v2\/comments?post=22283"}],"version-history":[{"count":1,"href":"https:\/\/wncri.org\/fr\/wp-json\/wp\/v2\/posts\/22283\/revisions"}],"predecessor-version":[{"id":22287,"href":"https:\/\/wncri.org\/fr\/wp-json\/wp\/v2\/posts\/22283\/revisions\/22287"}],"wp:featuredmedia":[{"embeddable":true,"href":"https:\/\/wncri.org\/fr\/wp-json\/wp\/v2\/media\/22284"}],"wp:attachment":[{"href":"https:\/\/wncri.org\/fr\/wp-json\/wp\/v2\/media?parent=22283"}],"wp:term":[{"taxonomy":"category","embeddable":true,"href":"https:\/\/wncri.org\/fr\/wp-json\/wp\/v2\/categories?post=22283"},{"taxonomy":"post_tag","embeddable":true,"href":"https:\/\/wncri.org\/fr\/wp-json\/wp\/v2\/tags?post=22283"}],"curies":[{"name":"wp","href":"https:\/\/api.w.org\/{rel}","templated":true}]}}