{"id":2228,"date":"2017-05-01T13:44:57","date_gmt":"2017-05-01T13:44:57","guid":{"rendered":"https:\/\/wncri.org\/frdev\/2017\/05\/01\/iran-sabotage-du-dossier-medical-d-atena-daemi-au-22eme-jour-de-sa-greve-de-la-faim\/"},"modified":"2017-05-01T13:44:57","modified_gmt":"2017-05-01T13:44:57","slug":"iran-sabotage-du-dossier-medical-d-atena-daemi-au-22eme-jour-de-sa-greve-de-la-faim","status":"publish","type":"post","link":"https:\/\/wncri.org\/fr\/2017\/05\/01\/iran-sabotage-du-dossier-medical-d-atena-daemi-au-22eme-jour-de-sa-greve-de-la-faim\/","title":{"rendered":"Iran: sabotage du dossier m\u00e9dical d&#8217;Atena Daemi au 22\u00e8me jour de sa gr\u00e8ve de la faim"},"content":{"rendered":"<p>CNRI Femmes &#8211; Apr\u00e8s 22 jours de gr\u00e8ve de la faim en prison par Atena Daemi, militante des droits des enfants en Iran, les autorit\u00e9s m\u00e9dicales de la prison d&#8217;Evine a publi\u00e9 un faux rapport sur son \u00e9tat de sant\u00e9. En outre, les autorit\u00e9s p\u00e9nitentiaires n&#8217;ont pris aucune mesure pour rem\u00e9dier \u00e0 ses probl\u00e8mes physiques.<\/p>\n<p>  <!--more-->  <\/p>\n<p>Un proche de la famille Daemi a d\u00e9clar\u00e9: \u00ab\u00a0Atena connait un \u00e9tat constant de naus\u00e9es et ne peut pas boire beaucoup d&#8217;eau. Sa tension art\u00e9rielle change constamment. Elle est tr\u00e8s affaiblie et souffre des reins, du c\u0153ur et de douleurs abdominales.\u00a0\u00bb Selon cette personne, \u00able directeur du dispensaire de la prison a publi\u00e9 un faux rapport sur la condition physique d&#8217;Atena, indiquant qu&#8217;elle n&#8217;avait pas de probl\u00e8mes m\u00e9dicaux. Le rapport contredit fortement le diagnostic du m\u00e9decin du dispensaire. Lorsqu\u2019Atena a protest\u00e9 (contre le rapport), elle a \u00e9t\u00e9 accus\u00e9e de mensonges.\u00a0\u00bbAtena Daemi a commenc\u00e9 sa gr\u00e8ve de la faim le 8 avril 2017 contre les peines de prison injustes touchant ses s\u0153urs.<\/p>\n","protected":false},"excerpt":{"rendered":"<p>CNRI Femmes &#8211; Apr\u00e8s 22 jours de gr\u00e8ve de la faim en prison par Atena Daemi, militante des droits des enfants en Iran, les autorit\u00e9s m\u00e9dicales de la prison d&#8217;Evine a publi\u00e9 un faux rapport sur son \u00e9tat de sant\u00e9. En outre, les autorit\u00e9s p\u00e9nitentiaires n&#8217;ont pris aucune mesure pour rem\u00e9dier \u00e0 ses probl\u00e8mes physiques.<\/p>\n","protected":false},"author":1,"featured_media":4837,"comment_status":"open","ping_status":"open","sticky":false,"template":"","format":"standard","meta":{"jnews-multi-image_gallery":[],"jnews_single_post":[],"jnews_primary_category":[],"jnews_social_meta":[],"jnews_override_counter":[],"footnotes":""},"categories":[3],"tags":[],"class_list":["post-2228","post","type-post","status-publish","format-standard","has-post-thumbnail","hentry","category-infos-des-femmes"],"_links":{"self":[{"href":"https:\/\/wncri.org\/fr\/wp-json\/wp\/v2\/posts\/2228","targetHints":{"allow":["GET"]}}],"collection":[{"href":"https:\/\/wncri.org\/fr\/wp-json\/wp\/v2\/posts"}],"about":[{"href":"https:\/\/wncri.org\/fr\/wp-json\/wp\/v2\/types\/post"}],"author":[{"embeddable":true,"href":"https:\/\/wncri.org\/fr\/wp-json\/wp\/v2\/users\/1"}],"replies":[{"embeddable":true,"href":"https:\/\/wncri.org\/fr\/wp-json\/wp\/v2\/comments?post=2228"}],"version-history":[{"count":0,"href":"https:\/\/wncri.org\/fr\/wp-json\/wp\/v2\/posts\/2228\/revisions"}],"wp:featuredmedia":[{"embeddable":true,"href":"https:\/\/wncri.org\/fr\/wp-json\/wp\/v2\/media\/4837"}],"wp:attachment":[{"href":"https:\/\/wncri.org\/fr\/wp-json\/wp\/v2\/media?parent=2228"}],"wp:term":[{"taxonomy":"category","embeddable":true,"href":"https:\/\/wncri.org\/fr\/wp-json\/wp\/v2\/categories?post=2228"},{"taxonomy":"post_tag","embeddable":true,"href":"https:\/\/wncri.org\/fr\/wp-json\/wp\/v2\/tags?post=2228"}],"curies":[{"name":"wp","href":"https:\/\/api.w.org\/{rel}","templated":true}]}}