{"id":2227,"date":"2017-05-01T13:42:26","date_gmt":"2017-05-01T13:42:26","guid":{"rendered":"https:\/\/wncri.org\/frdev\/2017\/05\/01\/argentine-les-meres-de-la-place-de-mai-quarante-ans-de-lutte\/"},"modified":"2017-05-01T13:42:26","modified_gmt":"2017-05-01T13:42:26","slug":"argentine-les-meres-de-la-place-de-mai-quarante-ans-de-lutte","status":"publish","type":"post","link":"https:\/\/wncri.org\/fr\/2017\/05\/01\/argentine-les-meres-de-la-place-de-mai-quarante-ans-de-lutte\/","title":{"rendered":"Argentine : les M\u00e8res de la place de Mai, quarante ans de lutte"},"content":{"rendered":"<p>Le Monde (avec AFP) &#8211; Le 30 avril 1977, ces femmes avaient invectiv\u00e9 la junte au pouvoir pour demander la v\u00e9rit\u00e9 sur le sort de leurs enfants disparus.<\/p>\n<p>Les M\u00e8res de la place de Mai, qui r\u00e9clament inlassablement la v\u00e9rit\u00e9 sur le sort de leurs enfants disparus durant la dictature argentine, ont c\u00e9l\u00e9br\u00e9 dimanche 30 avril \u00e0 Buenos Aires le quaranti\u00e8me anniversaire de leur premier rassemblement.<\/p>\n<p>  <!--more-->  <\/p>\n<p>Le 30 avril 1977, elles \u00e9taient quatorze \u00e0 s\u2019\u00eatre r\u00e9unies devant le palais pr\u00e9sidentiel, occup\u00e9 par les militaires depuis le coup d\u2019Etat de mars 1976. Femmes au foyer pour la plupart, ces Argentines avaient os\u00e9 invectiver la junte alors que la r\u00e9pression battait son plein.<\/p>\n<p>Les militaires les avaient baptis\u00e9es avec m\u00e9pris les \u00ab folles de la place de Mai \u00bb, et les avaient oblig\u00e9es \u00e0 marcher autour de la statue centrale, car les rassemblements statiques de plus de trois personnes \u00e9taient interdits.<\/p>\n<p>\u00a0<\/p>\n<p><strong>\u00ab\u00a0<\/strong><strong>Ils sont en vie\u2026 les id\u00e9aux des disparus<\/strong><strong>\u00a0\u00bb<\/strong><\/p>\n<p>\u00a0<\/p>\n<p>Au total, 30 000 opposants ont \u00e9t\u00e9 \u00e9limin\u00e9s par la milice de droite Triple A ou par la dictature, en vigueur dans le pays de 1976 \u00e0 1983. \u00ab Trente mille raisons de continuer \u00e0 se battre \u00bb, expliquait dimanche une pancarte port\u00e9e par l\u2019une des 700 personnes pr\u00e9sentes \u00e0 cette marche anniversaire. \u00ab Restez vigilantes, restez vigilantes. Ils sont en vie\u2026 les id\u00e9aux des disparus \u00bb, ont-elles \u00e9galement clam\u00e9.<\/p>\n<p>La fondatrice du mouvement, Hebe de Bonafini, d\u00e9sormais \u00e2g\u00e9e de 88 ans et en chaise roulante, assistait \u00e0 l\u2019\u00e9v\u00e9nement. Octog\u00e9naires pour les plus jeunes, ces femmes auraient pu abandonner la lutte ou espacer les manifestations, mais le temps n\u2019a pas entam\u00e9 leur d\u00e9termination. Elles continuent de se rassembler chaque jeudi \u00e0 15 h 30.<\/p>\n<p>En 2003, l\u2019arriv\u00e9e au pouvoir de Nestor Kirchner avait relanc\u00e9 leurs espoirs. Des centaines de militaires ont \u00e9t\u00e9 jug\u00e9s et condamn\u00e9s pour la r\u00e9pression des opposants \u00e0 la junte.<\/p>\n<p>\u00a0<\/p>\n<p><a href=\"http:\/\/www.lemonde.fr\/ameriques\/article\/2017\/05\/01\/argentine-depuis-40-ans-les-meres-de-la-place-de-mai-continuent-leur-lutte_5120421_3222.html\" target=\"_blank\" rel=\"noopener\">http:\/\/www.lemonde.fr\/ameriques\/article\/2017\/05\/01\/argentine-depuis-40-ans-les-meres-de-la-place-de-mai-continuent-leur-lutte_5120421_3222.html<\/a><\/p>\n","protected":false},"excerpt":{"rendered":"<p>Le Monde (avec AFP) &#8211; Le 30 avril 1977, ces femmes avaient invectiv\u00e9 la junte au pouvoir pour demander la v\u00e9rit\u00e9 sur le sort de leurs enfants disparus. Les M\u00e8res de la place de Mai, qui r\u00e9clament inlassablement la v\u00e9rit\u00e9 sur le sort de leurs enfants disparus durant la dictature argentine, ont c\u00e9l\u00e9br\u00e9 dimanche 30 [&hellip;]<\/p>\n","protected":false},"author":1,"featured_media":4836,"comment_status":"open","ping_status":"open","sticky":false,"template":"","format":"standard","meta":{"jnews-multi-image_gallery":[],"jnews_single_post":[],"jnews_primary_category":[],"jnews_social_meta":[],"jnews_override_counter":[],"footnotes":""},"categories":[3],"tags":[],"class_list":["post-2227","post","type-post","status-publish","format-standard","has-post-thumbnail","hentry","category-infos-des-femmes"],"_links":{"self":[{"href":"https:\/\/wncri.org\/fr\/wp-json\/wp\/v2\/posts\/2227","targetHints":{"allow":["GET"]}}],"collection":[{"href":"https:\/\/wncri.org\/fr\/wp-json\/wp\/v2\/posts"}],"about":[{"href":"https:\/\/wncri.org\/fr\/wp-json\/wp\/v2\/types\/post"}],"author":[{"embeddable":true,"href":"https:\/\/wncri.org\/fr\/wp-json\/wp\/v2\/users\/1"}],"replies":[{"embeddable":true,"href":"https:\/\/wncri.org\/fr\/wp-json\/wp\/v2\/comments?post=2227"}],"version-history":[{"count":0,"href":"https:\/\/wncri.org\/fr\/wp-json\/wp\/v2\/posts\/2227\/revisions"}],"wp:featuredmedia":[{"embeddable":true,"href":"https:\/\/wncri.org\/fr\/wp-json\/wp\/v2\/media\/4836"}],"wp:attachment":[{"href":"https:\/\/wncri.org\/fr\/wp-json\/wp\/v2\/media?parent=2227"}],"wp:term":[{"taxonomy":"category","embeddable":true,"href":"https:\/\/wncri.org\/fr\/wp-json\/wp\/v2\/categories?post=2227"},{"taxonomy":"post_tag","embeddable":true,"href":"https:\/\/wncri.org\/fr\/wp-json\/wp\/v2\/tags?post=2227"}],"curies":[{"name":"wp","href":"https:\/\/api.w.org\/{rel}","templated":true}]}}