{"id":22250,"date":"2025-04-07T18:33:56","date_gmt":"2025-04-07T16:33:56","guid":{"rendered":"https:\/\/wncri.org\/fr\/?p=22250"},"modified":"2025-04-07T18:34:25","modified_gmt":"2025-04-07T16:34:25","slug":"tentative-dassassinat-mehregan-namavar","status":"publish","type":"post","link":"https:\/\/wncri.org\/fr\/2025\/04\/07\/tentative-dassassinat-mehregan-namavar\/","title":{"rendered":"Tentative d&#8217;assassinat contre Mehregan Namavar, \u00e9crivaine et militante civile"},"content":{"rendered":"\n<h4 class=\"wp-block-heading\">Mehregan Namavar, \u00e9crivaine, po\u00e8te et militante civile originaire de <a href=\"https:\/\/en.wikipedia.org\/wiki\/Dehdasht\" target=\"_blank\" rel=\"noreferrer noopener\">Dehdasht<\/a>, dans la province iranienne de Kohgilouyeh et Boyer-Ahmad, a \u00e9t\u00e9 gri\u00e8vement bless\u00e9e lors d&#8217;une apparente tentative d&#8217;assassinat perp\u00e9tr\u00e9e par des agents en civil le mardi 1er avril 2025.<\/h4>\n\n\n\n<p>L&#8217;\u00e9crivaine de 38 ans a \u00e9t\u00e9 violemment agress\u00e9e pr\u00e8s de la \u00ab route de Salamat \u00bb, dans une r\u00e9gion connue sous le nom de \u00ab vall\u00e9e de Labak \u00bb. L&#8217;agression a \u00e9t\u00e9 perp\u00e9tr\u00e9e par trois individus &#8211; deux hommes et une femme portant un foulard et un masque &#8211; qui auraient poursuivi la voiture de Mme Namavar, l&#8217;auraient forc\u00e9e \u00e0 s&#8217;arr\u00eater et l&#8217;auraient agress\u00e9e physiquement.<\/p>\n\n\n\n<p>Mehregan Namavar a \u00e9t\u00e9 gri\u00e8vement bless\u00e9e aux yeux, au visage et aux jambes. Son \u00e9tat actuel est jug\u00e9 critique.&nbsp; Des t\u00e9moins oculaires ont d\u00e9clar\u00e9 que les agresseurs avaient confisqu\u00e9 son t\u00e9l\u00e9phone portable apr\u00e8s l&#8217;avoir battue. Les agresseurs se seraient d\u00e9plac\u00e9s \u00e0 bord d&#8217;une Peugeot blanche avec quatre occupants.<\/p>\n\n\n\n<p>Cette attaque survient moins de deux semaines apr\u00e8s la lib\u00e9ration de Mehregan Namavar de la prison centrale de Dehdasht, o\u00f9 elle \u00e9tait d\u00e9tenue depuis 16 jours. <a href=\"https:\/\/wncri.org\/fr\/2025\/03\/15\/mehregan-namavar\/\" target=\"_blank\" rel=\"noreferrer noopener\">Elle avait \u00e9t\u00e9 arr\u00eat\u00e9e<\/a> le dimanche 2 mars 2025 par des agents du minist\u00e8re des renseignements \u00e0 Dehdasht et lib\u00e9r\u00e9e sous caution le 17 mars.<\/p>\n\n\n\n<figure class=\"wp-block-image size-large\"><img decoding=\"async\" src=\"data:image\/gif;base64,R0lGODlhAQABAIAAAAAAAP\/\/\/yH5BAEAAAAALAAAAAABAAEAAAIBRAA7\" data-src=\"https:\/\/wncri.org\/fr\/wp-content\/uploads\/2025\/03\/Mehregan-Namavar-2-min-1024x576.jpg\" alt=\"Tentative d'assassinat contre Mehregan Namavar, \u00e9crivaine et militante civile Mehregan Namavar : Maintien en d\u00e9tention d'une po\u00e8te et \u00e9crivaine\" class=\"wp-image-22035 lazyload\"\/><noscript><img decoding=\"async\" width=\"1024\" height=\"576\" src=\"https:\/\/wncri.org\/fr\/wp-content\/uploads\/2025\/03\/Mehregan-Namavar-2-min-1024x576.jpg\" alt=\"Tentative d'assassinat contre Mehregan Namavar, \u00e9crivaine et militante civile Mehregan Namavar : Maintien en d\u00e9tention d'une po\u00e8te et \u00e9crivaine\" class=\"wp-image-22035 lazyload\" srcset=\"https:\/\/wncri.org\/fr\/wp-content\/uploads\/2025\/03\/Mehregan-Namavar-2-min-1024x576.jpg 1024w, https:\/\/wncri.org\/fr\/wp-content\/uploads\/2025\/03\/Mehregan-Namavar-2-min-300x169.jpg 300w, https:\/\/wncri.org\/fr\/wp-content\/uploads\/2025\/03\/Mehregan-Namavar-2-min-768x432.jpg 768w, https:\/\/wncri.org\/fr\/wp-content\/uploads\/2025\/03\/Mehregan-Namavar-2-min-750x422.jpg 750w, https:\/\/wncri.org\/fr\/wp-content\/uploads\/2025\/03\/Mehregan-Namavar-2-min-1140x641.jpg 1140w, https:\/\/wncri.org\/fr\/wp-content\/uploads\/2025\/03\/Mehregan-Namavar-2-min.jpg 1200w\" sizes=\"(max-width: 1024px) 100vw, 1024px\" \/><\/noscript><\/figure>\n\n\n\n<p>Les \u00e9crits de Mme Mehregan portent souvent sur des questions sociales, la critique litt\u00e9raire et les droits des femmes &#8211; des sujets qui ont fait d&#8217;elle la cible d&#8217;une r\u00e9pression croissante de la part de l&#8217;\u00c9tat.<\/p>\n","protected":false},"excerpt":{"rendered":"<p>Mehregan Namavar, \u00e9crivaine, po\u00e8te et militante civile originaire de Dehdasht, dans la province iranienne de Kohgilouyeh et Boyer-Ahmad, a \u00e9t\u00e9 gri\u00e8vement bless\u00e9e lors d&#8217;une apparente tentative d&#8217;assassinat perp\u00e9tr\u00e9e par des agents en civil le mardi 1er avril 2025. L&#8217;\u00e9crivaine de 38 ans a \u00e9t\u00e9 violemment agress\u00e9e pr\u00e8s de la \u00ab route de Salamat \u00bb, dans [&hellip;]<\/p>\n","protected":false},"author":4,"featured_media":22034,"comment_status":"closed","ping_status":"closed","sticky":false,"template":"","format":"standard","meta":{"jnews-multi-image_gallery":[],"jnews_single_post":{"format":"standard"},"jnews_primary_category":[],"jnews_social_meta":[],"jnews_override_counter":[],"footnotes":""},"categories":[3],"tags":[370],"class_list":["post-22250","post","type-post","status-publish","format-standard","has-post-thumbnail","hentry","category-infos-des-femmes","tag-prisonnieres"],"_links":{"self":[{"href":"https:\/\/wncri.org\/fr\/wp-json\/wp\/v2\/posts\/22250","targetHints":{"allow":["GET"]}}],"collection":[{"href":"https:\/\/wncri.org\/fr\/wp-json\/wp\/v2\/posts"}],"about":[{"href":"https:\/\/wncri.org\/fr\/wp-json\/wp\/v2\/types\/post"}],"author":[{"embeddable":true,"href":"https:\/\/wncri.org\/fr\/wp-json\/wp\/v2\/users\/4"}],"replies":[{"embeddable":true,"href":"https:\/\/wncri.org\/fr\/wp-json\/wp\/v2\/comments?post=22250"}],"version-history":[{"count":1,"href":"https:\/\/wncri.org\/fr\/wp-json\/wp\/v2\/posts\/22250\/revisions"}],"predecessor-version":[{"id":22251,"href":"https:\/\/wncri.org\/fr\/wp-json\/wp\/v2\/posts\/22250\/revisions\/22251"}],"wp:featuredmedia":[{"embeddable":true,"href":"https:\/\/wncri.org\/fr\/wp-json\/wp\/v2\/media\/22034"}],"wp:attachment":[{"href":"https:\/\/wncri.org\/fr\/wp-json\/wp\/v2\/media?parent=22250"}],"wp:term":[{"taxonomy":"category","embeddable":true,"href":"https:\/\/wncri.org\/fr\/wp-json\/wp\/v2\/categories?post=22250"},{"taxonomy":"post_tag","embeddable":true,"href":"https:\/\/wncri.org\/fr\/wp-json\/wp\/v2\/tags?post=22250"}],"curies":[{"name":"wp","href":"https:\/\/api.w.org\/{rel}","templated":true}]}}