{"id":22191,"date":"2025-04-05T20:58:10","date_gmt":"2025-04-05T18:58:10","guid":{"rendered":"https:\/\/wncri.org\/fr\/?p=22191"},"modified":"2025-04-05T20:58:13","modified_gmt":"2025-04-05T18:58:13","slug":"anna-firth-a-la-jif-2025","status":"publish","type":"post","link":"https:\/\/wncri.org\/fr\/2025\/04\/05\/anna-firth-a-la-jif-2025\/","title":{"rendered":"Anna Firth \u00e0 la JIF 2025 : La promotion des droits des femmes doit commencer par l\u2019Iran"},"content":{"rendered":"\n<p>Le samedi 22 f\u00e9vrier 2025, la Commission des femmes du Conseil national de la R\u00e9sistance iranienne a organis\u00e9 une <a href=\"https:\/\/wncri.org\/fr\/2025\/02\/23\/maryam-radjavi-iwd2025\/\" target=\"_blank\" rel=\"noreferrer noopener\">conf\u00e9rence<\/a> pour comm\u00e9morer la Journ\u00e9e internationale de la femme (JIF 2025). L&#8217;\u00e9v\u00e9nement a rassembl\u00e9 d&#8217;\u00e9minentes dirigeantes politiques, des d\u00e9fenseurs des droits de l&#8217;homme et des partisans de la R\u00e9sistance iranienne venus de plus de 80 pays.<\/p>\n\n\n\n<p>Anna Firth est une ancienne politicienne et avocate britannique qui a \u00e9t\u00e9 membre du Parlement (MP) pour Southend West de 2022 \u00e0 2024.<\/p>\n\n\n\n<p>Anna Firth a <a href=\"https:\/\/x.com\/womenncri\/status\/1893373670476730382\" target=\"_blank\" rel=\"noreferrer noopener\">prononc\u00e9 un discours<\/a> lors de l&#8217;\u00e9v\u00e9nement JIF 2025 \u00e0 Paris, dont le texte est pr\u00e9sent\u00e9 ci-dessous.<\/p>\n\n\n\n<h2 class=\"wp-block-heading\"><strong>Anna Firth : Au nom de toutes les femmes britanniques, nous vous saluons ainsi que votre plan en 10 points<\/strong><\/h2>\n\n\n\n<p>Madame la pr\u00e9sidente \u00e9lue, Madame Radjavi, chers invit\u00e9s, Wow. Quelle conf\u00e9rence.<\/p>\n\n\n\n<p>Quelle journ\u00e9e. Merci beaucoup. Merci beaucoup de m&#8217;avoir invit\u00e9e ici aujourd&#8217;hui. C&#8217;est un honneur d&#8217;\u00eatre parmi vous \u00e0 la veille de la Journ\u00e9e internationale de la femme.<\/p>\n\n\n\n<p>Aujourd&#8217;hui, il s&#8217;agit d&#8217;un appel \u00e0 l&#8217;action. Vous nous avez d\u00e9crit une fois de plus, Madame Radjavi, et j&#8217;ai trouv\u00e9 vraiment choquant d&#8217;entendre une fois de plus la brutalit\u00e9 absolue de la dictature misogyne sous laquelle vivent nos s\u0153urs iraniennes.<\/p>\n\n\n\n<p>C&#8217;est une dictature qui impose la discrimination et la violence. C&#8217;est une dictature qui existe gr\u00e2ce aux lois de la charia.<\/p>\n\n\n\n<p>Soyons clairs, les lois de la charia ne se contentent pas de restreindre les libert\u00e9s, elles oppriment les femmes. Elles institutionnalisent l&#8217;oppression des femmes partout o\u00f9 elles sont pr\u00e9sentes.<\/p>\n\n\n\n<p>Et la lutte pour la libert\u00e9 des femmes iraniennes ne concerne pas seulement l&#8217;Iran. Chaque fois qu&#8217;une femme est tu\u00e9e, mutil\u00e9e ou tortur\u00e9e, nous sommes tous bless\u00e9s. Il s&#8217;agit d&#8217;un probl\u00e8me mondial qui nous touche tous et qui nous appelle, ainsi que la communaut\u00e9 internationale, \u00e0 faire plus que simplement t\u00e9moigner.<\/p>\n\n\n\n<h3 class=\"wp-block-heading\"><strong>Un moment global : Commencer par l&#8217;Iran<\/strong><\/h3>\n\n\n\n<p>\u00c0 l&#8217;approche du trenti\u00e8me anniversaire de la d\u00e9claration de P\u00e9kin et alors que les dirigeants du monde entier vont \u00e0 nouveau se concentrer sur la promotion des droits des femmes, cette discussion doit commencer par l&#8217;Iran.<\/p>\n\n\n\n<p>Il faut commencer par reconna\u00eetre les femmes courageuses qui m\u00e8nent le combat pour la d\u00e9mocratie et l&#8217;\u00e9galit\u00e9 dans ce pays.<\/p>\n\n\n\n<p>N&#8217;oublions pas qu&#8217;elles sont dirig\u00e9es par la femme musulmane la plus courageuse qui se bat chaque jour pour faire progresser les droits des femmes en Iran.<\/p>\n\n\n\n<p>Et nous savons de qui il s&#8217;agit. C&#8217;est vous, Madame Radjavi. Au nom de toutes les femmes britanniques, nous vous saluons et nous saluons votre plan en dix points qui ouvre la voie \u00e0 l&#8217;\u00e9galit\u00e9 des sexes et \u00e0 un Iran libre, d\u00e9mocratique et la\u00efque.<\/p>\n\n\n\n<figure class=\"wp-block-image size-large\"><img decoding=\"async\" src=\"data:image\/gif;base64,R0lGODlhAQABAIAAAAAAAP\/\/\/yH5BAEAAAAALAAAAAABAAEAAAIBRAA7\" data-src=\"https:\/\/wncri.org\/fr\/wp-content\/uploads\/2025\/04\/NCRI-Women-Anna-Firth-2-min-1024x576.jpg\" alt=\"Anna Firth \u00e0 la JIF 2025 : La promotion des droits des femmes doit commencer par l\u2019Iran\" class=\"wp-image-22193 lazyload\"\/><noscript><img decoding=\"async\" width=\"1024\" height=\"576\" src=\"https:\/\/wncri.org\/fr\/wp-content\/uploads\/2025\/04\/NCRI-Women-Anna-Firth-2-min-1024x576.jpg\" alt=\"Anna Firth \u00e0 la JIF 2025 : La promotion des droits des femmes doit commencer par l\u2019Iran\" class=\"wp-image-22193 lazyload\" srcset=\"https:\/\/wncri.org\/fr\/wp-content\/uploads\/2025\/04\/NCRI-Women-Anna-Firth-2-min-1024x576.jpg 1024w, https:\/\/wncri.org\/fr\/wp-content\/uploads\/2025\/04\/NCRI-Women-Anna-Firth-2-min-300x169.jpg 300w, https:\/\/wncri.org\/fr\/wp-content\/uploads\/2025\/04\/NCRI-Women-Anna-Firth-2-min-768x432.jpg 768w, https:\/\/wncri.org\/fr\/wp-content\/uploads\/2025\/04\/NCRI-Women-Anna-Firth-2-min-750x422.jpg 750w, https:\/\/wncri.org\/fr\/wp-content\/uploads\/2025\/04\/NCRI-Women-Anna-Firth-2-min-1140x641.jpg 1140w, https:\/\/wncri.org\/fr\/wp-content\/uploads\/2025\/04\/NCRI-Women-Anna-Firth-2-min.jpg 1200w\" sizes=\"(max-width: 1024px) 100vw, 1024px\" \/><\/noscript><\/figure>\n\n\n\n<h3 class=\"wp-block-heading\"><strong>Pas de r\u00e9forme sans responsabilit\u00e9<\/strong><\/h3>\n\n\n\n<p>Le th\u00e8me de la commission de la condition de la femme de cette ann\u00e9e &#8211; acc\u00e9l\u00e9rer l&#8217;action &#8211; exige \u00e9galement une action et cette action doit commencer en Iran, car nous devons \u00eatre clairs : le r\u00e9gime iranien ne se r\u00e9formera jamais de lui-m\u00eame.<\/p>\n\n\n\n<p>Pourquoi ? Parce qu&#8217;il survit gr\u00e2ce \u00e0 la r\u00e9pression, \u00e0 la misogynie, au pillage, \u00e0 la guerre et au terrorisme. Il est impossible de n\u00e9gocier avec un r\u00e9gime qui vit de la mort et de la destruction.<\/p>\n\n\n\n<h3 class=\"wp-block-heading\"><strong>Ce qu&#8217;il faut faire<\/strong><\/h3>\n\n\n\n<p>Alors, que faut-il faire, mes amis ?<\/p>\n\n\n\n<p>Nous devons demander des comptes au r\u00e9gime en transmettant son dossier sur les droits de l&#8217;homme au Conseil de s\u00e9curit\u00e9 des Nations unies et en continuant \u00e0 demander que ses dirigeants soient poursuivis.<\/p>\n\n\n\n<p>Nous devons soutenir nos courageuses s\u0153urs iraniennes, non seulement par des mots, mais aussi par des actions concr\u00e8tes.<\/p>\n\n\n\n<p>Nous devons reconna\u00eetre le CNRI et approuver le plan en dix points de Mme Radjavi.<\/p>\n\n\n\n<p>Nous devons exclure le CGRI dans son int\u00e9gralit\u00e9 une fois pour toutes.<\/p>\n\n\n\n<p>Et nous devons soutenir le droit du peuple iranien \u00e0 r\u00e9sister \u00e0 la dictature et \u00e0 se d\u00e9fendre contre le CGRI.<\/p>\n\n\n\n<p>Aujourd&#8217;hui, nous l&#8217;avons tous entendu haut et fort, les femmes iraniennes ont fait leur choix.<\/p>\n\n\n\n<figure class=\"wp-block-image size-large\"><img decoding=\"async\" src=\"data:image\/gif;base64,R0lGODlhAQABAIAAAAAAAP\/\/\/yH5BAEAAAAALAAAAAABAAEAAAIBRAA7\" data-src=\"https:\/\/wncri.org\/fr\/wp-content\/uploads\/2025\/04\/NCRI-Women-Anna-Firth-1-min-1024x576.jpg\" alt=\"Anna Firth \u00e0 la JIF 2025 : La promotion des droits des femmes doit commencer par l\u2019Iran\" class=\"wp-image-22192 lazyload\"\/><noscript><img decoding=\"async\" width=\"1024\" height=\"576\" src=\"https:\/\/wncri.org\/fr\/wp-content\/uploads\/2025\/04\/NCRI-Women-Anna-Firth-1-min-1024x576.jpg\" alt=\"Anna Firth \u00e0 la JIF 2025 : La promotion des droits des femmes doit commencer par l\u2019Iran\" class=\"wp-image-22192 lazyload\" srcset=\"https:\/\/wncri.org\/fr\/wp-content\/uploads\/2025\/04\/NCRI-Women-Anna-Firth-1-min-1024x576.jpg 1024w, https:\/\/wncri.org\/fr\/wp-content\/uploads\/2025\/04\/NCRI-Women-Anna-Firth-1-min-300x169.jpg 300w, https:\/\/wncri.org\/fr\/wp-content\/uploads\/2025\/04\/NCRI-Women-Anna-Firth-1-min-768x432.jpg 768w, https:\/\/wncri.org\/fr\/wp-content\/uploads\/2025\/04\/NCRI-Women-Anna-Firth-1-min-750x422.jpg 750w, https:\/\/wncri.org\/fr\/wp-content\/uploads\/2025\/04\/NCRI-Women-Anna-Firth-1-min-1140x641.jpg 1140w, https:\/\/wncri.org\/fr\/wp-content\/uploads\/2025\/04\/NCRI-Women-Anna-Firth-1-min.jpg 1200w\" sizes=\"(max-width: 1024px) 100vw, 1024px\" \/><\/noscript><\/figure>\n\n\n\n<h3 class=\"wp-block-heading\"><strong>Il est temps de faire notre choix<\/strong><\/h3>\n\n\n\n<p>Elles disent non au hijab obligatoire, elles disent non \u00e0 la religion obligatoire et elles disent non au gouvernement obligatoire.<\/p>\n\n\n\n<p>Il est temps pour nous de faire notre choix.<\/p>\n\n\n\n<p>Sommes-nous \u00e0 leurs c\u00f4t\u00e9s ou d\u00e9tournons-nous le regard ?<\/p>\n\n\n\n<p>Allons-nous mettre l&#8217;\u00e9paule \u00e0 la roue et les aider \u00e0 reconqu\u00e9rir leur pays ou allons-nous passer notre chemin ?<\/p>\n\n\n\n<p>Aux femmes courageuses d&#8217;Iran, je dis que nous vous voyons, que nous vous entendons et que nous sommes \u00e0 vos c\u00f4t\u00e9s.<\/p>\n\n\n\n<p>Que cette ann\u00e9e soit celle o\u00f9 nous passerons des paroles aux actes.<\/p>\n\n\n\n<p>Que cette ann\u00e9e soit celle o\u00f9 nous nous tiendrons aux c\u00f4t\u00e9s de nos s\u0153urs iraniennes et que cette ann\u00e9e soit celle o\u00f9 nous verrons enfin un v\u00e9ritable Iran d\u00e9mocratique et libre.<\/p>\n","protected":false},"excerpt":{"rendered":"<p>Le samedi 22 f\u00e9vrier 2025, la Commission des femmes du Conseil national de la R\u00e9sistance iranienne a organis\u00e9 une conf\u00e9rence pour comm\u00e9morer la Journ\u00e9e internationale de la femme (JIF 2025). L&#8217;\u00e9v\u00e9nement a rassembl\u00e9 d&#8217;\u00e9minentes dirigeantes politiques, des d\u00e9fenseurs des droits de l&#8217;homme et des partisans de la R\u00e9sistance iranienne venus de plus de 80 pays. [&hellip;]<\/p>\n","protected":false},"author":4,"featured_media":22194,"comment_status":"closed","ping_status":"closed","sticky":false,"template":"","format":"standard","meta":{"jnews-multi-image_gallery":[],"jnews_single_post":{"format":"standard"},"jnews_primary_category":[],"jnews_social_meta":[],"jnews_override_counter":[],"footnotes":""},"categories":[26],"tags":[373],"class_list":["post-22191","post","type-post","status-publish","format-standard","has-post-thumbnail","hentry","category-conference-du-8-mars","tag-le-leadership-des-femmes"],"_links":{"self":[{"href":"https:\/\/wncri.org\/fr\/wp-json\/wp\/v2\/posts\/22191","targetHints":{"allow":["GET"]}}],"collection":[{"href":"https:\/\/wncri.org\/fr\/wp-json\/wp\/v2\/posts"}],"about":[{"href":"https:\/\/wncri.org\/fr\/wp-json\/wp\/v2\/types\/post"}],"author":[{"embeddable":true,"href":"https:\/\/wncri.org\/fr\/wp-json\/wp\/v2\/users\/4"}],"replies":[{"embeddable":true,"href":"https:\/\/wncri.org\/fr\/wp-json\/wp\/v2\/comments?post=22191"}],"version-history":[{"count":1,"href":"https:\/\/wncri.org\/fr\/wp-json\/wp\/v2\/posts\/22191\/revisions"}],"predecessor-version":[{"id":22195,"href":"https:\/\/wncri.org\/fr\/wp-json\/wp\/v2\/posts\/22191\/revisions\/22195"}],"wp:featuredmedia":[{"embeddable":true,"href":"https:\/\/wncri.org\/fr\/wp-json\/wp\/v2\/media\/22194"}],"wp:attachment":[{"href":"https:\/\/wncri.org\/fr\/wp-json\/wp\/v2\/media?parent=22191"}],"wp:term":[{"taxonomy":"category","embeddable":true,"href":"https:\/\/wncri.org\/fr\/wp-json\/wp\/v2\/categories?post=22191"},{"taxonomy":"post_tag","embeddable":true,"href":"https:\/\/wncri.org\/fr\/wp-json\/wp\/v2\/tags?post=22191"}],"curies":[{"name":"wp","href":"https:\/\/api.w.org\/{rel}","templated":true}]}}