{"id":22179,"date":"2025-04-03T20:32:32","date_gmt":"2025-04-03T18:32:32","guid":{"rendered":"https:\/\/wncri.org\/fr\/?p=22179"},"modified":"2025-04-05T20:36:43","modified_gmt":"2025-04-05T18:36:43","slug":"vida-mohammadi-condamnee","status":"publish","type":"post","link":"https:\/\/wncri.org\/fr\/2025\/04\/03\/vida-mohammadi-condamnee\/","title":{"rendered":"Vida Mohammadi condamn\u00e9e \u00e0 4 ans et 8 mois de prison"},"content":{"rendered":"\n<h4 class=\"wp-block-heading\">Vida Mohammadi, une r\u00e9sidente de T\u00e9h\u00e9ran, a \u00e9t\u00e9 condamn\u00e9e \u00e0 4 ans et 8 mois de <a href=\"https:\/\/women.ncr-iran.org\/fr\/2021\/12\/10\/les-conditions-des-femmes-prisons\/\" target=\"_blank\" rel=\"noreferrer noopener\">prison<\/a> par le syst\u00e8me judiciaire du r\u00e9gime iranien.<\/h4>\n\n\n\n<p>Selon le verdict rendu par la branche 26 du <a href=\"https:\/\/en.wikipedia.org\/wiki\/Islamic_Revolutionary_Court\" target=\"_blank\" rel=\"noreferrer noopener\">tribunal r\u00e9volutionnaire<\/a> de T\u00e9h\u00e9ran, Vida Mohammadi a \u00e9t\u00e9 condamn\u00e9e \u00e0 4 ans de prison pour \u00ab rassemblement et collusion en vue de commettre un crime contre la s\u00e9curit\u00e9 nationale \u00bb et \u00e0 8 mois suppl\u00e9mentaires pour \u00ab propagande contre l&#8217;\u00c9tat \u00bb.<\/p>\n\n\n\n<p>Le tribunal a \u00e9galement ordonn\u00e9 la confiscation de son t\u00e9l\u00e9phone portable. Toutefois, seul un quaranti\u00e8me de sa peine sera ex\u00e9cut\u00e9, le reste \u00e9tant suspendu pendant 5 ans.<\/p>\n\n\n\n<p>Vida Mohammadi avait \u00e9t\u00e9 convoqu\u00e9e le 25 janvier 2025 par la branche 1 du bureau du procureur de la s\u00e9curit\u00e9 \u00e0 T\u00e9h\u00e9ran, puis renvoy\u00e9e devant la branche 26 du tribunal r\u00e9volutionnaire pour y \u00eatre jug\u00e9e.<\/p>\n\n\n\n<p>Ses ennuis judiciaires ont commenc\u00e9 en novembre 2024, lorsqu&#8217;elle a \u00e9t\u00e9 accus\u00e9e de \u00ab rassemblement et collusion contre la s\u00e9curit\u00e9 int\u00e9rieure \u00bb et de \u00ab propagande contre l&#8217;\u00c9tat \u00bb en raison de son activisme sur les m\u00e9dias sociaux. \u00c0 la suite des accusations initiales, elle a \u00e9t\u00e9 temporairement lib\u00e9r\u00e9e moyennant une caution de 2 milliards de rials.<\/p>\n\n\n\n<p>Malgr\u00e9 la d\u00e9cision du tribunal, les documents d&#8217;identit\u00e9 de Mme Mohammadi, y compris son acte de naissance et sa carte d&#8217;identit\u00e9 nationale &#8211; pr\u00e9c\u00e9demment confisqu\u00e9s par le bureau du procureur &#8211; ne lui ont toujours pas \u00e9t\u00e9 restitu\u00e9s.<\/p>\n","protected":false},"excerpt":{"rendered":"<p>Vida Mohammadi, une r\u00e9sidente de T\u00e9h\u00e9ran, a \u00e9t\u00e9 condamn\u00e9e \u00e0 4 ans et 8 mois de prison par le syst\u00e8me judiciaire du r\u00e9gime iranien. Selon le verdict rendu par la branche 26 du tribunal r\u00e9volutionnaire de T\u00e9h\u00e9ran, Vida Mohammadi a \u00e9t\u00e9 condamn\u00e9e \u00e0 4 ans de prison pour \u00ab rassemblement et collusion en vue de [&hellip;]<\/p>\n","protected":false},"author":4,"featured_media":22180,"comment_status":"closed","ping_status":"closed","sticky":false,"template":"","format":"standard","meta":{"jnews-multi-image_gallery":[],"jnews_single_post":{"format":"standard"},"jnews_primary_category":[],"jnews_social_meta":[],"jnews_override_counter":[],"footnotes":""},"categories":[3],"tags":[370],"class_list":["post-22179","post","type-post","status-publish","format-standard","has-post-thumbnail","hentry","category-infos-des-femmes","tag-prisonnieres"],"_links":{"self":[{"href":"https:\/\/wncri.org\/fr\/wp-json\/wp\/v2\/posts\/22179","targetHints":{"allow":["GET"]}}],"collection":[{"href":"https:\/\/wncri.org\/fr\/wp-json\/wp\/v2\/posts"}],"about":[{"href":"https:\/\/wncri.org\/fr\/wp-json\/wp\/v2\/types\/post"}],"author":[{"embeddable":true,"href":"https:\/\/wncri.org\/fr\/wp-json\/wp\/v2\/users\/4"}],"replies":[{"embeddable":true,"href":"https:\/\/wncri.org\/fr\/wp-json\/wp\/v2\/comments?post=22179"}],"version-history":[{"count":1,"href":"https:\/\/wncri.org\/fr\/wp-json\/wp\/v2\/posts\/22179\/revisions"}],"predecessor-version":[{"id":22181,"href":"https:\/\/wncri.org\/fr\/wp-json\/wp\/v2\/posts\/22179\/revisions\/22181"}],"wp:featuredmedia":[{"embeddable":true,"href":"https:\/\/wncri.org\/fr\/wp-json\/wp\/v2\/media\/22180"}],"wp:attachment":[{"href":"https:\/\/wncri.org\/fr\/wp-json\/wp\/v2\/media?parent=22179"}],"wp:term":[{"taxonomy":"category","embeddable":true,"href":"https:\/\/wncri.org\/fr\/wp-json\/wp\/v2\/categories?post=22179"},{"taxonomy":"post_tag","embeddable":true,"href":"https:\/\/wncri.org\/fr\/wp-json\/wp\/v2\/tags?post=22179"}],"curies":[{"name":"wp","href":"https:\/\/api.w.org\/{rel}","templated":true}]}}