{"id":22139,"date":"2025-03-29T17:20:26","date_gmt":"2025-03-29T16:20:26","guid":{"rendered":"https:\/\/wncri.org\/fr\/?p=22139"},"modified":"2025-03-29T17:20:29","modified_gmt":"2025-03-29T16:20:29","slug":"theresa-villiers-jif2025","status":"publish","type":"post","link":"https:\/\/wncri.org\/fr\/2025\/03\/29\/theresa-villiers-jif2025\/","title":{"rendered":"Theresa Villiers \u00e0 la JIF2025 : Hommage aux droits des femmes et \u00e0 la lutte pour la libert\u00e9 en Iran"},"content":{"rendered":"\n<p>Le samedi 22 f\u00e9vrier 2025, la Commission des femmes du Conseil national de la R\u00e9sistance iranienne a organis\u00e9 une <a href=\"https:\/\/wncri.org\/fr\/2025\/02\/24\/conference-journee-mondiale-de-la-femme\/\" target=\"_blank\" rel=\"noreferrer noopener\">conf\u00e9rence<\/a> pour comm\u00e9morer la Journ\u00e9e internationale de la femme (JIF2025). L&#8217;\u00e9v\u00e9nement a rassembl\u00e9 d&#8217;\u00e9minentes dirigeantes politiques, des d\u00e9fenseurs des droits de l&#8217;homme et des partisans de la R\u00e9sistance iranienne venus de plus de 80 pays.<\/p>\n\n\n\n<p>Theresa Villiers est une femme politique britannique qui a \u00e9t\u00e9 membre du Parlement (MP) pour la circonscription de Barnet de 2005 \u00e0 2024, apr\u00e8s avoir \u00e9t\u00e9 membre du Parlement europ\u00e9en de 1999 \u00e0 2005. Membre du Parti conservateur, Mme Villiers a \u00e9t\u00e9 ministre d&#8217;\u00c9tat charg\u00e9e des chemins de fer et de l&#8217;aviation de 2010 \u00e0 2012, secr\u00e9taire d&#8217;\u00c9tat charg\u00e9e de l&#8217;Irlande du Nord de 2012 \u00e0 2016 et secr\u00e9taire d&#8217;\u00c9tat charg\u00e9e de l&#8217;environnement, de l&#8217;alimentation et des affaires rurales de 2019 \u00e0 2020.<\/p>\n\n\n\n<p>Theresa Villiers a prononc\u00e9 un discours lors de l&#8217;\u00e9v\u00e9nement de la JIF2025 \u00e0 Paris, dont le texte est pr\u00e9sent\u00e9 ci-dessous.<\/p>\n\n\n\n<h2 class=\"wp-block-heading\"><strong>Theresa Villiers : Un hommage \u00e0 la communaut\u00e9 iranienne britannique<\/strong><\/h2>\n\n\n\n<p>Je vous remercie, Madame Radjavi, de m&#8217;avoir invit\u00e9e \u00e0 participer \u00e0 cette importante r\u00e9union \u00e0 l&#8217;approche de <a href=\"https:\/\/www.internationalwomensday.com\/\" target=\"_blank\" rel=\"noreferrer noopener\">la Journ\u00e9e internationale de la femme<\/a>. J&#8217;aimerais commencer par remercier la communaut\u00e9 iranienne britannique pour tout le soutien qu&#8217;elle m&#8217;a apport\u00e9 au cours de mes 19 ann\u00e9es au Parlement.<\/p>\n\n\n\n<p>Je suis extr\u00eamement reconnaissante \u00e0 tous mes amis iraniens, y compris mes bons amis du CNRI. Ils m&#8217;ont incit\u00e9e \u00e0 m&#8217;exprimer sur l&#8217;Iran.<\/p>\n\n\n\n<p>La poursuite de la lutte pour les droits des femmes<\/p>\n\n\n\n<p>Ces bons amis m&#8217;ont incit\u00e9e \u00e0 m&#8217;\u00e9lever contre les mollahs de T\u00e9h\u00e9ran, et je partage la col\u00e8re ressentie par ceux que je repr\u00e9sentais au Parlement face aux crimes du r\u00e9gime iranien et \u00e0 la tyrannie qu&#8217;il impose.<\/p>\n\n\n\n<p>Alors que nous c\u00e9l\u00e9brons la Journ\u00e9e internationale de la femme, nous ne devons pas oublier qu&#8217;il existe encore des pays o\u00f9 les femmes sont trait\u00e9es comme des citoyennes de seconde zone.<\/p>\n\n\n\n<p>C&#8217;est une honte, comme tant d&#8217;autres l&#8217;ont dit. Il est honteux qu&#8217;en Iran, les femmes se voient refuser tant de droits fondamentaux &#8211; droits li\u00e9s au mariage, au divorce, \u00e0 la garde des enfants, \u00e0 l&#8217;emploi et \u00e0 l&#8217;h\u00e9ritage.<\/p>\n\n\n\n<p>La liste est longue et c&#8217;est inacceptable. Il est consternant que les sanctions pour violence domestique restent insuffisantes et que les poursuites soient rares. Il est tout \u00e0 fait r\u00e9voltant que l&#8217;\u00e2ge l\u00e9gal du mariage pour les filles ne soit que de 13 ans en Iran.<\/p>\n\n\n\n<figure class=\"wp-block-image size-large\"><img decoding=\"async\" src=\"data:image\/gif;base64,R0lGODlhAQABAIAAAAAAAP\/\/\/yH5BAEAAAAALAAAAAABAAEAAAIBRAA7\" data-src=\"https:\/\/wncri.org\/fr\/wp-content\/uploads\/2025\/03\/NCRI-Women-Theresa-Villiers-at-IWD2025-4-min-1024x576.jpg\" alt=\"Theresa Villiers \u00e0 la JIF2025 : Hommage aux droits des femmes et \u00e0 la lutte pour la libert\u00e9 en Iran\" class=\"wp-image-22142 lazyload\"\/><noscript><img decoding=\"async\" width=\"1024\" height=\"576\" src=\"https:\/\/wncri.org\/fr\/wp-content\/uploads\/2025\/03\/NCRI-Women-Theresa-Villiers-at-IWD2025-4-min-1024x576.jpg\" alt=\"Theresa Villiers \u00e0 la JIF2025 : Hommage aux droits des femmes et \u00e0 la lutte pour la libert\u00e9 en Iran\" class=\"wp-image-22142 lazyload\" srcset=\"https:\/\/wncri.org\/fr\/wp-content\/uploads\/2025\/03\/NCRI-Women-Theresa-Villiers-at-IWD2025-4-min-1024x576.jpg 1024w, https:\/\/wncri.org\/fr\/wp-content\/uploads\/2025\/03\/NCRI-Women-Theresa-Villiers-at-IWD2025-4-min-300x169.jpg 300w, https:\/\/wncri.org\/fr\/wp-content\/uploads\/2025\/03\/NCRI-Women-Theresa-Villiers-at-IWD2025-4-min-768x432.jpg 768w, https:\/\/wncri.org\/fr\/wp-content\/uploads\/2025\/03\/NCRI-Women-Theresa-Villiers-at-IWD2025-4-min-750x422.jpg 750w, https:\/\/wncri.org\/fr\/wp-content\/uploads\/2025\/03\/NCRI-Women-Theresa-Villiers-at-IWD2025-4-min-1140x641.jpg 1140w, https:\/\/wncri.org\/fr\/wp-content\/uploads\/2025\/03\/NCRI-Women-Theresa-Villiers-at-IWD2025-4-min.jpg 1200w\" sizes=\"(max-width: 1024px) 100vw, 1024px\" \/><\/noscript><\/figure>\n\n\n\n<h3 class=\"wp-block-heading\"><strong>La r\u00e9alit\u00e9 de l&#8217;oppression des femmes en Iran<\/strong><\/h3>\n\n\n\n<p>Au Royaume-Uni, nous nous sommes rendus compte ces derni\u00e8res ann\u00e9es qu&#8217;il y avait encore beaucoup \u00e0 faire pour que les droits des femmes soient pleinement respect\u00e9s. La Journ\u00e9e internationale de la femme est devenue pour nous l&#8217;occasion d&#8217;y r\u00e9fl\u00e9chir.<\/p>\n\n\n\n<p>La demande de moyens plus efficaces pour lutter contre la violence des hommes \u00e0 l&#8217;\u00e9gard des femmes s&#8217;est faite plus pressante en Grande-Bretagne ces derni\u00e8res ann\u00e9es.<\/p>\n\n\n\n<p>Notre nouvelle compr\u00e9hension et notre prise de conscience du fait que la bataille pour une v\u00e9ritable \u00e9galit\u00e9 se d\u00e9roule m\u00eame dans nos propres pays devraient nous rendre encore plus indign\u00e9s que nous ne l&#8217;\u00e9tions auparavant par le terrible sort des femmes en Iran.<\/p>\n\n\n\n<h3 class=\"wp-block-heading\"><strong>Un appel \u00e0 la justice et \u00e0 la responsabilit\u00e9<\/strong><\/h3>\n\n\n\n<p>Comme le rapporte Amnesty, des personnes continuent d&#8217;\u00eatre victimes de disparitions forc\u00e9es, de tortures et d&#8217;autres traitements cruels. L&#8217;impunit\u00e9 syst\u00e9matique pr\u00e9vaut pour les crimes contre l&#8217;humanit\u00e9 pass\u00e9s et pr\u00e9sents.<\/p>\n\n\n\n<p>Il est tout simplement inacceptable que les auteurs des massacres de 1988 n&#8217;aient jamais eu \u00e0 r\u00e9pondre de leurs actes. Il est scandaleux que ces crimes terribles soient rest\u00e9s impunis pendant si longtemps. Mais en conclusion, ne d\u00e9sesp\u00e9rons pas.<\/p>\n\n\n\n<figure class=\"wp-block-image size-large\"><img decoding=\"async\" src=\"data:image\/gif;base64,R0lGODlhAQABAIAAAAAAAP\/\/\/yH5BAEAAAAALAAAAAABAAEAAAIBRAA7\" data-src=\"https:\/\/wncri.org\/fr\/wp-content\/uploads\/2025\/03\/NCRI-Women-Theresa-Villiers-at-IWD2025-3-min-1024x576.jpg\" alt=\"Theresa Villiers \u00e0 la JIF2025 : Hommage aux droits des femmes et \u00e0 la lutte pour la libert\u00e9 en Iran\" class=\"wp-image-22141 lazyload\"\/><noscript><img decoding=\"async\" width=\"1024\" height=\"576\" src=\"https:\/\/wncri.org\/fr\/wp-content\/uploads\/2025\/03\/NCRI-Women-Theresa-Villiers-at-IWD2025-3-min-1024x576.jpg\" alt=\"Theresa Villiers \u00e0 la JIF2025 : Hommage aux droits des femmes et \u00e0 la lutte pour la libert\u00e9 en Iran\" class=\"wp-image-22141 lazyload\" srcset=\"https:\/\/wncri.org\/fr\/wp-content\/uploads\/2025\/03\/NCRI-Women-Theresa-Villiers-at-IWD2025-3-min-1024x576.jpg 1024w, https:\/\/wncri.org\/fr\/wp-content\/uploads\/2025\/03\/NCRI-Women-Theresa-Villiers-at-IWD2025-3-min-300x169.jpg 300w, https:\/\/wncri.org\/fr\/wp-content\/uploads\/2025\/03\/NCRI-Women-Theresa-Villiers-at-IWD2025-3-min-768x432.jpg 768w, https:\/\/wncri.org\/fr\/wp-content\/uploads\/2025\/03\/NCRI-Women-Theresa-Villiers-at-IWD2025-3-min-750x422.jpg 750w, https:\/\/wncri.org\/fr\/wp-content\/uploads\/2025\/03\/NCRI-Women-Theresa-Villiers-at-IWD2025-3-min-1140x641.jpg 1140w, https:\/\/wncri.org\/fr\/wp-content\/uploads\/2025\/03\/NCRI-Women-Theresa-Villiers-at-IWD2025-3-min.jpg 1200w\" sizes=\"(max-width: 1024px) 100vw, 1024px\" \/><\/noscript><\/figure>\n\n\n\n<h3 class=\"wp-block-heading\"><strong>Une vision optimiste de l&#8217;avenir de l&#8217;Iran<\/strong><\/h3>\n\n\n\n<p>Ces hommes malveillants ne peuvent pas l&#8217;emporter \u00e9ternellement&#8230; Un jour, nous c\u00e9l\u00e9brerons la Journ\u00e9e internationale de la femme en Iran. Un jour, nous verrons un syst\u00e8me judiciaire ind\u00e9pendant, l&#8217;\u00c9tat de droit et la transition vers des \u00e9lections libres et \u00e9quitables. Nous verrons enfin la justice et l&#8217;\u00e9galit\u00e9 pour les femmes.<\/p>\n\n\n\n<p>Ces aspirations cruciales sont \u00e9nonc\u00e9es dans le plan en dix points du CNRI pour un Iran d\u00e9mocratique, la\u00efque et non nucl\u00e9aire.<\/p>\n\n\n\n<p>Applaudissons donc les courageux dissidents et manifestants qui ont entretenu la flamme de l&#8217;espoir en Iran et tous ceux qui \u0153uvrent pour un avenir libre et d\u00e9mocratique pour le peuple iranien. Je vous remercie de votre attention.<\/p>\n","protected":false},"excerpt":{"rendered":"<p>Le samedi 22 f\u00e9vrier 2025, la Commission des femmes du Conseil national de la R\u00e9sistance iranienne a organis\u00e9 une conf\u00e9rence pour comm\u00e9morer la Journ\u00e9e internationale de la femme (JIF2025). L&#8217;\u00e9v\u00e9nement a rassembl\u00e9 d&#8217;\u00e9minentes dirigeantes politiques, des d\u00e9fenseurs des droits de l&#8217;homme et des partisans de la R\u00e9sistance iranienne venus de plus de 80 pays. Theresa [&hellip;]<\/p>\n","protected":false},"author":4,"featured_media":22140,"comment_status":"closed","ping_status":"closed","sticky":false,"template":"","format":"standard","meta":{"jnews-multi-image_gallery":[],"jnews_single_post":{"format":"standard"},"jnews_primary_category":[],"jnews_social_meta":[],"jnews_override_counter":[],"footnotes":""},"categories":[26],"tags":[373],"class_list":["post-22139","post","type-post","status-publish","format-standard","has-post-thumbnail","hentry","category-conference-du-8-mars","tag-le-leadership-des-femmes"],"_links":{"self":[{"href":"https:\/\/wncri.org\/fr\/wp-json\/wp\/v2\/posts\/22139","targetHints":{"allow":["GET"]}}],"collection":[{"href":"https:\/\/wncri.org\/fr\/wp-json\/wp\/v2\/posts"}],"about":[{"href":"https:\/\/wncri.org\/fr\/wp-json\/wp\/v2\/types\/post"}],"author":[{"embeddable":true,"href":"https:\/\/wncri.org\/fr\/wp-json\/wp\/v2\/users\/4"}],"replies":[{"embeddable":true,"href":"https:\/\/wncri.org\/fr\/wp-json\/wp\/v2\/comments?post=22139"}],"version-history":[{"count":1,"href":"https:\/\/wncri.org\/fr\/wp-json\/wp\/v2\/posts\/22139\/revisions"}],"predecessor-version":[{"id":22143,"href":"https:\/\/wncri.org\/fr\/wp-json\/wp\/v2\/posts\/22139\/revisions\/22143"}],"wp:featuredmedia":[{"embeddable":true,"href":"https:\/\/wncri.org\/fr\/wp-json\/wp\/v2\/media\/22140"}],"wp:attachment":[{"href":"https:\/\/wncri.org\/fr\/wp-json\/wp\/v2\/media?parent=22139"}],"wp:term":[{"taxonomy":"category","embeddable":true,"href":"https:\/\/wncri.org\/fr\/wp-json\/wp\/v2\/categories?post=22139"},{"taxonomy":"post_tag","embeddable":true,"href":"https:\/\/wncri.org\/fr\/wp-json\/wp\/v2\/tags?post=22139"}],"curies":[{"name":"wp","href":"https:\/\/api.w.org\/{rel}","templated":true}]}}