{"id":22135,"date":"2025-03-29T16:09:00","date_gmt":"2025-03-29T15:09:00","guid":{"rendered":"https:\/\/wncri.org\/fr\/?p=22135"},"modified":"2025-03-29T17:13:54","modified_gmt":"2025-03-29T16:13:54","slug":"helena-carreiras-jif2025","status":"publish","type":"post","link":"https:\/\/wncri.org\/fr\/2025\/03\/29\/helena-carreiras-jif2025\/","title":{"rendered":"Helena Carreiras \u00e0 la JIF2025 : Le courage des femmes iraniennes et la lutte pour la libert\u00e9"},"content":{"rendered":"\n<p>Le samedi 22 f\u00e9vrier 2025, la Commission des femmes du Conseil national de la R\u00e9sistance iranienne a organis\u00e9 une <a href=\"https:\/\/wncri.org\/fr\/2025\/02\/24\/conference-journee-mondiale-de-la-femme\/\" target=\"_blank\" rel=\"noreferrer noopener\">conf\u00e9rence<\/a> pour comm\u00e9morer la Journ\u00e9e internationale de la femme (JIF2025). L&#8217;\u00e9v\u00e9nement a rassembl\u00e9 d&#8217;\u00e9minentes dirigeantes politiques, des d\u00e9fenseurs des droits de l&#8217;homme et des partisans de la R\u00e9sistance iranienne venus de plus de 80 pays.<\/p>\n\n\n\n<p>Helena Carreiras a \u00e9t\u00e9 ministre de la D\u00e9fense nationale du Portugal (2022-2024). Elle a \u00e9galement \u00e9t\u00e9 la premi\u00e8re femme \u00e0 occuper ce poste.<\/p>\n\n\n\n<p>Helena Carreiras a <a href=\"https:\/\/x.com\/womenncri\/status\/1894437144778666393\" target=\"_blank\" rel=\"noreferrer noopener\">prononc\u00e9 un discours<\/a> lors de l&#8217;\u00e9v\u00e9nement JIF2025 \u00e0 Paris, dont le texte est pr\u00e9sent\u00e9 ci-dessous.<\/p>\n\n\n\n<h2 class=\"wp-block-heading\"><strong>Helena Carreiras :<\/strong> <strong>Le pouvoir des femmes dans la lutte pour la justice<\/strong><\/h2>\n\n\n\n<p>Ch\u00e8re Madame Radjavi et la Commission des femmes, les participants ici dans la salle, et aussi \u00e0 Achraf 3, je me tiens devant vous aujourd&#8217;hui pour honorer les femmes courageuses d&#8217;Iran, mais aussi toutes celles qui, comme vous, ont d\u00e9fendu leur combat pour la libert\u00e9 et la justice.<\/p>\n\n\n\n<p>En tant que chercheuse, j&#8217;ai appris que les nations qui n\u00e9gligent les femmes finissent par \u00e9chouer. Les soci\u00e9t\u00e9s qui r\u00e9priment les femmes sont des terrains propices \u00e0 la violence et \u00e0 l&#8217;instabilit\u00e9. Et nous savons que l&#8217;oppression des femmes nuit non seulement aux femmes, mais aussi aux hommes.<\/p>\n\n\n\n<h3 class=\"wp-block-heading\"><strong>Briser les barri\u00e8res du leadership<\/strong><\/h3>\n\n\n\n<p>En tant que premi\u00e8re femme ministre de la D\u00e9fense dans mon pays, j&#8217;ai \u00e9t\u00e9 confront\u00e9e \u00e0 de nombreux d\u00e9fis. Pourtant, j&#8217;ai \u00e9galement \u00e9t\u00e9 t\u00e9moin du pouvoir de transformation de la participation pleine et active des femmes au leadership<\/p>\n\n\n\n<p>Il ne s&#8217;agit pas seulement d&#8217;avoir un si\u00e8ge \u00e0 la table, mais d&#8217;avoir une voix qui r\u00e9sonne, de montrer l&#8217;exemple, comme vous le faites si courageusement. Je tiens \u00e0 rendre hommage \u00e0 l&#8217;esprit de r\u00e9sistance.<\/p>\n\n\n\n<h3 class=\"wp-block-heading\"><strong>La r\u00e9sistance : Un droit et une n\u00e9cessit\u00e9<\/strong><\/h3>\n\n\n\n<p>Comme vous nous le rappelez souvent, la r\u00e9sistance et le soul\u00e8vement sont des droits l\u00e9gitimes des peuples opprim\u00e9s, des droits inscrits dans la D\u00e9claration universelle des droits de l&#8217;homme, un ultime recours contre la tyrannie.<\/p>\n\n\n\n<h3 class=\"wp-block-heading\"><strong>Et je me fais l&#8217;\u00e9cho de vos paroles : la r\u00e9sistance n&#8217;est pas simplement un choix, mais une n\u00e9cessit\u00e9<\/strong><\/h3>\n\n\n\n<p>C&#8217;est la force qui maintient l&#8217;espoir, alimente l&#8217;organisation et ouvre la voie \u00e0 la libert\u00e9. Pendant pr\u00e8s d&#8217;un demi-si\u00e8cle, les femmes iraniennes ont endur\u00e9 la brutalit\u00e9 d&#8217;un r\u00e9gime misogyne.<\/p>\n\n\n\n<p>Pourtant, elles se sont organis\u00e9es, elles ont pris la parole. Des rues de T\u00e9h\u00e9ran aux villes et villages d&#8217;Iran, elles ont montr\u00e9 au monde la v\u00e9ritable signification du courage, de l&#8217;engagement in\u00e9branlable envers les valeurs, de l&#8217;action cons\u00e9quente.<\/p>\n\n\n\n<figure class=\"wp-block-image size-large\"><img decoding=\"async\" src=\"data:image\/gif;base64,R0lGODlhAQABAIAAAAAAAP\/\/\/yH5BAEAAAAALAAAAAABAAEAAAIBRAA7\" data-src=\"https:\/\/wncri.org\/fr\/wp-content\/uploads\/2025\/03\/NCRI-Women-Helena-Carreiras-2-min-1024x576.jpg\" alt=\"Helena Carreiras \u00e0 la Journ\u00e9e internationale de la femme 2025 : Le courage des femmes iraniennes et la lutte pour la libert\u00e9\" class=\"wp-image-22137 lazyload\"\/><noscript><img decoding=\"async\" width=\"1024\" height=\"576\" src=\"https:\/\/wncri.org\/fr\/wp-content\/uploads\/2025\/03\/NCRI-Women-Helena-Carreiras-2-min-1024x576.jpg\" alt=\"Helena Carreiras \u00e0 la Journ\u00e9e internationale de la femme 2025 : Le courage des femmes iraniennes et la lutte pour la libert\u00e9\" class=\"wp-image-22137 lazyload\" srcset=\"https:\/\/wncri.org\/fr\/wp-content\/uploads\/2025\/03\/NCRI-Women-Helena-Carreiras-2-min-1024x576.jpg 1024w, https:\/\/wncri.org\/fr\/wp-content\/uploads\/2025\/03\/NCRI-Women-Helena-Carreiras-2-min-300x169.jpg 300w, https:\/\/wncri.org\/fr\/wp-content\/uploads\/2025\/03\/NCRI-Women-Helena-Carreiras-2-min-768x432.jpg 768w, https:\/\/wncri.org\/fr\/wp-content\/uploads\/2025\/03\/NCRI-Women-Helena-Carreiras-2-min-750x422.jpg 750w, https:\/\/wncri.org\/fr\/wp-content\/uploads\/2025\/03\/NCRI-Women-Helena-Carreiras-2-min-1140x641.jpg 1140w, https:\/\/wncri.org\/fr\/wp-content\/uploads\/2025\/03\/NCRI-Women-Helena-Carreiras-2-min.jpg 1200w\" sizes=\"(max-width: 1024px) 100vw, 1024px\" \/><\/noscript><\/figure>\n\n\n\n<h3 class=\"wp-block-heading\"><strong>Une lutte pour un changement fondamental<\/strong><\/h3>\n\n\n\n<p>Il ne s&#8217;agit pas seulement d&#8217;une lutte pour le droit de choisir sa tenue vestimentaire ou m\u00eame d&#8217;exister en tant que citoyen \u00e0 part enti\u00e8re.<\/p>\n\n\n\n<p>Il s&#8217;agit d&#8217;une lutte profonde pour un changement fondamental en Iran. C&#8217;est pourquoi nous devons saluer le plan en douze points du CNRI pour les droits et libert\u00e9s des femmes dans l&#8217;Iran libre de demain.<\/p>\n\n\n\n<p>Un plan qui place l&#8217;\u00e9galit\u00e9 au premier plan de l&#8217;agenda politique. Le combat des femmes iraniennes est en effet notre combat.<\/p>\n\n\n\n<p>Comme l&#8217;a si bien dit Martin Luther King, \u00ab l&#8217;injustice, o\u00f9 qu&#8217;elle soit, est une menace pour la justice, o\u00f9 qu&#8217;elle soit \u00bb. Leur r\u00e9silience nous inspire et nous donne les moyens de lutter contre l&#8217;\u00e9rosion de la d\u00e9mocratie \u00e0 l&#8217;int\u00e9rieur et \u00e0 l&#8217;ext\u00e9rieur de nos fronti\u00e8res.<\/p>\n\n\n\n<h3 class=\"wp-block-heading\"><strong>Ensemble pour la libert\u00e9<\/strong><\/h3>\n\n\n\n<p>Leur combat nous rappelle brutalement que les droits durement acquis ne doivent jamais \u00eatre consid\u00e9r\u00e9s comme allant de soi. Nous devons rester vigilants face aux forces du retour en arri\u00e8re et nous devons rester unis pour prot\u00e9ger nos valeurs les plus fondamentales.<\/p>\n\n\n\n<p>Dans un monde de plus en plus dangereux, o\u00f9 les d\u00e9mocraties sont min\u00e9es de l&#8217;int\u00e9rieur et o\u00f9 la d\u00e9sinformation \u00e9rode la confiance, l&#8217;exemple des femmes iraniennes brille comme un phare, nous rappelant ce que nous devons d\u00e9fendre.<\/p>\n\n\n\n<p>Leur r\u00e9sistance, votre r\u00e9sistance, exige notre pers\u00e9v\u00e9rance. Nous devons agir dans les rues, dans nos foyers, dans les parlements, dans les \u00e9coles, dans les gouvernements, dans la soci\u00e9t\u00e9 civile, pour amplifier leurs voix, montrer leurs visages, hisser leurs drapeaux.<\/p>\n\n\n\n<p>C&#8217;est la politique, c&#8217;est la culture. C&#8217;est le combat de nos vies.<\/p>\n\n\n\n<p>Je vous remercie de votre attention.<\/p>\n","protected":false},"excerpt":{"rendered":"<p>Le samedi 22 f\u00e9vrier 2025, la Commission des femmes du Conseil national de la R\u00e9sistance iranienne a organis\u00e9 une conf\u00e9rence pour comm\u00e9morer la Journ\u00e9e internationale de la femme (JIF2025). L&#8217;\u00e9v\u00e9nement a rassembl\u00e9 d&#8217;\u00e9minentes dirigeantes politiques, des d\u00e9fenseurs des droits de l&#8217;homme et des partisans de la R\u00e9sistance iranienne venus de plus de 80 pays. Helena [&hellip;]<\/p>\n","protected":false},"author":4,"featured_media":22136,"comment_status":"closed","ping_status":"closed","sticky":false,"template":"","format":"standard","meta":{"jnews-multi-image_gallery":[],"jnews_single_post":{"format":"standard"},"jnews_primary_category":[],"jnews_social_meta":[],"jnews_override_counter":[],"footnotes":""},"categories":[26],"tags":[373],"class_list":["post-22135","post","type-post","status-publish","format-standard","has-post-thumbnail","hentry","category-conference-du-8-mars","tag-le-leadership-des-femmes"],"_links":{"self":[{"href":"https:\/\/wncri.org\/fr\/wp-json\/wp\/v2\/posts\/22135","targetHints":{"allow":["GET"]}}],"collection":[{"href":"https:\/\/wncri.org\/fr\/wp-json\/wp\/v2\/posts"}],"about":[{"href":"https:\/\/wncri.org\/fr\/wp-json\/wp\/v2\/types\/post"}],"author":[{"embeddable":true,"href":"https:\/\/wncri.org\/fr\/wp-json\/wp\/v2\/users\/4"}],"replies":[{"embeddable":true,"href":"https:\/\/wncri.org\/fr\/wp-json\/wp\/v2\/comments?post=22135"}],"version-history":[{"count":1,"href":"https:\/\/wncri.org\/fr\/wp-json\/wp\/v2\/posts\/22135\/revisions"}],"predecessor-version":[{"id":22138,"href":"https:\/\/wncri.org\/fr\/wp-json\/wp\/v2\/posts\/22135\/revisions\/22138"}],"wp:featuredmedia":[{"embeddable":true,"href":"https:\/\/wncri.org\/fr\/wp-json\/wp\/v2\/media\/22136"}],"wp:attachment":[{"href":"https:\/\/wncri.org\/fr\/wp-json\/wp\/v2\/media?parent=22135"}],"wp:term":[{"taxonomy":"category","embeddable":true,"href":"https:\/\/wncri.org\/fr\/wp-json\/wp\/v2\/categories?post=22135"},{"taxonomy":"post_tag","embeddable":true,"href":"https:\/\/wncri.org\/fr\/wp-json\/wp\/v2\/tags?post=22135"}],"curies":[{"name":"wp","href":"https:\/\/api.w.org\/{rel}","templated":true}]}}