{"id":22131,"date":"2025-03-29T16:40:55","date_gmt":"2025-03-29T15:40:55","guid":{"rendered":"https:\/\/wncri.org\/fr\/?p=22131"},"modified":"2025-03-29T16:40:57","modified_gmt":"2025-03-29T15:40:57","slug":"kathleen-depoorter-a-la-jif2025","status":"publish","type":"post","link":"https:\/\/wncri.org\/fr\/2025\/03\/29\/kathleen-depoorter-a-la-jif2025\/","title":{"rendered":"Kathleen Depoorter \u00e0 la JIF2025 : Le courage des femmes iraniennes rayonne"},"content":{"rendered":"\n<p>Le samedi 22 f\u00e9vrier 2025, la <a href=\"https:\/\/wncri.org\/fr\/2025\/02\/24\/conference-journee-mondiale-de-la-femme\/\" target=\"_blank\" rel=\"noreferrer noopener\">Commission<\/a> des femmes du Conseil national de la R\u00e9sistance iranienne a organis\u00e9 une conf\u00e9rence pour comm\u00e9morer la Journ\u00e9e internationale de la femme (JIF 2025). L&#8217;\u00e9v\u00e9nement a rassembl\u00e9 d&#8217;\u00e9minentes dirigeantes politiques, des d\u00e9fenseurs des droits de l&#8217;homme et des partisans de la R\u00e9sistance iranienne venus de plus de 80 pays.<\/p>\n\n\n\n<p>Kathleen Depoorter est une femme politique belge, membre de la Chambre des repr\u00e9sentants de Belgique et vice-pr\u00e9sidente de la commission des affaires \u00e9trang\u00e8res.<\/p>\n\n\n\n<p>Kathleen Depoorter a <a href=\"https:\/\/x.com\/womenncri\/status\/1893402278901551367\" target=\"_blank\" rel=\"noreferrer noopener\">prononc\u00e9 un discours<\/a> lors de l&#8217;\u00e9v\u00e9nement de la JIF2025 \u00e0 Paris, dont le texte est pr\u00e9sent\u00e9 ci-dessous.<\/p>\n\n\n\n<h2 class=\"wp-block-heading\"><strong>Kathleen Depoorter : Un engagement renouvel\u00e9 en faveur des femmes courageuses d&#8217;Iran et d&#8217;Achraf 3<\/strong><\/h2>\n\n\n\n<p>Madame Radjavi, quel plaisir d&#8217;\u00eatre \u00e0 nouveau ici en cette Journ\u00e9e internationale de la femme.<\/p>\n\n\n\n<p>Mesdames et Messieurs,<\/p>\n\n\n\n<p>Je suis toujours ravie d&#8217;\u00eatre ici et de me tenir aux c\u00f4t\u00e9s des femmes &#8211; les braves et courageuses femmes d&#8217;Achraf 3 &#8211; et des femmes iraniennes qui continuent \u00e0 se battre pour la libert\u00e9, la d\u00e9mocratie et l&#8217;\u00e9galit\u00e9 en Iran.<\/p>\n\n\n\n<p>Et \u00e0 l&#8217;occasion de la Journ\u00e9e internationale de la femme, alors que beaucoup c\u00e9l\u00e8brent le progr\u00e8s, certains sont t\u00e9moins du d\u00e9clin. Mais beaucoup c\u00e9l\u00e8brent le progr\u00e8s.<\/p>\n\n\n\n<p>En juin, j&#8217;\u00e9tais ici et j&#8217;ai annonc\u00e9 que nous \u00e9tions en train de n\u00e9gocier un nouveau gouvernement.<\/p>\n\n\n\n<p>Et je suis tr\u00e8s fi\u00e8re de pouvoir vous annoncer que nous avons un nouveau gouvernement en Belgique, avec le chef de mon parti comme Premier ministre. Ces n\u00e9gociations ont dur\u00e9 plus de 8 mois, ce qui n&#8217;a pas \u00e9t\u00e9 facile.<\/p>\n\n\n\n<p>Mais il est tr\u00e8s important de vous dire &#8211; et j&#8217;en suis tr\u00e8s fier &#8211; que les 5 partis politiques qui sont maintenant \u00e0 la t\u00eate du gouvernement belge se sont mis d&#8217;accord pour changer fondamentalement la politique \u00e0 l&#8217;\u00e9gard de l&#8217;Iran.<\/p>\n\n\n\n<h3 class=\"wp-block-heading\"><strong>Condamner les prises d&#8217;otages et le terrorisme<\/strong><\/h3>\n\n\n\n<p>J&#8217;esp\u00e8re que de nombreux \u00c9tats membres europ\u00e9ens nous suivront, car le gouvernement belge est clair : nous n&#8217;apaiserons pas les mollahs. Nous ne regarderons pas ailleurs alors que T\u00e9h\u00e9ran poursuit ses discriminations \u00e0 l&#8217;encontre des femmes, des dissidents politiques et des minorit\u00e9s ethniques et religieuses. Cela ne peut \u00eatre accept\u00e9. Mon gouvernement &#8211; la Belgique &#8211; s&#8217;opposera au r\u00e9gime iranien de prise d&#8217;otages.<\/p>\n\n\n\n<p>C&#8217;est ill\u00e9gal, c&#8217;est inhumain et cela doit \u00eatre condamn\u00e9 sans \u00e9quivoque. La Belgique fera \u00e9galement pression pour que le Corps des gardiens de la r\u00e9volution iranienne, le CGRI, soit inscrit sur la liste noire des organisations terroristes.<\/p>\n\n\n\n<p>Car nous sommes convaincus &#8211; et nous le savons tous, et les Nations Unies le savent aussi &#8211; que le CGRI est non seulement responsable de la r\u00e9pression \u00e0 l&#8217;int\u00e9rieur de l&#8217;Iran, mais qu&#8217;il d\u00e9stabilise aussi le Moyen-Orient et bien au-del\u00e0. Et cela ne peut rester impuni.<\/p>\n\n\n\n<p>C&#8217;est ce que mon gouvernement affirme d\u00e9sormais dans l&#8217;accord gouvernemental, et nous sommes pr\u00eats \u00e0 convaincre d&#8217;autres dirigeants politiques sur ce point.<\/p>\n\n\n\n<figure class=\"wp-block-image size-large\"><img decoding=\"async\" src=\"data:image\/gif;base64,R0lGODlhAQABAIAAAAAAAP\/\/\/yH5BAEAAAAALAAAAAABAAEAAAIBRAA7\" data-src=\"https:\/\/wncri.org\/fr\/wp-content\/uploads\/2025\/03\/Kathleen-Depoorter-IWD2025_2-min-1024x576.jpg\" alt=\"Kathleen Depoorter \u00e0 la JIF2025 : Le courage des femmes iraniennes rayonne\" class=\"wp-image-22133 lazyload\"\/><noscript><img decoding=\"async\" width=\"1024\" height=\"576\" src=\"https:\/\/wncri.org\/fr\/wp-content\/uploads\/2025\/03\/Kathleen-Depoorter-IWD2025_2-min-1024x576.jpg\" alt=\"Kathleen Depoorter \u00e0 la JIF2025 : Le courage des femmes iraniennes rayonne\" class=\"wp-image-22133 lazyload\" srcset=\"https:\/\/wncri.org\/fr\/wp-content\/uploads\/2025\/03\/Kathleen-Depoorter-IWD2025_2-min-1024x576.jpg 1024w, https:\/\/wncri.org\/fr\/wp-content\/uploads\/2025\/03\/Kathleen-Depoorter-IWD2025_2-min-300x169.jpg 300w, https:\/\/wncri.org\/fr\/wp-content\/uploads\/2025\/03\/Kathleen-Depoorter-IWD2025_2-min-768x432.jpg 768w, https:\/\/wncri.org\/fr\/wp-content\/uploads\/2025\/03\/Kathleen-Depoorter-IWD2025_2-min-750x422.jpg 750w, https:\/\/wncri.org\/fr\/wp-content\/uploads\/2025\/03\/Kathleen-Depoorter-IWD2025_2-min-1140x641.jpg 1140w, https:\/\/wncri.org\/fr\/wp-content\/uploads\/2025\/03\/Kathleen-Depoorter-IWD2025_2-min.jpg 1200w\" sizes=\"(max-width: 1024px) 100vw, 1024px\" \/><\/noscript><\/figure>\n\n\n\n<h3 class=\"wp-block-heading\"><strong>La misogynie du r\u00e9gime n&#8217;est pas un hasard<\/strong><\/h3>\n\n\n\n<p>Nous \u00e9coutions Mme Rajavi- c&#8217;est toujours un plaisir d&#8217;\u00e9couter votre vision.<\/p>\n\n\n\n<p>Et je me disais que l&#8217;attitude inhumaine de ce r\u00e9gime \u00e0 l&#8217;\u00e9gard des femmes n&#8217;est pas accidentelle. Elle est au c\u0153ur de leur id\u00e9ologie. Cette oppression des femmes ne se r\u00e9sume pas \u00e0 quelques lois discriminatoires.<\/p>\n\n\n\n<p>Non, c&#8217;est un pilier de la dictature th\u00e9ocratique. Et il nous est difficile de l&#8217;imaginer dans les pays occidentaux. Mais ces femmes sont confront\u00e9es quotidiennement \u00e0 la discrimination, \u00e0 l&#8217;oppression, au port du voile forc\u00e9 &#8211; et nous ne pouvons pas comprendre.<\/p>\n\n\n\n<p>Mais elles y sont confront\u00e9es simplement parce qu&#8217;elles r\u00e9clament leurs droits fondamentaux. Il s&#8217;agit de droits de l&#8217;homme, ni plus ni moins. Nous devons donc les soutenir.<\/p>\n\n\n\n<p>Malgr\u00e9 la brutalit\u00e9, les femmes iraniennes ont montr\u00e9 au monde la v\u00e9ritable signification de la r\u00e9silience. Elles \u00e9taient au c\u0153ur du soul\u00e8vement de 2022. Elles m\u00e8nent toujours le combat pour la d\u00e9mocratie. Et elles sont tr\u00e8s claires :<\/p>\n\n\n\n<p>Ni le Shah, ni les mollahs. Ils s&#8217;y opposent. Le peuple iranien rejette les dictatures pass\u00e9es et pr\u00e9sentes et exige un avenir ancr\u00e9 dans la d\u00e9mocratie et l&#8217;\u00e9galit\u00e9 des sexes.<\/p>\n\n\n\n<h3 class=\"wp-block-heading\"><strong>La vision de Mme Radjavi et du CNRI<\/strong><\/h3>\n\n\n\n<p>C&#8217;est ce que Mme Radjavi et son mouvement peuvent apporter. Dans la lutte contre le fondamentalisme islamique, le Conseil national de la r\u00e9sistance iranienne, avec tous ses membres et militants &#8211; et nous avons vu la partie \u00e9motionnelle du discours de Mme Radjavi &#8211; vous avez fait beaucoup de sacrifices.<\/p>\n\n\n\n<p>Vous avez pay\u00e9 un prix \u00e9norme, et cela nous donne l&#8217;\u00e9lan n\u00e9cessaire pour continuer \u00e0 nous battre pour un Iran libre, pour continuer \u00e0 vous soutenir.<\/p>\n\n\n\n<p>Et cela a \u00e9t\u00e9 dit cet apr\u00e8s-midi, mais c&#8217;est aussi un peu votre journ\u00e9e, Mme Radjavi. Quel leadership inspirant. Nous sommes si heureux d&#8217;\u00eatre ici, et ils sont si heureux de vous avoir comme leader.<\/p>\n\n\n\n<p>Mais bien s\u00fbr, un leader a besoin d&#8217;une \u00e9quipe. Et vous avez cette grande \u00e9quipe de volontaires &#8211; ces unit\u00e9s de r\u00e9sistance, les unit\u00e9s de r\u00e9sistance de l&#8217;OMPI \u00e0 l&#8217;int\u00e9rieur de l&#8217;Iran &#8211; qui se sacrifient pour la grande cause d&#8217;un Iran libre.<\/p>\n\n\n\n<p>Votre plan en dix points pr\u00e9sente la vision d&#8217;une r\u00e9publique d\u00e9mocratique avec &#8211; et c&#8217;est tr\u00e8s important &#8211; l&#8217;\u00e9galit\u00e9 des sexes.<\/p>\n\n\n\n<figure class=\"wp-block-image size-large\"><img decoding=\"async\" src=\"data:image\/gif;base64,R0lGODlhAQABAIAAAAAAAP\/\/\/yH5BAEAAAAALAAAAAABAAEAAAIBRAA7\" data-src=\"https:\/\/wncri.org\/fr\/wp-content\/uploads\/2025\/03\/NCRI-Women-Linda-Chavez-2-min-1024x576.jpg\" alt=\"Kathleen Depoorter Linda Chavez \u00e0 la JIF2025 : Le peuple iranien choisira son propre avenir\" class=\"wp-image-22110 lazyload\"\/><noscript><img decoding=\"async\" width=\"1024\" height=\"576\" src=\"https:\/\/wncri.org\/fr\/wp-content\/uploads\/2025\/03\/NCRI-Women-Linda-Chavez-2-min-1024x576.jpg\" alt=\"Kathleen Depoorter Linda Chavez \u00e0 la JIF2025 : Le peuple iranien choisira son propre avenir\" class=\"wp-image-22110 lazyload\" srcset=\"https:\/\/wncri.org\/fr\/wp-content\/uploads\/2025\/03\/NCRI-Women-Linda-Chavez-2-min-1024x576.jpg 1024w, https:\/\/wncri.org\/fr\/wp-content\/uploads\/2025\/03\/NCRI-Women-Linda-Chavez-2-min-300x169.jpg 300w, https:\/\/wncri.org\/fr\/wp-content\/uploads\/2025\/03\/NCRI-Women-Linda-Chavez-2-min-768x432.jpg 768w, https:\/\/wncri.org\/fr\/wp-content\/uploads\/2025\/03\/NCRI-Women-Linda-Chavez-2-min-750x422.jpg 750w, https:\/\/wncri.org\/fr\/wp-content\/uploads\/2025\/03\/NCRI-Women-Linda-Chavez-2-min-1140x641.jpg 1140w, https:\/\/wncri.org\/fr\/wp-content\/uploads\/2025\/03\/NCRI-Women-Linda-Chavez-2-min.jpg 1200w\" sizes=\"(max-width: 1024px) 100vw, 1024px\" \/><\/noscript><\/figure>\n\n\n\n<h3 class=\"wp-block-heading\"><strong>Vers une r\u00e9publique qui respecte les droits des femmes<\/strong><\/h3>\n\n\n\n<p>Mais o\u00f9 l&#8217;\u00e9galit\u00e9 des sexes n&#8217;est pas seulement promise, mais pratiqu\u00e9e. C&#8217;est vers cela que nous nous dirigeons : une r\u00e9publique o\u00f9 les femmes peuvent occuper des postes de direction \u00e0 tous les niveaux.<\/p>\n\n\n\n<p>Une r\u00e9publique o\u00f9 le hijab obligatoire et la discrimination sont abolis. Et o\u00f9 plus aucune femme ne sera ex\u00e9cut\u00e9e ou emprisonn\u00e9e simplement pour ses convictions.<\/p>\n\n\n\n<p>\u00c0 toutes les femmes courageuses d&#8217;Iran : vous \u00eates une v\u00e9ritable source d&#8217;inspiration, non seulement pour vos compatriotes iraniens, mais aussi pour les gens du monde entier.<\/p>\n\n\n\n<p>Je vous souhaite \u00e0 tous et toutes : bonne chance<\/p>\n\n\n\n<p>Longue vie aux femmes iraniennes qui luttent pour la libert\u00e9, et faisons de 2025 l&#8217;ann\u00e9e d&#8217;un Iran libre.<\/p>\n","protected":false},"excerpt":{"rendered":"<p>Le samedi 22 f\u00e9vrier 2025, la Commission des femmes du Conseil national de la R\u00e9sistance iranienne a organis\u00e9 une conf\u00e9rence pour comm\u00e9morer la Journ\u00e9e internationale de la femme (JIF 2025). L&#8217;\u00e9v\u00e9nement a rassembl\u00e9 d&#8217;\u00e9minentes dirigeantes politiques, des d\u00e9fenseurs des droits de l&#8217;homme et des partisans de la R\u00e9sistance iranienne venus de plus de 80 pays. [&hellip;]<\/p>\n","protected":false},"author":4,"featured_media":22132,"comment_status":"closed","ping_status":"closed","sticky":false,"template":"","format":"standard","meta":{"jnews-multi-image_gallery":[],"jnews_single_post":{"format":"standard"},"jnews_primary_category":[],"jnews_social_meta":[],"jnews_override_counter":[],"footnotes":""},"categories":[26],"tags":[373],"class_list":["post-22131","post","type-post","status-publish","format-standard","has-post-thumbnail","hentry","category-conference-du-8-mars","tag-le-leadership-des-femmes"],"_links":{"self":[{"href":"https:\/\/wncri.org\/fr\/wp-json\/wp\/v2\/posts\/22131","targetHints":{"allow":["GET"]}}],"collection":[{"href":"https:\/\/wncri.org\/fr\/wp-json\/wp\/v2\/posts"}],"about":[{"href":"https:\/\/wncri.org\/fr\/wp-json\/wp\/v2\/types\/post"}],"author":[{"embeddable":true,"href":"https:\/\/wncri.org\/fr\/wp-json\/wp\/v2\/users\/4"}],"replies":[{"embeddable":true,"href":"https:\/\/wncri.org\/fr\/wp-json\/wp\/v2\/comments?post=22131"}],"version-history":[{"count":1,"href":"https:\/\/wncri.org\/fr\/wp-json\/wp\/v2\/posts\/22131\/revisions"}],"predecessor-version":[{"id":22134,"href":"https:\/\/wncri.org\/fr\/wp-json\/wp\/v2\/posts\/22131\/revisions\/22134"}],"wp:featuredmedia":[{"embeddable":true,"href":"https:\/\/wncri.org\/fr\/wp-json\/wp\/v2\/media\/22132"}],"wp:attachment":[{"href":"https:\/\/wncri.org\/fr\/wp-json\/wp\/v2\/media?parent=22131"}],"wp:term":[{"taxonomy":"category","embeddable":true,"href":"https:\/\/wncri.org\/fr\/wp-json\/wp\/v2\/categories?post=22131"},{"taxonomy":"post_tag","embeddable":true,"href":"https:\/\/wncri.org\/fr\/wp-json\/wp\/v2\/tags?post=22131"}],"curies":[{"name":"wp","href":"https:\/\/api.w.org\/{rel}","templated":true}]}}