{"id":22121,"date":"2025-03-28T20:49:58","date_gmt":"2025-03-28T19:49:58","guid":{"rendered":"https:\/\/wncri.org\/fr\/?p=22121"},"modified":"2025-03-28T20:50:10","modified_gmt":"2025-03-28T19:50:10","slug":"les-meres-en-quete-de-justice","status":"publish","type":"post","link":"https:\/\/wncri.org\/fr\/2025\/03\/28\/les-meres-en-quete-de-justice\/","title":{"rendered":"Les m\u00e8res en qu\u00eate de justice et leur souhait de voir le r\u00e9gime renvers\u00e9"},"content":{"rendered":"\n<h4 class=\"wp-block-heading\">T\u00e9h\u00e9ran, jeudi 27 mars 2025 &#8211; Dans le silence pesant du cimeti\u00e8re Behesht Zahra de T\u00e9h\u00e9ran, une des m\u00e8res en qu\u00eate de justice, qui a perdu son enfant dans la vague d&#8217;ex\u00e9cutions perp\u00e9tr\u00e9es par le r\u00e9gime iranien, s&#8217;agenouille \u00e0 c\u00f4t\u00e9 de la tombe de Mohsen Shekari, le premier manifestant ex\u00e9cut\u00e9 par le r\u00e9gime en 2022.<\/h4>\n\n\n\n<p>Sa voix tremble de douleur, mais elle est anim\u00e9e d&#8217;une d\u00e9termination in\u00e9branlable. <a href=\"https:\/\/x.com\/iranhrs99\/status\/1905243723002515745\">Tout en<\/a><a href=\"https:\/\/x.com\/iranhrs99\/status\/1905243723002515745\" target=\"_blank\" rel=\"noreferrer noopener\"> <\/a><a href=\"https:\/\/x.com\/iranhrs99\/status\/1905243723002515745\">murmurant<\/a> \u00e0 Mohsen Shekari &#8211; dont le nom est devenu un symbole de la r\u00e9sistance publique &#8211; elle orne sa tombe de fleurs, en hommage \u00e0 son propre fils. Alors que des larmes tombent sur la pierre froide, elle exprime son souhait sans h\u00e9sitation : &#8221; Le renversement de ce r\u00e9gime oppressif.&#8221;<\/p>\n\n\n\n<h3 class=\"wp-block-heading\"><strong>Le cri de la justice : Les m\u00e8res endeuill\u00e9es refusent d&#8217;\u00eatre r\u00e9duites au silence<\/strong><\/h3>\n\n\n\n<p>Les ex\u00e9cutions massives en Iran ont endeuill\u00e9 d&#8217;innombrables familles. Parmi elles, les m\u00e8res en qu\u00eate de justice sont devenues de puissants symboles de la r\u00e9sistance \u00e0 l&#8217;oppression. Chaque semaine, elles se recueillent sur les tombes de leurs proches, perp\u00e9tuant leur souvenir et r\u00e9clamant justice.<\/p>\n\n\n\n<p>L&#8217;une de ces m\u00e8res, qui a attach\u00e9 un ruban rouge \u00e0 l&#8217;arbre situ\u00e9 au-dessus de la tombe de Shekari, explique son geste symbolique : \u00ab Ce ruban est une protestation contre les ex\u00e9cutions et le r\u00e9gime iranien. Nous ne voulons pas que d&#8217;autres de nos enfants soient tu\u00e9s \u00bb.<\/p>\n\n\n\n<h3 class=\"wp-block-heading\"><strong>Des tombes fleuries : Une protestation silencieuse mais puissante<\/strong><\/h3>\n\n\n\n<p>Ces derniers mois, les familles des personnes ex\u00e9cut\u00e9es se sont tourn\u00e9es vers des actes symboliques de d\u00e9fi, ornant les tombes de leurs proches de fleurs pour envoyer un message de r\u00e9silience et de d\u00e9fi \u00e0 la fois \u00e0 la soci\u00e9t\u00e9 et au monde. Ces m\u00e8res, qui ont r\u00e9sist\u00e9 \u00e0 des ann\u00e9es de menaces et de r\u00e9pression, ne cherchent pas seulement \u00e0 obtenir justice pour leurs propres enfants, mais pour toutes les victimes de la r\u00e9pression brutale du r\u00e9gime.<\/p>\n\n\n\n<h3 class=\"wp-block-heading\"><strong>La r\u00e9pression du r\u00e9gime \u00e0 l&#8217;encontre des m\u00e8res en qu\u00eate de justice<\/strong><\/h3>\n\n\n\n<p>Le r\u00e9gime iranien a cherch\u00e9 \u00e0 maintes reprises \u00e0 <a href=\"https:\/\/wncri.org\/fr\/2023\/06\/10\/40-meres-cherchant-a-obtenir\/\" target=\"_blank\" rel=\"noreferrer noopener\">r\u00e9duire au silence<\/a> les m\u00e8res en qu\u00eate de justice, en les soumettant \u00e0 des menaces de s\u00e9curit\u00e9, en emp\u00eachant leurs rassemblements et m\u00eame en <a href=\"https:\/\/wncri.org\/fr\/2022\/07\/12\/manifestations-de-novembre\/\" target=\"_blank\" rel=\"noreferrer noopener\">d\u00e9tenant certaines d&#8217;entre elles<\/a>. Pourtant, ces menaces ne les ont pas dissuad\u00e9es de demander justice. <a href=\"https:\/\/wncri.org\/fr\/2024\/09\/24\/mahboubeh-ramezani-rahimeh-youssefzadeh\/\" target=\"_blank\" rel=\"noreferrer noopener\">Nombre de ces m\u00e8res<\/a>, qui ont perdu leurs enfants lors de manifestations de rue, dans des cellules de prison ou sous la torture, sont aujourd&#8217;hui devenues des symboles de d\u00e9fi contre la tyrannie.<\/p>\n\n\n\n<h3 class=\"wp-block-heading\"><strong>Une vision commune : Un Iran sans ex\u00e9cutions ni r\u00e9pression<\/strong><\/h3>\n\n\n\n<p>Avec la vague croissante d&#8217;oppression, la col\u00e8re et le m\u00e9contentement de la population iranienne ont atteint un point d&#8217;\u00e9bullition. Les m\u00e8res endeuill\u00e9es, qui demandent justice pour leurs enfants assassin\u00e9s, esp\u00e8rent plus que jamais que leur r\u00eave de libert\u00e9 et de justice se r\u00e9alisera. Elles r\u00e9clament des tribunaux internationaux ind\u00e9pendants pour que les responsables de ces crimes r\u00e9pondent de leurs actes, jurant de ne pas rel\u00e2cher leurs efforts tant que la justice n&#8217;aura pas \u00e9t\u00e9 rendue.<\/p>\n\n\n\n<p>Les tombes fleuries, les larmes des m\u00e8res et leurs cris pour la justice sont autant de signes d&#8217;un mouvement grandissant qui refuse de s&#8217;\u00e9teindre. Ces femmes, qui ont perdu leurs proches dans la lutte pour la libert\u00e9, restent in\u00e9branlables. Elles croient que la fin de ce r\u00e9gime et l&#8217;arr\u00eat des ex\u00e9cutions ne sont plus des r\u00eaves lointains, mais des r\u00e9alit\u00e9s in\u00e9vitables, qui se r\u00e9aliseront gr\u00e2ce \u00e0 l&#8217;unit\u00e9 et \u00e0 la r\u00e9sistance.<\/p>\n","protected":false},"excerpt":{"rendered":"<p>T\u00e9h\u00e9ran, jeudi 27 mars 2025 &#8211; Dans le silence pesant du cimeti\u00e8re Behesht Zahra de T\u00e9h\u00e9ran, une des m\u00e8res en qu\u00eate de justice, qui a perdu son enfant dans la vague d&#8217;ex\u00e9cutions perp\u00e9tr\u00e9es par le r\u00e9gime iranien, s&#8217;agenouille \u00e0 c\u00f4t\u00e9 de la tombe de Mohsen Shekari, le premier manifestant ex\u00e9cut\u00e9 par le r\u00e9gime en 2022. [&hellip;]<\/p>\n","protected":false},"author":4,"featured_media":22122,"comment_status":"closed","ping_status":"closed","sticky":false,"template":"","format":"standard","meta":{"jnews-multi-image_gallery":[],"jnews_single_post":{"format":"standard"},"jnews_primary_category":[],"jnews_social_meta":[],"jnews_override_counter":[],"footnotes":""},"categories":[8],"tags":[367,369],"class_list":["post-22121","post","type-post","status-publish","format-standard","has-post-thumbnail","hentry","category-articles","tag-execution","tag-manifestations"],"_links":{"self":[{"href":"https:\/\/wncri.org\/fr\/wp-json\/wp\/v2\/posts\/22121","targetHints":{"allow":["GET"]}}],"collection":[{"href":"https:\/\/wncri.org\/fr\/wp-json\/wp\/v2\/posts"}],"about":[{"href":"https:\/\/wncri.org\/fr\/wp-json\/wp\/v2\/types\/post"}],"author":[{"embeddable":true,"href":"https:\/\/wncri.org\/fr\/wp-json\/wp\/v2\/users\/4"}],"replies":[{"embeddable":true,"href":"https:\/\/wncri.org\/fr\/wp-json\/wp\/v2\/comments?post=22121"}],"version-history":[{"count":1,"href":"https:\/\/wncri.org\/fr\/wp-json\/wp\/v2\/posts\/22121\/revisions"}],"predecessor-version":[{"id":22123,"href":"https:\/\/wncri.org\/fr\/wp-json\/wp\/v2\/posts\/22121\/revisions\/22123"}],"wp:featuredmedia":[{"embeddable":true,"href":"https:\/\/wncri.org\/fr\/wp-json\/wp\/v2\/media\/22122"}],"wp:attachment":[{"href":"https:\/\/wncri.org\/fr\/wp-json\/wp\/v2\/media?parent=22121"}],"wp:term":[{"taxonomy":"category","embeddable":true,"href":"https:\/\/wncri.org\/fr\/wp-json\/wp\/v2\/categories?post=22121"},{"taxonomy":"post_tag","embeddable":true,"href":"https:\/\/wncri.org\/fr\/wp-json\/wp\/v2\/tags?post=22121"}],"curies":[{"name":"wp","href":"https:\/\/api.w.org\/{rel}","templated":true}]}}