{"id":22085,"date":"2025-03-23T19:22:55","date_gmt":"2025-03-23T18:22:55","guid":{"rendered":"https:\/\/wncri.org\/fr\/?p=22085"},"modified":"2025-03-24T19:25:21","modified_gmt":"2025-03-24T18:25:21","slug":"mahnaz-tarrah","status":"publish","type":"post","link":"https:\/\/wncri.org\/fr\/2025\/03\/23\/mahnaz-tarrah\/","title":{"rendered":"Pression accrue sur Mahnaz Tarrah \u00e0 la prison d&#8217;Evin : Demande de lib\u00e9ration et appel rejet\u00e9s"},"content":{"rendered":"\n<h4 class=\"wp-block-heading\">Mahnaz Tarrah, une militante politique incarc\u00e9r\u00e9e \u00e0 la prison d&#8217;Evin, continue de subir des pressions croissantes de la part des forces de s\u00e9curit\u00e9 alors qu&#8217;elle entame son 16e mois d&#8217;incarc\u00e9ration. Sa demande de lib\u00e9ration conditionnelle a r\u00e9cemment \u00e9t\u00e9 rejet\u00e9e \u00e0 la suite d&#8217;une intervention de l&#8217;organisation des services de renseignement du Corps des gardiens de la r\u00e9volution islamique (IRGC).<\/h4>\n\n\n\n<p>La Cour supr\u00eame a rejet\u00e9 sa demande de nouveau proc\u00e8s en janvier 2025. Auparavant, en novembre 2024, <a href=\"https:\/\/fr.wikipedia.org\/wiki\/Organisation_du_renseignement_du_corps_des_gardiens_de_la_r%C3%A9volution_islamique\" target=\"_blank\" rel=\"noopener\">l&#8217;Organisation des renseignements du<\/a><a href=\"https:\/\/fr.wikipedia.org\/wiki\/Organisation_du_renseignement_du_corps_des_gardiens_de_la_r%C3%A9volution_islamique\" target=\"_blank\" rel=\"noreferrer noopener\"> <\/a><a href=\"https:\/\/fr.wikipedia.org\/wiki\/Organisation_du_renseignement_du_corps_des_gardiens_de_la_r%C3%A9volution_islamique\" target=\"_blank\" rel=\"noopener\">CGRI<\/a> s&#8217;\u00e9tait \u00e9galement oppos\u00e9e \u00e0 sa demande de lib\u00e9ration conditionnelle.<\/p>\n\n\n\n<p>Mahnaz Tarrah a \u00e9t\u00e9 violemment <a href=\"https:\/\/wncri.org\/fr\/2023\/11\/13\/mahnaz-tarrah-shaqayeq-moradi\/\" target=\"_blank\" rel=\"noreferrer noopener\">arr\u00eat\u00e9e par les forces de s\u00e9curit\u00e9<\/a> le 13 novembre 2023 dans les rues de T\u00e9h\u00e9ran. Elle a d&#8217;abord \u00e9t\u00e9 d\u00e9tenue dans le centre de d\u00e9tention du minist\u00e8re du Renseignement, connu sous le nom de quartier 209 de la prison d&#8217;Evin, avant d&#8217;\u00eatre transf\u00e9r\u00e9e dans le quartier des femmes le 3 d\u00e9cembre 2023.<\/p>\n\n\n\n<p>En janvier 2024, le tribunal r\u00e9volutionnaire de T\u00e9h\u00e9ran l&#8217;a condamn\u00e9e \u00e0 3 ans et 8 mois de prison pour \u00ab rassemblement et collusion en vue de commettre un crime \u00bb et \u00e0 8 mois suppl\u00e9mentaires pour \u00ab propagande contre l&#8217;\u00c9tat \u00bb. Apr\u00e8s qu&#8217;elle a accept\u00e9 le verdict, sa peine a \u00e9t\u00e9 r\u00e9duite \u00e0 2 ans et 9 mois.<\/p>\n\n\n\n<p>Mahnaz Tarrah a d\u00e9j\u00e0 fait l&#8217;objet de convocations, d&#8217;arrestations et de poursuites li\u00e9es \u00e0 la s\u00e9curit\u00e9. Le rejet r\u00e9p\u00e9t\u00e9 de ses demandes l\u00e9gales, y compris l&#8217;autorisation de sortie et la r\u00e9vision du proc\u00e8s, met en \u00e9vidence la r\u00e9pression continue des militants politiques et la pression croissante exerc\u00e9e sur les prisonniers politiques en Iran.<\/p>\n","protected":false},"excerpt":{"rendered":"<p>Mahnaz Tarrah, une militante politique incarc\u00e9r\u00e9e \u00e0 la prison d&#8217;Evin, continue de subir des pressions croissantes de la part des forces de s\u00e9curit\u00e9 alors qu&#8217;elle entame son 16e mois d&#8217;incarc\u00e9ration. Sa demande de lib\u00e9ration conditionnelle a r\u00e9cemment \u00e9t\u00e9 rejet\u00e9e \u00e0 la suite d&#8217;une intervention de l&#8217;organisation des services de renseignement du Corps des gardiens de [&hellip;]<\/p>\n","protected":false},"author":4,"featured_media":22087,"comment_status":"closed","ping_status":"closed","sticky":false,"template":"","format":"standard","meta":{"jnews-multi-image_gallery":[],"jnews_single_post":{"format":"standard"},"jnews_primary_category":[],"jnews_social_meta":[],"jnews_override_counter":[],"footnotes":""},"categories":[3],"tags":[370],"class_list":["post-22085","post","type-post","status-publish","format-standard","has-post-thumbnail","hentry","category-infos-des-femmes","tag-prisonnieres"],"_links":{"self":[{"href":"https:\/\/wncri.org\/fr\/wp-json\/wp\/v2\/posts\/22085","targetHints":{"allow":["GET"]}}],"collection":[{"href":"https:\/\/wncri.org\/fr\/wp-json\/wp\/v2\/posts"}],"about":[{"href":"https:\/\/wncri.org\/fr\/wp-json\/wp\/v2\/types\/post"}],"author":[{"embeddable":true,"href":"https:\/\/wncri.org\/fr\/wp-json\/wp\/v2\/users\/4"}],"replies":[{"embeddable":true,"href":"https:\/\/wncri.org\/fr\/wp-json\/wp\/v2\/comments?post=22085"}],"version-history":[{"count":1,"href":"https:\/\/wncri.org\/fr\/wp-json\/wp\/v2\/posts\/22085\/revisions"}],"predecessor-version":[{"id":22088,"href":"https:\/\/wncri.org\/fr\/wp-json\/wp\/v2\/posts\/22085\/revisions\/22088"}],"wp:featuredmedia":[{"embeddable":true,"href":"https:\/\/wncri.org\/fr\/wp-json\/wp\/v2\/media\/22087"}],"wp:attachment":[{"href":"https:\/\/wncri.org\/fr\/wp-json\/wp\/v2\/media?parent=22085"}],"wp:term":[{"taxonomy":"category","embeddable":true,"href":"https:\/\/wncri.org\/fr\/wp-json\/wp\/v2\/categories?post=22085"},{"taxonomy":"post_tag","embeddable":true,"href":"https:\/\/wncri.org\/fr\/wp-json\/wp\/v2\/tags?post=22085"}],"curies":[{"name":"wp","href":"https:\/\/api.w.org\/{rel}","templated":true}]}}