{"id":22081,"date":"2025-03-24T02:37:39","date_gmt":"2025-03-24T01:37:39","guid":{"rendered":"https:\/\/wncri.org\/fr\/?p=22081"},"modified":"2025-03-24T19:26:41","modified_gmt":"2025-03-24T18:26:41","slug":"dominique","status":"publish","type":"post","link":"https:\/\/wncri.org\/fr\/2025\/03\/24\/dominique\/","title":{"rendered":"Dominique Attias \u00e0 la JIF2025"},"content":{"rendered":"\n<p>Le samedi 22 f\u00e9vrier 2025, le Conseil national de la R\u00e9sistance iranienne a organis\u00e9 une <a href=\"https:\/\/wncri.org\/fr\/2025\/02\/23\/maryam-radjavi-iwd2025\/\" target=\"_blank\" rel=\"noreferrer noopener\">conf\u00e9rence<\/a> pour comm\u00e9morer la Journ\u00e9e internationale de la femme (JIF 2025). L\u2019\u00e9v\u00e9nement a rassembl\u00e9 d\u2019\u00e9minentse dirigeantes politiques, des d\u00e9fenseurs des droits de l\u2019homme et des sympathisants de la R\u00e9sistance iranienne venus de plus de 80 pays.<\/p>\n\n\n\n<p>Dominique Attias est pr\u00e9sidente du conseil d\u2019administration de la Fondation des juristes europ\u00e9ens. Elle est pr\u00e9sidente de la F\u00e9d\u00e9ration europ\u00e9enne des barreaux depuis mars 2021 et ancienne vice-b\u00e2tonni\u00e8re de Paris depuis janvier 2016.<\/p>\n\n\n\n<p>Amie de longue date du mouvement de r\u00e9sistance iranien et des aspirations d\u00e9mocratiques du peuple iranien, Dominique Attias a prononc\u00e9 <a href=\"https:\/\/x.com\/CNRIfemmes\/status\/1894772545762517108\" target=\"_blank\" rel=\"noreferrer noopener\">un discours<\/a> lors de l\u2019\u00e9v\u00e9nement JIF2025 \u00e0 Paris.<\/p>\n","protected":false},"excerpt":{"rendered":"<p>Le samedi 22 f\u00e9vrier 2025, le Conseil national de la R\u00e9sistance iranienne a organis\u00e9 une conf\u00e9rence pour comm\u00e9morer la Journ\u00e9e internationale de la femme (JIF 2025). L\u2019\u00e9v\u00e9nement a rassembl\u00e9 d\u2019\u00e9minentse dirigeantes politiques, des d\u00e9fenseurs des droits de l\u2019homme et des sympathisants de la R\u00e9sistance iranienne venus de plus de 80 pays. Dominique Attias est pr\u00e9sidente [&hellip;]<\/p>\n","protected":false},"author":4,"featured_media":22082,"comment_status":"closed","ping_status":"closed","sticky":false,"template":"","format":"video","meta":{"jnews-multi-image_gallery":[],"jnews_single_post":{"format":"video","jnews_video_option_group":[{"video_preview":"https:\/\/wncri.org\/fr\/wp-content\/uploads\/2025\/03\/dominique-attias-a-la-jif2025.webp"}],"override":[{"template":"7","parallax":"1","fullscreen":"1","layout":"right-sidebar","sidebar":"default-sidebar","second_sidebar":"default-sidebar","sticky_sidebar":"1","share_position":"floatbottom","share_float_style":"share-normal","show_share_counter":"1","show_view_counter":"1","show_featured":"1","show_post_meta":"1","show_post_author_image":"1","show_post_date":"1","post_date_format":"default","post_date_format_custom":"Y\/m\/d","show_post_category":"1","show_post_reading_time":"0","post_reading_time_wpm":"300","post_calculate_word_method":"str_word_count","show_zoom_button":"0","zoom_button_out_step":"2","zoom_button_in_step":"3","show_post_tag":"1","show_popup_post":"1","number_popup_post":"1","show_post_related":"1"}],"image_override":[{"single_post_thumbnail_size":"crop-500","single_post_gallery_size":"crop-500"}],"trending_post_position":"meta","trending_post_label":"Trending","sponsored_post_label":"Sponsored by","disable_ad":"0","video":"https:\/\/youtu.be\/hXNcDJVpeT0","source_url":"https:\/\/youtu.be\/hXNcDJVpeT0"},"jnews_primary_category":[],"jnews_social_meta":[],"jnews_override_counter":{"view_counter_number":"0","share_counter_number":"0","like_counter_number":"0","dislike_counter_number":"0"},"footnotes":""},"categories":[18],"tags":[373],"class_list":["post-22081","post","type-post","status-publish","format-video","has-post-thumbnail","hentry","category-video","tag-le-leadership-des-femmes","post_format-post-format-video"],"_links":{"self":[{"href":"https:\/\/wncri.org\/fr\/wp-json\/wp\/v2\/posts\/22081","targetHints":{"allow":["GET"]}}],"collection":[{"href":"https:\/\/wncri.org\/fr\/wp-json\/wp\/v2\/posts"}],"about":[{"href":"https:\/\/wncri.org\/fr\/wp-json\/wp\/v2\/types\/post"}],"author":[{"embeddable":true,"href":"https:\/\/wncri.org\/fr\/wp-json\/wp\/v2\/users\/4"}],"replies":[{"embeddable":true,"href":"https:\/\/wncri.org\/fr\/wp-json\/wp\/v2\/comments?post=22081"}],"version-history":[{"count":1,"href":"https:\/\/wncri.org\/fr\/wp-json\/wp\/v2\/posts\/22081\/revisions"}],"predecessor-version":[{"id":22083,"href":"https:\/\/wncri.org\/fr\/wp-json\/wp\/v2\/posts\/22081\/revisions\/22083"}],"wp:featuredmedia":[{"embeddable":true,"href":"https:\/\/wncri.org\/fr\/wp-json\/wp\/v2\/media\/22082"}],"wp:attachment":[{"href":"https:\/\/wncri.org\/fr\/wp-json\/wp\/v2\/media?parent=22081"}],"wp:term":[{"taxonomy":"category","embeddable":true,"href":"https:\/\/wncri.org\/fr\/wp-json\/wp\/v2\/categories?post=22081"},{"taxonomy":"post_tag","embeddable":true,"href":"https:\/\/wncri.org\/fr\/wp-json\/wp\/v2\/tags?post=22081"}],"curies":[{"name":"wp","href":"https:\/\/api.w.org\/{rel}","templated":true}]}}