{"id":22073,"date":"2025-03-21T20:02:56","date_gmt":"2025-03-21T19:02:56","guid":{"rendered":"https:\/\/wncri.org\/fr\/?p=22073"},"modified":"2025-03-22T20:08:05","modified_gmt":"2025-03-22T19:08:05","slug":"manifestations-condamnations-a-mort","status":"publish","type":"post","link":"https:\/\/wncri.org\/fr\/2025\/03\/21\/manifestations-condamnations-a-mort\/","title":{"rendered":"Manifestations contre les condamnations \u00e0 mort de prisonniers politiques \u00e0 Rasht et Sonqor"},"content":{"rendered":"\n<h4 class=\"wp-block-heading\">Le mardi 18 mars 2025, \u00e0 la veille du Nouvel An persan, des familles de prisonniers politiques condamn\u00e9s \u00e0 mort, ainsi que des militants syndicaux et civils, ont organis\u00e9 des manifestations simultan\u00e9es \u00e0 deux endroits : devant la prison de Lakan \u00e0 Rasht et dans la ville de <a href=\"https:\/\/en.wikipedia.org\/wiki\/Sonqor\" target=\"_blank\" rel=\"noreferrer noopener\">Sonqor<\/a>, dans la province de Kermanchah, \u00e0 l&#8217;ouest de l&#8217;Iran.<\/h4>\n\n\n\n<p>Ces manifestations co\u00efncidaient avec la 60e semaine de la campagne \u00ab <a href=\"https:\/\/wncri.org\/fr\/2025\/03\/11\/la-prison-de-sepidar-dahvaz-campagne\/\">Non aux mardis de l&#8217;ex\u00e9cution<\/a> \u00bb et visaient \u00e0 s&#8217;opposer \u00e0 l&#8217;ex\u00e9cution imminente de plusieurs prisonniers politiques.<\/p>\n\n\n\n<p>\u00c0 Rasht, les manifestants se sont rassembl\u00e9s devant la prison de Lakan, o\u00f9 ils ont install\u00e9 une table Haft-Sin &#8211; symbole traditionnel du Nouvel An persan &#8211; et brandi des photos de <a href=\"https:\/\/wncri.org\/fr\/2025\/02\/13\/sharifeh-mohammadi-condamnation-a-mort\/\" target=\"_blank\" rel=\"noreferrer noopener\">Sharifeh Mohammadi<\/a> et de <a href=\"https:\/\/wncri.org\/fr\/2025\/02\/13\/prisonnier-politique-condamne-a-mort\/\" target=\"_blank\" rel=\"noreferrer noopener\">Manouchehr Fallah<\/a>, deux prisonniers politiques dont l&#8217;ex\u00e9cution est imminente. Ils ont \u00e9galement brandi des images d&#8217;autres prisonniers politiques condamn\u00e9s \u00e0 mort, notamment Abbas Deris, Vahid Bani Amerian, Babak Alipour, Behrouz Ehsani, Mohammad Taghavi, Abolhassan Montazer, Pouya Ghobadi, Shahrokh Daneshvarkar, Pakhshan Azizi et Varisha Moradi, exigeant l&#8217;arr\u00eat imm\u00e9diat de leurs condamnations \u00e0 la peine capitale.<\/p>\n\n\n<div class=\"wp-block-image\">\n<figure class=\"aligncenter size-large\"><img decoding=\"async\" src=\"data:image\/gif;base64,R0lGODlhAQABAIAAAAAAAP\/\/\/yH5BAEAAAAALAAAAAABAAEAAAIBRAA7\" data-src=\"https:\/\/wncri.org\/fr\/wp-content\/uploads\/2025\/03\/NCRI-Women-No-to-Executions-Sonqor-Kermanshah-min-1024x576.jpg\" alt=\"Manifestations contre les condamnations \u00e0 mort de prisonniers politiques \u00e0 Rasht et Sonqor\" class=\"wp-image-22075 lazyload\"\/><noscript><img decoding=\"async\" width=\"1024\" height=\"576\" src=\"https:\/\/wncri.org\/fr\/wp-content\/uploads\/2025\/03\/NCRI-Women-No-to-Executions-Sonqor-Kermanshah-min-1024x576.jpg\" alt=\"Manifestations contre les condamnations \u00e0 mort de prisonniers politiques \u00e0 Rasht et Sonqor\" class=\"wp-image-22075 lazyload\" srcset=\"https:\/\/wncri.org\/fr\/wp-content\/uploads\/2025\/03\/NCRI-Women-No-to-Executions-Sonqor-Kermanshah-min-1024x576.jpg 1024w, https:\/\/wncri.org\/fr\/wp-content\/uploads\/2025\/03\/NCRI-Women-No-to-Executions-Sonqor-Kermanshah-min-300x169.jpg 300w, https:\/\/wncri.org\/fr\/wp-content\/uploads\/2025\/03\/NCRI-Women-No-to-Executions-Sonqor-Kermanshah-min-768x432.jpg 768w, https:\/\/wncri.org\/fr\/wp-content\/uploads\/2025\/03\/NCRI-Women-No-to-Executions-Sonqor-Kermanshah-min-750x422.jpg 750w, https:\/\/wncri.org\/fr\/wp-content\/uploads\/2025\/03\/NCRI-Women-No-to-Executions-Sonqor-Kermanshah-min-1140x641.jpg 1140w, https:\/\/wncri.org\/fr\/wp-content\/uploads\/2025\/03\/NCRI-Women-No-to-Executions-Sonqor-Kermanshah-min.jpg 1200w\" sizes=\"(max-width: 1024px) 100vw, 1024px\" \/><\/noscript><\/figure>\n<\/div>\n\n\n<p>Au m\u00eame moment, \u00e0 Sonqor, <a href=\"https:\/\/wncri.org\/fr\/2025\/02\/05\/les-familles-des-prisonniers-politiques\/\" target=\"_blank\" rel=\"noreferrer noopener\">des familles de prisonniers politiques<\/a> se sont \u00e9galement jointes \u00e0 la campagne en se rassemblant au parc Sarab. Les proches de Vahid Bani Amerian et de Pouya Ghobadi, tous deux condamn\u00e9s \u00e0 mort, ont brandi leurs photos \u00e0 c\u00f4t\u00e9 de pancartes portant le slogan \u00ab Non aux ex\u00e9cutions \u00bb, appelant \u00e0 la r\u00e9vocation de ces condamnations.<\/p>\n\n\n\n<p>Ces manifestations ont eu lieu dans un contexte d&#8217;inqui\u00e9tude croissante quant \u00e0 la r\u00e9pression s\u00e9v\u00e8re exerc\u00e9e par le syst\u00e8me judiciaire iranien \u00e0 l&#8217;encontre des dissidents politiques. En d\u00e9cembre 2024, la branche 26 du tribunal r\u00e9volutionnaire de T\u00e9h\u00e9ran a <a href=\"https:\/\/wncri.org\/fr\/2025\/02\/11\/les-familles-des-prisonniers-politiques-2\/\" target=\"_blank\" rel=\"noreferrer noopener\">condamn\u00e9 six prisonniers politiques<\/a> &#8211; dont Vahid Bani Amerian, Pouya Ghobadi, Shahrokh Daneshvarkar, Abolhassan Montazer, Babak Alipour et Mohammad Taghavi &#8211; \u00e0 l&#8217;ex\u00e9cution, \u00e0 l&#8217;emprisonnement et \u00e0 l&#8217;exil.<\/p>\n\n\n\n<p>Le 23 janvier 2025, Amnesty International a averti que ces prisonniers couraient un risque imminent d&#8217;ex\u00e9cution apr\u00e8s avoir \u00e9t\u00e9 reconnus coupables de \u00ab r\u00e9bellion par l&#8217;appartenance \u00e0 des groupes d&#8217;opposition \u00bb.<\/p>\n\n\n\n<p>Les d\u00e9fenseurs des droits de l&#8217;homme ont condamn\u00e9 \u00e0 plusieurs reprises l&#8217;utilisation de la peine de mort par le syst\u00e8me judiciaire iranien comme outil de r\u00e9pression politique. Ces manifestations sont une nouvelle preuve de l&#8217;opposition g\u00e9n\u00e9ralis\u00e9e \u00e0 la campagne d&#8217;ex\u00e9cutions de prisonniers politiques men\u00e9e par le gouvernement iranien.<\/p>\n","protected":false},"excerpt":{"rendered":"<p>Le mardi 18 mars 2025, \u00e0 la veille du Nouvel An persan, des familles de prisonniers politiques condamn\u00e9s \u00e0 mort, ainsi que des militants syndicaux et civils, ont organis\u00e9 des manifestations simultan\u00e9es \u00e0 deux endroits : devant la prison de Lakan \u00e0 Rasht et dans la ville de Sonqor, dans la province de Kermanchah, \u00e0 [&hellip;]<\/p>\n","protected":false},"author":4,"featured_media":22074,"comment_status":"closed","ping_status":"closed","sticky":false,"template":"","format":"standard","meta":{"jnews-multi-image_gallery":[],"jnews_single_post":{"format":"standard"},"jnews_primary_category":[],"jnews_social_meta":[],"jnews_override_counter":[],"footnotes":""},"categories":[3],"tags":[367,369,370],"class_list":["post-22073","post","type-post","status-publish","format-standard","has-post-thumbnail","hentry","category-infos-des-femmes","tag-execution","tag-manifestations","tag-prisonnieres"],"_links":{"self":[{"href":"https:\/\/wncri.org\/fr\/wp-json\/wp\/v2\/posts\/22073","targetHints":{"allow":["GET"]}}],"collection":[{"href":"https:\/\/wncri.org\/fr\/wp-json\/wp\/v2\/posts"}],"about":[{"href":"https:\/\/wncri.org\/fr\/wp-json\/wp\/v2\/types\/post"}],"author":[{"embeddable":true,"href":"https:\/\/wncri.org\/fr\/wp-json\/wp\/v2\/users\/4"}],"replies":[{"embeddable":true,"href":"https:\/\/wncri.org\/fr\/wp-json\/wp\/v2\/comments?post=22073"}],"version-history":[{"count":1,"href":"https:\/\/wncri.org\/fr\/wp-json\/wp\/v2\/posts\/22073\/revisions"}],"predecessor-version":[{"id":22076,"href":"https:\/\/wncri.org\/fr\/wp-json\/wp\/v2\/posts\/22073\/revisions\/22076"}],"wp:featuredmedia":[{"embeddable":true,"href":"https:\/\/wncri.org\/fr\/wp-json\/wp\/v2\/media\/22074"}],"wp:attachment":[{"href":"https:\/\/wncri.org\/fr\/wp-json\/wp\/v2\/media?parent=22073"}],"wp:term":[{"taxonomy":"category","embeddable":true,"href":"https:\/\/wncri.org\/fr\/wp-json\/wp\/v2\/categories?post=22073"},{"taxonomy":"post_tag","embeddable":true,"href":"https:\/\/wncri.org\/fr\/wp-json\/wp\/v2\/tags?post=22073"}],"curies":[{"name":"wp","href":"https:\/\/api.w.org\/{rel}","templated":true}]}}