{"id":2203,"date":"2017-03-08T00:21:29","date_gmt":"2017-03-08T00:21:29","guid":{"rendered":"https:\/\/wncri.org\/frdev\/2017\/03\/08\/iveta-radicova\/"},"modified":"2017-03-08T00:21:29","modified_gmt":"2017-03-08T00:21:29","slug":"iveta-radicova","status":"publish","type":"post","link":"https:\/\/wncri.org\/fr\/2017\/03\/08\/iveta-radicova\/","title":{"rendered":"Iveta Radicova"},"content":{"rendered":"<p>Premi\u00e8re femme Premier ministre de Slovaquie et ancienne ministre de la D\u00e9fense et du Travail<\/p>\n<p>  <!--more-->  <\/p>\n<p><span>\u00a0<\/span><\/p>\n<p>Intervention lors d&#8217;une table ronde intitul\u00e9e \u00ab Les femmes au leadership, l&#8217;exp\u00e9rience de la r\u00e9sistance iranienne\u00bb &#8211; Tirana, 8 Mars 2017<\/p>\n<p><span>\u00a0<\/span><\/p>\n<p>\u00a0Chaque jour, je regarde ce qui se passe dans le monde et je me pose une seule question. Comment est-ce possible au 21\u00e8me si\u00e8cle? \u00a0J&#8217;essaie de trouver la r\u00e9ponse. Parce que si vous regardez autour de vous, il y a toujours le pire, de plus en plus d&#8217;armes au lieu d\u2019amiti\u00e9.Dans le monde entier, on vote pour des politiciens tr\u00e8s \u00e9loign\u00e9s de ce qu\u2019on peut appeler des d\u00e9mocrates \u00e0 la recherche de leurs propres perspectives, sans doute celles des grandes entreprises mais pas celles des citoyens.\u00a0Dans le pays voisin, en Ukraine, la guerre fait rage. Tous les autres voisins, en Hongrie, en Pologne, il y a des forces politiques populistes et anti-lib\u00e9rales qui se nomment elles-m\u00eames \u00ab\u00a0illib\u00e9rales\u00a0\u00bb. Elles consid\u00e8rent la s\u00e9curit\u00e9 comme la chose la plus importante et paient le prix de la s\u00e9curit\u00e9 avec les droits humains. Ceux qui sont du c\u00f4t\u00e9 des droits humains sont d\u00e9sormais \u00e9cart\u00e9s, dans leur coin, et parlent des r\u00eaves que nous ne pouvons pas r\u00e9aliser en raison de la s\u00e9curit\u00e9. [Mais] la s\u00e9curit\u00e9 contre qui et pour qui ? La seule s\u00e9curit\u00e9 dans notre vie est celle fond\u00e9e sur la libert\u00e9. Il n&#8217;y a pas d&#8217;autre s\u00e9curit\u00e9. Tous les autres types de s\u00e9curit\u00e9 sont fond\u00e9s sur des meurtres, des attaques, des ex\u00e9cutions, des emprisonnements et par cons\u00e9quent sont oppos\u00e9s aux \u00eatres humains.La seule chose qui soit s\u00fbre est la dignit\u00e9 humaine, la libert\u00e9 et la d\u00e9mocratie.Alors, [quand] je pense \u00e0 ce qu\u2019il faut faire, je regarde ce que vous pouvez faire. Peut-\u00eatre qu\u2019en Europe, nous avons oubli\u00e9 que nous devons nous battre chaque jour pour les droits humains. Nous avons peut-\u00eatre oubli\u00e9 que nous sommes interconnect\u00e9s avec toutes les autres parties du monde. Nous avons oubli\u00e9 que compter uniquement sur le comportement des consommateurs n&#8217;est pas un mode de vie. Nous avons oubli\u00e9 o\u00f9 nous \u00e9tions il y a cent ans. Nous avons sans doute oubli\u00e9 le prix des vies humaines pendant la Premi\u00e8re et la Seconde Guerre mondiale. Il y a des millions d&#8217;immigrants dans le monde parce qu&#8217;ils ne peuvent pas vivre en Europe. Peut-\u00eatre que nous avons oubli\u00e9 que si un enfant pleure, alors le monde n&#8217;est pas le meilleur endroit pour vivre.Alors, ce que je peux vraiment dire, c&#8217;est que vos espoirs, vos r\u00eaves sont quelque chose dans laquelle nous pouvons esp\u00e9rer et \u00e0 laquelle nous pouvons r\u00eaver encore une fois. Pour moi, ces jours-ci m\u2019ont permis de renforcer ce en quoi je crois et que je ne dois jamais oublier ce qu&#8217;est le plus important dans la vie. Et cette chose la plus importante est la m\u00eame en Iran, en Syrie, au Liban et partout ailleurs. Nous devons avoir la libert\u00e9 non seulement pour les femmes, mais aussi pour les hommes, parce que nous vivons ensemble.Donc, quand je rentrerai chez moi, je r\u00e9p\u00e8terai ce message. Vous pouvez me croire. Vous pouvez me faire confiance. Et je suis pr\u00eate \u00e0 en faire davantage. Je commencerai par le mouvement bas\u00e9 sur le Forum de la libert\u00e9 et de la d\u00e9mocratie en Europe. Il est grand temps. Il est temps parce qu&#8217;un beau matin, nous nous r\u00e9veillerons et nous verrons encore une fois qu\u2019il y a davantage de fronti\u00e8res, de murs, de soci\u00e9t\u00e9s ferm\u00e9es sans possibilit\u00e9 de jouir de la citoyennet\u00e9 et d&#8217;un mode de vie fond\u00e9 sur l&#8217;\u00e9galit\u00e9.Nous devons donc nous battre. Et vous m&#8217;avez donn\u00e9 le but, l&#8217;espoir et l&#8217;\u00e9nergie.Merci beaucoup.<\/p>\n","protected":false},"excerpt":{"rendered":"<p>Premi\u00e8re femme Premier ministre de Slovaquie et ancienne ministre de la D\u00e9fense et du Travail<\/p>\n","protected":false},"author":1,"featured_media":4809,"comment_status":"open","ping_status":"open","sticky":false,"template":"","format":"standard","meta":{"jnews-multi-image_gallery":[],"jnews_single_post":[],"jnews_primary_category":[],"jnews_social_meta":[],"jnews_override_counter":[],"footnotes":""},"categories":[26],"tags":[],"class_list":["post-2203","post","type-post","status-publish","format-standard","has-post-thumbnail","hentry","category-conference-du-8-mars"],"_links":{"self":[{"href":"https:\/\/wncri.org\/fr\/wp-json\/wp\/v2\/posts\/2203","targetHints":{"allow":["GET"]}}],"collection":[{"href":"https:\/\/wncri.org\/fr\/wp-json\/wp\/v2\/posts"}],"about":[{"href":"https:\/\/wncri.org\/fr\/wp-json\/wp\/v2\/types\/post"}],"author":[{"embeddable":true,"href":"https:\/\/wncri.org\/fr\/wp-json\/wp\/v2\/users\/1"}],"replies":[{"embeddable":true,"href":"https:\/\/wncri.org\/fr\/wp-json\/wp\/v2\/comments?post=2203"}],"version-history":[{"count":0,"href":"https:\/\/wncri.org\/fr\/wp-json\/wp\/v2\/posts\/2203\/revisions"}],"wp:featuredmedia":[{"embeddable":true,"href":"https:\/\/wncri.org\/fr\/wp-json\/wp\/v2\/media\/4809"}],"wp:attachment":[{"href":"https:\/\/wncri.org\/fr\/wp-json\/wp\/v2\/media?parent=2203"}],"wp:term":[{"taxonomy":"category","embeddable":true,"href":"https:\/\/wncri.org\/fr\/wp-json\/wp\/v2\/categories?post=2203"},{"taxonomy":"post_tag","embeddable":true,"href":"https:\/\/wncri.org\/fr\/wp-json\/wp\/v2\/tags?post=2203"}],"curies":[{"name":"wp","href":"https:\/\/api.w.org\/{rel}","templated":true}]}}