{"id":22016,"date":"2025-03-12T19:26:56","date_gmt":"2025-03-12T18:26:56","guid":{"rendered":"https:\/\/wncri.org\/fr\/?p=22016"},"modified":"2025-03-12T19:29:41","modified_gmt":"2025-03-12T18:29:41","slug":"anisa-fanaiyan-bahaie","status":"publish","type":"post","link":"https:\/\/wncri.org\/fr\/2025\/03\/12\/anisa-fanaiyan-bahaie\/","title":{"rendered":"Anisa Fanaiyan, une citoyenne baha\u00efe, arr\u00eat\u00e9e \u00e0 Semnan pour purger sa peine de prison"},"content":{"rendered":"\n<h4 class=\"wp-block-heading\">Le mardi 11 mars 2025, les forces de s\u00e9curit\u00e9 de <a href=\"https:\/\/fr.wikipedia.org\/wiki\/Semnan\" target=\"_blank\" rel=\"noreferrer noopener\">Semnan<\/a> ont arr\u00eat\u00e9 Anisa Fanaiyan, une citoyenne baha\u00efe, pour qu&#8217;elle ex\u00e9cute sa peine de 7 ans de prison. Elle a \u00e9t\u00e9 arr\u00eat\u00e9e dans la rue et transf\u00e9r\u00e9e \u00e0 la prison.<\/h4>\n\n\n\n<p>Selon un arr\u00eat rendu le 4 d\u00e9cembre 2024 par la section 7 de la cour d&#8217;appel de Semnan, Anisa Fanaiyan a \u00e9t\u00e9 condamn\u00e9e \u00e0 7 ans de prison pour avoir \u00ab form\u00e9 un groupe dans l&#8217;intention de perturber la s\u00e9curit\u00e9 nationale \u201c et \u00e0 1 an pour avoir fait de la \u201d propagande contre l&#8217;\u00c9tat \u00bb. En vertu des lois sur le cumul des peines, seule la peine de 7 ans de prison sera appliqu\u00e9e en tant que peine la plus s\u00e9v\u00e8re.<\/p>\n\n\n\n<h3 class=\"wp-block-heading\"><strong>Condamnation initiale \u00e0 16 ans de prison en premi\u00e8re instance<\/strong><\/h3>\n\n\n\n<p>Plus t\u00f4t, le 10 mars 2024, la branche 1 du tribunal r\u00e9volutionnaire de Semnan a prononc\u00e9 une peine beaucoup plus s\u00e9v\u00e8re de 16 ans de prison \u00e0 l&#8217;encontre d&#8217;Anisa Fanaiyan :<\/p>\n\n\n\n<p>&#8211; 10 ans pour avoir \u00ab form\u00e9 un groupe avec l&#8217;intention de perturber la s\u00e9curit\u00e9 nationale \u00bb<\/p>\n\n\n\n<p>&#8211; 5 ans pour \u00ab participation \u00e0 des activit\u00e9s \u00e9ducatives ou promotionnelles jug\u00e9es contraires \u00e0 l&#8217;islam ou susceptibles de le perturber \u00bb<\/p>\n\n\n\n<p>&#8211; 1 an pour \u00ab propagande contre l&#8217;\u00c9tat \u00bb.<\/p>\n\n\n\n<h3 class=\"wp-block-heading\"><strong>Peines suppl\u00e9mentaires et saisie des biens<\/strong><\/h3>\n\n\n\n<p>Outre la peine d&#8217;emprisonnement, le tribunal a impos\u00e9 des sanctions suppl\u00e9mentaires, notamment<\/p>\n\n\n\n<p>&#8211; une amende de 500 millions de rials (environ 1 000 dollars)<\/p>\n\n\n\n<p>&#8211; 15 ans de privation des droits sociaux (restrictions de niveau 5)<\/p>\n\n\n\n<p>&#8211; La confiscation de 4 350 dollars appartenant \u00e0 sa famille, qui ont \u00e9t\u00e9 saisis lors d&#8217;une descente dans leur r\u00e9sidence.<\/p>\n\n\n\n<h3 class=\"wp-block-heading\"><strong>Arrestation ant\u00e9rieure et pers\u00e9cution continue<\/strong><\/h3>\n\n\n\n<p>Le 21 ao\u00fbt 2023, les forces de s\u00e9curit\u00e9 ont fait une descente au domicile d&#8217;Anisa Fanaiyan et l&#8217;ont arr\u00eat\u00e9e. Apr\u00e8s avoir pass\u00e9 7 jours en d\u00e9tention, elle a \u00e9t\u00e9 lib\u00e9r\u00e9e le 28 ao\u00fbt 2023, apr\u00e8s avoir vers\u00e9 une caution de 10 milliards de rials (20 000 dollars).<\/p>\n\n\n\n<p>Anisa Fanaiyan a d\u00e9j\u00e0 \u00e9t\u00e9 arr\u00eat\u00e9e et condamn\u00e9e en raison de ses convictions religieuses. Les arrestations et les <a href=\"https:\/\/wncri.org\/fr\/2025\/01\/23\/10-femmes-bahaies-emprisonnees\/\" target=\"_blank\" rel=\"noreferrer noopener\">peines s\u00e9v\u00e8res prononc\u00e9es \u00e0 l&#8217;encontre des citoyens baha\u00efs en Iran<\/a> se poursuivent malgr\u00e9 les avertissements r\u00e9p\u00e9t\u00e9s des organisations internationales de d\u00e9fense des droits de l&#8217;homme concernant la pers\u00e9cution syst\u00e9matique de la communaut\u00e9 baha\u00efe.<\/p>\n","protected":false},"excerpt":{"rendered":"<p>Le mardi 11 mars 2025, les forces de s\u00e9curit\u00e9 de Semnan ont arr\u00eat\u00e9 Anisa Fanaiyan, une citoyenne baha\u00efe, pour qu&#8217;elle ex\u00e9cute sa peine de 7 ans de prison. Elle a \u00e9t\u00e9 arr\u00eat\u00e9e dans la rue et transf\u00e9r\u00e9e \u00e0 la prison. Selon un arr\u00eat rendu le 4 d\u00e9cembre 2024 par la section 7 de la cour [&hellip;]<\/p>\n","protected":false},"author":4,"featured_media":22017,"comment_status":"closed","ping_status":"closed","sticky":false,"template":"","format":"standard","meta":{"jnews-multi-image_gallery":[],"jnews_single_post":{"format":"standard"},"jnews_primary_category":[],"jnews_social_meta":[],"jnews_override_counter":[],"footnotes":""},"categories":[3],"tags":[370],"class_list":["post-22016","post","type-post","status-publish","format-standard","has-post-thumbnail","hentry","category-infos-des-femmes","tag-prisonnieres"],"_links":{"self":[{"href":"https:\/\/wncri.org\/fr\/wp-json\/wp\/v2\/posts\/22016","targetHints":{"allow":["GET"]}}],"collection":[{"href":"https:\/\/wncri.org\/fr\/wp-json\/wp\/v2\/posts"}],"about":[{"href":"https:\/\/wncri.org\/fr\/wp-json\/wp\/v2\/types\/post"}],"author":[{"embeddable":true,"href":"https:\/\/wncri.org\/fr\/wp-json\/wp\/v2\/users\/4"}],"replies":[{"embeddable":true,"href":"https:\/\/wncri.org\/fr\/wp-json\/wp\/v2\/comments?post=22016"}],"version-history":[{"count":1,"href":"https:\/\/wncri.org\/fr\/wp-json\/wp\/v2\/posts\/22016\/revisions"}],"predecessor-version":[{"id":22018,"href":"https:\/\/wncri.org\/fr\/wp-json\/wp\/v2\/posts\/22016\/revisions\/22018"}],"wp:featuredmedia":[{"embeddable":true,"href":"https:\/\/wncri.org\/fr\/wp-json\/wp\/v2\/media\/22017"}],"wp:attachment":[{"href":"https:\/\/wncri.org\/fr\/wp-json\/wp\/v2\/media?parent=22016"}],"wp:term":[{"taxonomy":"category","embeddable":true,"href":"https:\/\/wncri.org\/fr\/wp-json\/wp\/v2\/categories?post=22016"},{"taxonomy":"post_tag","embeddable":true,"href":"https:\/\/wncri.org\/fr\/wp-json\/wp\/v2\/tags?post=22016"}],"curies":[{"name":"wp","href":"https:\/\/api.w.org\/{rel}","templated":true}]}}