{"id":22010,"date":"2025-03-11T19:00:01","date_gmt":"2025-03-11T18:00:01","guid":{"rendered":"https:\/\/wncri.org\/fr\/?p=22010"},"modified":"2025-03-12T19:09:13","modified_gmt":"2025-03-12T18:09:13","slug":"la-prison-de-sepidar-dahvaz-campagne","status":"publish","type":"post","link":"https:\/\/wncri.org\/fr\/2025\/03\/11\/la-prison-de-sepidar-dahvaz-campagne\/","title":{"rendered":"59e semaine des mardis \u00ab Non aux ex\u00e9cutions \u00bb : Les d\u00e9tenues de la prison de Sepidar d&#8217;Ahvaz rejoignent la campagne"},"content":{"rendered":"\n<h4 class=\"wp-block-heading\">La campagne des mardis \u00ab Non aux ex\u00e9cutions \u00bb a marqu\u00e9 sa 59e semaine cons\u00e9cutive le mardi 11 mars 2025, avec des gr\u00e8ves de la faim dans 38 prisons \u00e0 travers l&#8217;Iran. Cette campagne, lanc\u00e9e en r\u00e9ponse \u00e0 l&#8217;augmentation alarmante du nombre d&#8217;ex\u00e9cutions, continue d&#8217;attirer l&#8217;attention sur le sort des prisonniers dans le couloir de la mort et vise \u00e0 sensibiliser l&#8217;opinion publique mondiale et \u00e0 l&#8217;inciter \u00e0 agir contre la peine capitale en Iran.<\/h4>\n\n\n\n<h3 class=\"wp-block-heading\"><strong>Des prisonni\u00e8res de la prison de Sepidar se joignent \u00e0 la campagne<\/strong><\/h3>\n\n\n\n<p>La semaine derni\u00e8re, \u00e0 l&#8217;occasion de la <a href=\"https:\/\/www.un.org\/fr\/observances\/womens-day\" target=\"_blank\" rel=\"noreferrer noopener\">Journ\u00e9e internationale de la femme<\/a>, un groupe de d\u00e9tenues de la <a href=\"https:\/\/wncri.org\/fr\/2020\/08\/24\/les-prisonnieres-politiques-harcelees-et-torturees-a-la-prison-sepidar\/\" target=\"_blank\" rel=\"noreferrer noopener\">prison de Sepidar,<\/a> \u00e0 Ahvaz, a publi\u00e9 une d\u00e9claration annon\u00e7ant sa solidarit\u00e9 avec la campagne et demandant l&#8217;arr\u00eat des ex\u00e9cutions dans le pays.<\/p>\n\n\n\n<p>La d\u00e9claration de la campagne, qui en est \u00e0 sa 59e semaine, c\u00e9l\u00e8bre la Journ\u00e9e internationale de la femme et rend hommage aux femmes du monde entier, en particulier aux femmes r\u00e9sistantes et courageuses d&#8217;Iran qui ont longtemps endur\u00e9 une oppression syst\u00e9matique. Elle honore \u00e9galement la m\u00e9moire des milliers de femmes qui ont perdu la vie dans la lutte pour la libert\u00e9 et la justice.<\/p>\n\n\n\n<h3 class=\"wp-block-heading\"><strong>Vague d&#8217;ex\u00e9cutions en spirale<\/strong><\/h3>\n\n\n\n<p>La d\u00e9claration souligne l&#8217;incessante vague d&#8217;ex\u00e9cutions men\u00e9e par le r\u00e9gime iranien, notant que pr\u00e8s de 100 personnes ont \u00e9t\u00e9 ex\u00e9cut\u00e9es depuis le 19 f\u00e9vrier, dont 28 en une seule journ\u00e9e, le 1er mars. Face \u00e0 cette situation alarmante, la campagne \u00ab Non aux mardis de l&#8217;ex\u00e9cution \u00bb appelle tous les prisonniers, les militants politiques, les d\u00e9fenseurs des droits de l&#8217;homme et les membres de la soci\u00e9t\u00e9 civile \u00e0 prendre fermement position contre la peine capitale et \u00e0 faire entendre la voix des condamn\u00e9s \u00e0 mort.<\/p>\n\n\n\n<p>Exprimant sa gratitude \u00e0 toutes les personnes incarc\u00e9r\u00e9es qui ont rejoint le mouvement jusqu&#8217;\u00e0 pr\u00e9sent, la campagne appelle toutes les personnes consciencieuses \u00e0 poursuivre leur lutte pour l&#8217;abolition des ex\u00e9cutions et la protection du droit \u00e0 la vie des prisonniers.<\/p>\n\n\n\n<p>La d\u00e9claration met \u00e9galement en garde contre le fait que des milliers de prisonniers, y compris des d\u00e9tenus politiques et de conviction, risquent toujours d&#8217;\u00eatre ex\u00e9cut\u00e9s. Ces prisonniers vivent chaque jour \u00e0 l&#8217;ombre de la potence, confront\u00e9s \u00e0 un danger imminent alors que l&#8217;appareil r\u00e9pressif du r\u00e9gime poursuit son assaut contre les droits de l&#8217;homme fondamentaux. La campagne souligne la n\u00e9cessit\u00e9 d&#8217;une vigilance in\u00e9branlable et d&#8217;une attention internationale pour mettre un terme \u00e0 ces ex\u00e9cutions et emp\u00eacher d&#8217;autres injustices.<\/p>\n","protected":false},"excerpt":{"rendered":"<p>La campagne des mardis \u00ab Non aux ex\u00e9cutions \u00bb a marqu\u00e9 sa 59e semaine cons\u00e9cutive le mardi 11 mars 2025, avec des gr\u00e8ves de la faim dans 38 prisons \u00e0 travers l&#8217;Iran. Cette campagne, lanc\u00e9e en r\u00e9ponse \u00e0 l&#8217;augmentation alarmante du nombre d&#8217;ex\u00e9cutions, continue d&#8217;attirer l&#8217;attention sur le sort des prisonniers dans le couloir de [&hellip;]<\/p>\n","protected":false},"author":4,"featured_media":22011,"comment_status":"closed","ping_status":"closed","sticky":false,"template":"","format":"standard","meta":{"jnews-multi-image_gallery":[],"jnews_single_post":{"format":"standard"},"jnews_primary_category":[],"jnews_social_meta":[],"jnews_override_counter":[],"footnotes":""},"categories":[3],"tags":[367,369,370],"class_list":["post-22010","post","type-post","status-publish","format-standard","has-post-thumbnail","hentry","category-infos-des-femmes","tag-execution","tag-manifestations","tag-prisonnieres"],"_links":{"self":[{"href":"https:\/\/wncri.org\/fr\/wp-json\/wp\/v2\/posts\/22010","targetHints":{"allow":["GET"]}}],"collection":[{"href":"https:\/\/wncri.org\/fr\/wp-json\/wp\/v2\/posts"}],"about":[{"href":"https:\/\/wncri.org\/fr\/wp-json\/wp\/v2\/types\/post"}],"author":[{"embeddable":true,"href":"https:\/\/wncri.org\/fr\/wp-json\/wp\/v2\/users\/4"}],"replies":[{"embeddable":true,"href":"https:\/\/wncri.org\/fr\/wp-json\/wp\/v2\/comments?post=22010"}],"version-history":[{"count":1,"href":"https:\/\/wncri.org\/fr\/wp-json\/wp\/v2\/posts\/22010\/revisions"}],"predecessor-version":[{"id":22012,"href":"https:\/\/wncri.org\/fr\/wp-json\/wp\/v2\/posts\/22010\/revisions\/22012"}],"wp:featuredmedia":[{"embeddable":true,"href":"https:\/\/wncri.org\/fr\/wp-json\/wp\/v2\/media\/22011"}],"wp:attachment":[{"href":"https:\/\/wncri.org\/fr\/wp-json\/wp\/v2\/media?parent=22010"}],"wp:term":[{"taxonomy":"category","embeddable":true,"href":"https:\/\/wncri.org\/fr\/wp-json\/wp\/v2\/categories?post=22010"},{"taxonomy":"post_tag","embeddable":true,"href":"https:\/\/wncri.org\/fr\/wp-json\/wp\/v2\/tags?post=22010"}],"curies":[{"name":"wp","href":"https:\/\/api.w.org\/{rel}","templated":true}]}}