{"id":2201,"date":"2017-03-08T00:18:45","date_gmt":"2017-03-08T00:18:45","guid":{"rendered":"https:\/\/wncri.org\/frdev\/2017\/03\/08\/linda-chavez-2\/"},"modified":"2017-03-08T00:18:45","modified_gmt":"2017-03-08T00:18:45","slug":"linda-chavez-2","status":"publish","type":"post","link":"https:\/\/wncri.org\/fr\/2017\/03\/08\/linda-chavez-2\/","title":{"rendered":"Linda Chavez"},"content":{"rendered":"<p>Directrice des liaisons publiques de la Maison Blanche (1985), experte am\u00e9ricaine \u00e0 la Sous-Commission des droits de l&#8217;homme de l&#8217;ONU (1992-1996), pr\u00e9sidente du Centre pour l&#8217;\u00e9galit\u00e9 des chances<\/p>\n<p>  <!--more-->  <\/p>\n<p>\u00a0<\/p>\n<p>Intervention lors d&#8217;une table ronde intitul\u00e9e \u00ab Les femmes au leadership, l&#8217;exp\u00e9rience de la r\u00e9sistance iranienne\u00bb &#8211; Tirana, 8 Mars 2017<\/p>\n<p>Merci beaucoup et merci, madame Radjavi. J&#8217;aimerais pouvoir vous emmener chez moi \u00e0 Washington.<\/p>\n<p>Le discours que vous venez de prononcer, qui parlait des racines de l\u2019int\u00e9grisme islamiste en Iran, de sa propagation et de son influence sur la menace que beaucoup en Occident voient dans les terroristes islamistes, est quelque chose qui doit \u00eatre \u00e9cout\u00e9 dans les arcanes du pouvoir \u00e0 Washington.En \u00e9coutant Iveta Radicova parler, j\u2019ai senti que nous \u00e9tions dans une v\u00e9ritable crise dans le monde, en ce moment. Ce que nous voyons, c&#8217;est que la peur commence \u00e0 guider la fa\u00e7on dont nous d\u00e9terminons la politique, que tout l&#8217;ordre mondial qui a \u00e9merg\u00e9 apr\u00e8s la Seconde Guerre mondiale est en train de s&#8217;effondrer, ou du moins montre des fissures.Je crains qu\u2019en en r\u00e9action \u00e0 la peur du de l\u2019int\u00e9grisme islamiste dans le monde et plus pr\u00e9cis\u00e9ment en Occident, nous commencions \u00e0 \u00e9lever des obstacles et \u00e0 construire des murs en rejetant nos principes d\u00e9mocratiques. A mon avis, vous ne pouvez pas aimer la libert\u00e9 si vous ne voulez pas cette libert\u00e9 pour les autres. Tous les pays comme le mien qui jouissent de cette libert\u00e9 doivent accueillir ceux qui recherchent cette libert\u00e9.Et ce que je vois aujourd\u2019hui aux \u00c9tats-Unis est tr\u00e8s inqui\u00e9tant. Une hypoth\u00e8se selon laquelle, pour que l&#8217;Am\u00e9rique soit g\u00e9niale, nous devons trouver des ennemis et construire des obstacles pour bloquer ces ennemis. Et je vois cela en particulier en ce qui concerne notre communaut\u00e9 musulmane.Je pense que c&#8217;est tr\u00e8s dangereux car cela nous m\u00e8ne directement entre les mains de ceux qui en Iran sont, comme vous les appelez, des fascistes religieux. Parce qu&#8217;il met en place ce conflit de civilisations qui est la vision du monde que promeuvent les mollahs et qu\u2019en Occident, nous ne pouvons pas tomber dans le pi\u00e8ge d&#8217;accepter cette vision.Cela ne veut pas dire que nous n&#8217;avons pas le droit de prot\u00e9ger nos fronti\u00e8res. Cela ne veut pas dire que nous n&#8217;avons pas le droit de veiller \u00e0 ce que les personnes qui entrent dans nos pays ne soient pas l\u00e0 pour nous nuire. Toute nation souveraine a ces droits, mais nous ne pouvons pas commencer \u00e0 diaboliser un peuple, \u00e0 diaboliser une religion. Nous devons comprendre qu&#8217;il y a cette id\u00e9ologie, ce ph\u00e9nom\u00e8ne de fascisme religieux qui existe dans des endroits comme l&#8217;Iran et que l&#8217;Iran aide \u00e0 exporter. Mais cela ne nous permet pas de voir un ennemi dans un musulman.Et je pense que nous sommes \u00e0 un point tr\u00e8s dangereux. Et je pense au degr\u00e9 o\u00f9, en Occident, nous avons commenc\u00e9 \u00e0 jouer le jeu des mollahs, et cela nous met en p\u00e9ril.Et donc, madame Radjavi, je souhaite vraiment que des voix comme la v\u00f4tre puissent \u00eatre entendues. Quand je regarde les principes que vous avez d\u00e9finis pour la protection des femmes, pour le d\u00e9veloppement de la libert\u00e9 dans le monde, ce que je vois ce sont les principes fondamentaux sur lesquels mon pays a \u00e9t\u00e9 fond\u00e9. Les droits de l&#8217;individu, le droit de pouvoir pratiquer ses propres croyances, le droit de pouvoir d\u00e9cider de son avenir. Le droit d&#8217;\u00eatre jug\u00e9 comme une personne sans \u00eatre bas\u00e9 sur la couleur de sa peau ou de ses croyances religieuses ou son sexe. C\u2019est, je pense, un message important qui doit atteindre un public plus large.Je suis tr\u00e8s heureuse d&#8217;\u00eatre ici en Albanie. Franchement, il y a un an, si vous m&#8217;aviez dit que je serais l\u00e0 avec les gens du Camp Liberty, je ne vous aurais pas cru. J&#8217;aurais pens\u00e9 que c&#8217;\u00e9tait un r\u00eave.Je pense que votre mouvement a quelque chose \u00e0 enseigner au monde, et je voudrais vous demander de continuer votre travail.Je veux vous dire que ceux d&#8217;entre nous qui ont \u00e9t\u00e9 avec vous continueront d&#8217;\u00eatre avec vous. Et c&#8217;est un message qui ne concerne pas seulement l&#8217;avenir de votre peuple, il ne s&#8217;agit pas seulement du futur de l&#8217;Iran, mais aussi de l&#8217;avenir du monde.<\/p>\n","protected":false},"excerpt":{"rendered":"<p>Directrice des liaisons publiques de la Maison Blanche (1985), experte am\u00e9ricaine \u00e0 la Sous-Commission des droits de l&#8217;homme de l&#8217;ONU (1992-1996), pr\u00e9sidente du Centre pour l&#8217;\u00e9galit\u00e9 des chances<\/p>\n","protected":false},"author":1,"featured_media":4807,"comment_status":"open","ping_status":"open","sticky":false,"template":"","format":"standard","meta":{"jnews-multi-image_gallery":[],"jnews_single_post":[],"jnews_primary_category":[],"jnews_social_meta":[],"jnews_override_counter":[],"footnotes":""},"categories":[26],"tags":[],"class_list":["post-2201","post","type-post","status-publish","format-standard","has-post-thumbnail","hentry","category-conference-du-8-mars"],"_links":{"self":[{"href":"https:\/\/wncri.org\/fr\/wp-json\/wp\/v2\/posts\/2201","targetHints":{"allow":["GET"]}}],"collection":[{"href":"https:\/\/wncri.org\/fr\/wp-json\/wp\/v2\/posts"}],"about":[{"href":"https:\/\/wncri.org\/fr\/wp-json\/wp\/v2\/types\/post"}],"author":[{"embeddable":true,"href":"https:\/\/wncri.org\/fr\/wp-json\/wp\/v2\/users\/1"}],"replies":[{"embeddable":true,"href":"https:\/\/wncri.org\/fr\/wp-json\/wp\/v2\/comments?post=2201"}],"version-history":[{"count":0,"href":"https:\/\/wncri.org\/fr\/wp-json\/wp\/v2\/posts\/2201\/revisions"}],"wp:featuredmedia":[{"embeddable":true,"href":"https:\/\/wncri.org\/fr\/wp-json\/wp\/v2\/media\/4807"}],"wp:attachment":[{"href":"https:\/\/wncri.org\/fr\/wp-json\/wp\/v2\/media?parent=2201"}],"wp:term":[{"taxonomy":"category","embeddable":true,"href":"https:\/\/wncri.org\/fr\/wp-json\/wp\/v2\/categories?post=2201"},{"taxonomy":"post_tag","embeddable":true,"href":"https:\/\/wncri.org\/fr\/wp-json\/wp\/v2\/tags?post=2201"}],"curies":[{"name":"wp","href":"https:\/\/api.w.org\/{rel}","templated":true}]}}