{"id":22007,"date":"2025-03-12T10:53:49","date_gmt":"2025-03-12T09:53:49","guid":{"rendered":"https:\/\/wncri.org\/fr\/?p=22007"},"modified":"2025-03-12T10:53:50","modified_gmt":"2025-03-12T09:53:50","slug":"les-femmes-iraniennes-3","status":"publish","type":"post","link":"https:\/\/wncri.org\/fr\/2025\/03\/12\/les-femmes-iraniennes-3\/","title":{"rendered":"Les femmes iraniennes, la force du changement, pionni\u00e8res d\u2019un combat universel"},"content":{"rendered":"\n<p>L&#8217;article suivant a \u00e9t\u00e9 publi\u00e9 par <em><a href=\"https:\/\/www.ladepeche.fr\/2025\/03\/08\/tribune-les-femmes-iraniennes-la-force-du-changement-pionnieres-dun-combat-universel-12557629.php\" target=\"_blank\" rel=\"noreferrer noopener\">La D\u00e9p\u00eache du Midi<\/a><\/em> \u00e0 l&#8217;occasion de la Journ\u00e9e internationale des femmes.<\/p>\n\n\n\n<h2 class=\"wp-block-heading\">TRIBUNE. Les femmes iraniennes, la force du changement, pionni\u00e8res d\u2019un combat universel\u00a0<\/h2>\n\n\n\n<p><strong>\u00c0 l\u2019occasion de la <a href=\"https:\/\/wncri.org\/fr\/2025\/02\/24\/conference-journee-mondiale-de-la-femme\/\" target=\"_blank\" rel=\"noreferrer noopener\">Journ\u00e9e internationale des droits des femmes<\/a>, un collectif international signe une tribune en soutien \u00e0 la lutte des femmes iraniennes pour la libert\u00e9.\u00a0Dominique Attias, pr\u00e9sidente du conseil d\u2019administration de la Fondations des avocats europ\u00e9ens, Elisabeth Badinter, philosophe, Ingrid Betancourt, autrice, ancienne s\u00e9natrice de la Colombie, ou encore Laurence Tubiana, pr\u00e9sidente de la Fondation europ\u00e9enne pour le climat figurent parmi les signataires de ce texte, que\u00a0<em>La D\u00e9p\u00eache du Midi<\/em>\u00a0publie ci-dessous.<\/strong><\/p>\n\n\n\n<p>Le courage surprenant des femmes iraniennes durant le soul\u00e8vement de 2022-2023 est rest\u00e9 \u00e0 jamais grav\u00e9 dans nos m\u00e9moires. Dans son rapport au Conseil des droits de l\u2019homme de l\u2019ONU, la mission internationale ind\u00e9pendante d\u00e9non\u00e7ait \u00ab&nbsp;les nombreuses violations graves des droits humains et des crimes de droit international commis contre les femmes et les filles en R\u00e9publique islamique d\u2019Iran&nbsp;\u00bb.<\/p>\n\n\n\n<p>L\u2019\u00e9mancipation des Iraniennes, n\u2019\u00e9tait-elle qu\u2019une utopie \u00e9ph\u00e9m\u00e8re, \u00e9touff\u00e9e par cette cruelle r\u00e9pression, des meurtres, des tortures et des viols, comme le d\u00e9nonce ce rapport&nbsp;? C\u2019est en effet la conclusion qu\u2019il faudrait tirer, si l\u2019on r\u00e9duit cette grande \u00e9pop\u00e9e \u00e0 l\u2019image fantasm\u00e9e que nous refl\u00e8tent certains m\u00e9dias pouss\u00e9s par une frange de la diaspora iranienne nostalgique du pass\u00e9. Nous serions en effet d\u00e9\u00e7ues d\u2019observer la r\u00e9alit\u00e9 iranienne depuis un prisme r\u00e9ducteur. L\u2019enjeu serait-il donc que l\u2019Iranienne se r\u00e9volte juste pour se d\u00e9barrasser d\u2019un voile&nbsp;? Aveugl\u00e9 par un tel reflet, on risque de ne pas voir les femmes voil\u00e9es, ni les hommes marcher aux c\u00f4t\u00e9s de ces jeunes filles courageuses. De ne pas remarquer ces femmes baloutches, v\u00eatues de leurs habits traditionnels et portant le tchador, scander&nbsp;: \u00ab&nbsp;Avec ou sans voile, nous marchons vers le renversement&nbsp;!&nbsp;\u00bb<\/p>\n\n\n\n<p>Le mouvement de 2022, n\u00e9 apr\u00e8s l\u2019assassinat tragique de la jeune kurde Jina (Mahsa) Amini, a r\u00e9v\u00e9l\u00e9 bien plus qu\u2019un rejet de la th\u00e9ocratie, Il a manifest\u00e9 l\u2019aspiration \u00e0 un projet d\u2019une soci\u00e9t\u00e9 nouvelle. Ce fut une d\u00e9monstration unique de diversit\u00e9, de sororit\u00e9 et de fraternit\u00e9, de pluralit\u00e9 et d\u2019une la\u00efcit\u00e9 qui transcende nos propres mod\u00e8les, souvent fragiles face \u00e0 l\u2019int\u00e9grisme misogyne et sauvage ainsi qu\u2019\u00e0 un certain machisme qui s\u2019obstine \u00e0 persister. Les Iraniennes nous disent&nbsp;: \u00ab&nbsp;Marchons vers le renversement&nbsp;\u00bb d\u2019un r\u00e9gime despotique religieux, d\u2019une culture misogyne, certes, mais afin de garantir l\u2019\u00e9galit\u00e9. Ce qui n\u2019est certainement pas le rejet de la riche culture et civilisation iranienne.<\/p>\n\n\n\n<p>Il serait r\u00e9ducteur de voir dans ce soul\u00e8vement un simple d\u00e9sir d\u2019\u00ab&nbsp;occidentalisation&nbsp;\u00bb, tout comme il le serait de penser que la r\u00e9volution antimonarchique de 1979 n\u2019\u00e9tait qu\u2019un rejet de l\u2019Occident. En y regardant de plus pr\u00e8s nous d\u00e9couvrons que, d\u2019une r\u00e9volution \u00e0 l\u2019autre, le peuple iranien rejette le despotisme sous toutes ses formes et aspire \u00e0 la libert\u00e9. \u00ab&nbsp;\u00c0 bas le tyran, qu\u2019il soit Chah ou Mollah&nbsp;\u00bb lan\u00e7aient les manifestant(e) s.<\/p>\n\n\n\n<p>Le r\u00e9gime iranien a tent\u00e9 de freiner l\u2019ascension des femmes en imposant le voile obligatoire, mais aussi en les privant de l\u2019acc\u00e8s \u00e0 certaines branches d\u2019\u00e9tudes universitaires, \u00e0 des fonctions comme la magistrature, ou encore aux postes de d\u00e9cision politique. Pourtant, d\u00e8s le d\u00e9but du si\u00e8cle dernier, les femmes iraniennes ont \u00e9t\u00e9 \u00e0 l\u2019avant-garde de l\u2019\u00e9mancipation. Rappelons ces Iraniennes qui, en 1911, ont pris d\u2019assaut le parlement (Majlis), dissimulant des pistolets sous leur tchador pour emp\u00eacher l\u2019adoption d\u2019une loi colonialiste. Les Iraniennes n\u2019ont pas attendu 2022 pour d\u00e9fier le r\u00e9gime le plus misogyne de l\u2019histoire r\u00e9cente, mais d\u00e8s mars&nbsp;1979, avec les premi\u00e8res manifestations massives contre le voile obligatoire.<\/p>\n\n\n\n<p>La jeune g\u00e9n\u00e9ration continue de renier les mollahs avec une audace remarquable&nbsp;: des filles marchent en plein jour les cheveux au vent, bravant les patrouilles de la chastet\u00e9 (Gashte Ershad). Mais aussi, la nuit tomb\u00e9e, cette jeunesse organis\u00e9e dans des unit\u00e9s de r\u00e9sistance, entra\u00een\u00e9e souvent par de courageuses femmes, se faufile dans les rues pour semer la peur dans les rangs des gardiens de la r\u00e9volution, en br\u00fblant les symboles du r\u00e9gime. Ces femmes r\u00e9sistent dans les prisons \u00e0 l\u2019instar de Maryam Akbari Monfared, m\u00e8re de trois filles, condamn\u00e9e \u00e0 17 ans de prison sans un seul jour de permission.<\/p>\n\n\n\n<p>Les femmes iraniennes, pionni\u00e8res d\u2019un combat universel<\/p>\n\n\n\n<p>Face \u00e0 l\u2019impossibilit\u00e9 de tout changement au sein de ce r\u00e9gime dictatorial et misogyne, les femmes iraniennes ont compris qu\u2019elles devaient prendre en main le leadership de la R\u00e9sistance. Fran\u00e7oise H\u00e9ritier l\u2019avait qualifi\u00e9 d\u2019\u00ab&nbsp;une exp\u00e9rience humaine \u00e9tonnante que nous ne pouvons que contempler, admirer et soutenir, voire dont nous devons nous inspirer&nbsp;\u00bb. Des milliers de jeunes filles et de femmes, de tous \u00e2ges, ont \u00e9t\u00e9 ex\u00e9cut\u00e9es pour avoir os\u00e9 d\u00e9fier la dictature. En 1988, presque toutes les femmes incarc\u00e9r\u00e9es du mouvement des Moudjahidine du peuple, pr\u00f4nant la d\u00e9mocratie et la s\u00e9paration de la religion et de l\u2019\u00c9tat, ont \u00e9t\u00e9 massacr\u00e9es dans les prisons.<\/p>\n\n\n\n<p>C\u2019est une lutte pour l\u2019\u00e9galit\u00e9, pour reconqu\u00e9rir la souverainet\u00e9 populaire, pour d\u00e9fendre les droits humains fondamentaux, pour l\u2019abolition de la peine de mort, et pour l\u2019instauration d\u2019une r\u00e9publique libre et la\u00efque. Tout ceci est inscrit dans le plan en dix points pr\u00e9sent\u00e9 par Maryam Radjavi, la figure de proue de cette r\u00e9sistance. \u00c0 l\u2019occasion de la&nbsp;<a href=\"https:\/\/www.maryam-rajavi.com\/fr\/discours-sur-la-conference-internationale-pour-la-journee-internationale-de-la-femme-2025\/\" target=\"_blank\" rel=\"noreferrer noopener\"><strong>journ\u00e9e internationale des femmes<\/strong><\/a>&nbsp;en pr\u00e9sence de nombreuses femmes influentes du monde entier, elle a ainsi r\u00e9sum\u00e9 ce combat&nbsp;: \u00ab&nbsp;Aujourd\u2019hui, les filles insurg\u00e9es, g\u00e9n\u00e9ratrices de soul\u00e8vements, incarnent la volont\u00e9 des combattantes iraniennes. Avec le slogan \u00ab&nbsp;<a href=\"https:\/\/www.maryam-rajavi.com\/fr\/points-de-vue\/droits-femmes-en-iran\/\" target=\"_blank\" rel=\"noreferrer noopener\"><strong>Femmes, R\u00e9sistance, Libert\u00e9<\/strong><\/a>&nbsp;\u00bb, elles s\u2019opposent fermement \u00e0 toute forme de contrainte. Comme nous l\u2019avons toujours dit&nbsp;: Non au voile impos\u00e9, non \u00e0 la religion impos\u00e9e et non au gouvernement impos\u00e9. Oui, les femmes sont la force du changement&nbsp;\u00bb. Nous sommes intimement convaincues que les Iraniennes portent, d\u00e8s aujourd\u2019hui, les germes d\u2019une soci\u00e9t\u00e9 nouvelle et plus \u00e9galitaire.<\/p>\n\n\n\n<p><strong>Signataires&nbsp;:<\/strong><\/p>\n\n\n\n<p>Jelena&nbsp;<strong>Aparac<\/strong>, ancien membre et pr\u00e9sidente-rapporteur du Groupe de travail des Nations Unies sur l\u2019utilisation de mercenaires<\/p>\n\n\n\n<p>Rosalia&nbsp;<strong>Arteaga<\/strong>, ancienne pr\u00e9sidente de la R\u00e9publique de l\u2019\u00c9quateur<\/p>\n\n\n\n<p>Dominique&nbsp;<strong>Attias<\/strong>, pr\u00e9sidente du conseil d\u2019administration de la Fondations des avocats europ\u00e9ens<\/p>\n\n\n\n<p>Elisabeth&nbsp;<strong>Badinter<\/strong>, philosophe<\/p>\n\n\n\n<p>Alice&nbsp;<strong>Benhamou Panetta<\/strong>, Pr\u00e9sidente Nationale Fondatrice de VLF (Vivent les femmes)<\/p>\n\n\n\n<p>Ingrid&nbsp;<strong>Betancourt<\/strong>, autrice, ancienne s\u00e9natrice de la Colombie<\/p>\n\n\n\n<p>Alda&nbsp;<strong>M. Facio<\/strong>, Ancienne pr\u00e9sidente-rapporteur du Groupe de travail de l\u2019ONU sur la discrimination \u00e0 l\u2019\u00e9gard des femmes et des filles<\/p>\n\n\n\n<p>Ghada&nbsp;<strong>Hatem-Gantzer<\/strong>, Praticien hospitalier, Fondatrice de la Maison des femmes<\/p>\n\n\n\n<p>Elisabeth&nbsp;<strong>Rabesandratana<\/strong>, avocate aupr\u00e8s de la Cour p\u00e9nale internationale.<\/p>\n\n\n\n<p>Noanne&nbsp;<strong>Tenneson<\/strong>, Directrice G\u00e9n\u00e9rale de l\u2019Alliance des Avocats pour les Droits de l\u2019Homme (AADH)<\/p>\n\n\n\n<p>Laurence&nbsp;<strong>Tubiana<\/strong>, pr\u00e9sidente de la Fondation europ\u00e9enne pour le climat<\/p>\n\n\n\n<p>Catherine&nbsp;<strong>Wihtol de Wenden<\/strong>, Directrice de recherche CNRS<\/p>\n\n\n\n<p>F. S\u00e8me <strong>Wallon<\/strong>, Secr\u00e9taire national de l\u2019Union Europ\u00e9enne des Femmes*<\/p>\n\n\n\n<ul class=\"wp-block-list\">\n<li>* Mme Wallon a sign\u00e9 la d\u00e9claration apr\u00e8s la publication de cet article dans <em>La D\u00e9p\u00eache du Midi<\/em>.\u00a0<\/li>\n<\/ul>\n","protected":false},"excerpt":{"rendered":"<p>L&#8217;article suivant a \u00e9t\u00e9 publi\u00e9 par La D\u00e9p\u00eache du Midi \u00e0 l&#8217;occasion de la Journ\u00e9e internationale des femmes. TRIBUNE. Les femmes iraniennes, la force du changement, pionni\u00e8res d\u2019un combat universel\u00a0 \u00c0 l\u2019occasion de la Journ\u00e9e internationale des droits des femmes, un collectif international signe une tribune en soutien \u00e0 la lutte des femmes iraniennes pour [&hellip;]<\/p>\n","protected":false},"author":4,"featured_media":22008,"comment_status":"closed","ping_status":"closed","sticky":false,"template":"","format":"standard","meta":{"jnews-multi-image_gallery":[],"jnews_single_post":{"format":"standard"},"jnews_primary_category":[],"jnews_social_meta":[],"jnews_override_counter":[],"footnotes":""},"categories":[8],"tags":[373],"class_list":["post-22007","post","type-post","status-publish","format-standard","has-post-thumbnail","hentry","category-articles","tag-le-leadership-des-femmes"],"_links":{"self":[{"href":"https:\/\/wncri.org\/fr\/wp-json\/wp\/v2\/posts\/22007","targetHints":{"allow":["GET"]}}],"collection":[{"href":"https:\/\/wncri.org\/fr\/wp-json\/wp\/v2\/posts"}],"about":[{"href":"https:\/\/wncri.org\/fr\/wp-json\/wp\/v2\/types\/post"}],"author":[{"embeddable":true,"href":"https:\/\/wncri.org\/fr\/wp-json\/wp\/v2\/users\/4"}],"replies":[{"embeddable":true,"href":"https:\/\/wncri.org\/fr\/wp-json\/wp\/v2\/comments?post=22007"}],"version-history":[{"count":1,"href":"https:\/\/wncri.org\/fr\/wp-json\/wp\/v2\/posts\/22007\/revisions"}],"predecessor-version":[{"id":22009,"href":"https:\/\/wncri.org\/fr\/wp-json\/wp\/v2\/posts\/22007\/revisions\/22009"}],"wp:featuredmedia":[{"embeddable":true,"href":"https:\/\/wncri.org\/fr\/wp-json\/wp\/v2\/media\/22008"}],"wp:attachment":[{"href":"https:\/\/wncri.org\/fr\/wp-json\/wp\/v2\/media?parent=22007"}],"wp:term":[{"taxonomy":"category","embeddable":true,"href":"https:\/\/wncri.org\/fr\/wp-json\/wp\/v2\/categories?post=22007"},{"taxonomy":"post_tag","embeddable":true,"href":"https:\/\/wncri.org\/fr\/wp-json\/wp\/v2\/tags?post=22007"}],"curies":[{"name":"wp","href":"https:\/\/api.w.org\/{rel}","templated":true}]}}