{"id":22004,"date":"2025-03-10T11:14:25","date_gmt":"2025-03-10T10:14:25","guid":{"rendered":"https:\/\/wncri.org\/fr\/?p=22004"},"modified":"2025-03-12T19:09:49","modified_gmt":"2025-03-12T18:09:49","slug":"marzieh-ghafarizadeh","status":"publish","type":"post","link":"https:\/\/wncri.org\/fr\/2025\/03\/10\/marzieh-ghafarizadeh\/","title":{"rendered":"Marzieh Ghafarizadeh reste dans les limbes de la prison d&#8217;Evin apr\u00e8s 34 jours de d\u00e9tention"},"content":{"rendered":"\n<h4 class=\"wp-block-heading\">Plus d&#8217;un mois s&#8217;est \u00e9coul\u00e9 depuis l&#8217;arrestation de Marzieh Ghafarizadeh, une habitante de T\u00e9h\u00e9ran, et elle est toujours dans les limbes de la justice \u00e0 la prison d&#8217;Evin.<\/h4>\n\n\n\n<p>Marzieh Ghafarizadeh a \u00e9t\u00e9 arr\u00eat\u00e9e le 1er f\u00e9vrier 2025 par les forces de s\u00e9curit\u00e9 et transf\u00e9r\u00e9e au quartier 1-A de la prison d&#8217;Evin, le centre de d\u00e9tention des services de renseignement du CGRI. Apr\u00e8s avoir \u00e9t\u00e9 interrog\u00e9e, elle a \u00e9t\u00e9 transf\u00e9r\u00e9e au <a href=\"https:\/\/wncri.org\/fr\/2021\/12\/10\/les-conditions-des-femmes-prisons\/\" target=\"_blank\" rel=\"noreferrer noopener\">quartier des femmes de la prison d&#8217;Evin<\/a> le 18 f\u00e9vrier.<\/p>\n\n\n\n<p>Bien qu&#8217;une ordonnance de mise en libert\u00e9 sous caution ait \u00e9t\u00e9 \u00e9mise pour sa lib\u00e9ration, l&#8217;officier charg\u00e9 du dossier a refus\u00e9 de l&#8217;accepter. Parall\u00e8lement, elle lutte contre un cancer et suit un traitement, et les conditions de d\u00e9tention difficiles pourraient gravement d\u00e9t\u00e9riorer son \u00e9tat de sant\u00e9.<\/p>\n\n\n\n<p>Aucune information officielle n&#8217;a \u00e9t\u00e9 publi\u00e9e concernant les charges retenues contre elle ou les raisons de son arrestation.<\/p>\n\n\n\n<p>Marzieh Ghafarizadeh, ancienne <a href=\"https:\/\/fr.wikipedia.org\/wiki\/Prisonnier_politique*\" target=\"_blank\" rel=\"noreferrer noopener\">prisonni\u00e8re politique<\/a> des ann\u00e9es 1980, est b\u00e9n\u00e9vole dans le sud de T\u00e9h\u00e9ran depuis plus de 25 ans. Elle \u00e9tait une membre active de la 13e association culturelle d&#8217;Aban, qui s&#8217;effor\u00e7ait de soutenir les femmes enceintes, les m\u00e8res allaitantes et les enfants dans les communaut\u00e9s marginalis\u00e9es.<\/p>\n\n\n\n<p>Souffrant d&#8217;un cancer, elle a besoin de soins m\u00e9dicaux urgents qui ne peuvent lui \u00eatre prodigu\u00e9s de mani\u00e8re appropri\u00e9e en prison. Son cas met en lumi\u00e8re le probl\u00e8me plus large du traitement inhumain des prisonniers politiques, en particulier des femmes, en Iran.<\/p>\n\n\n\n<p>Le sort de Marzieh Ghafarizadeh n&#8217;est pas seulement une trag\u00e9die personnelle, mais un rappel brutal de la r\u00e9pression permanente des d\u00e9fenseurs des droits de l&#8217;homme en Iran.<\/p>\n","protected":false},"excerpt":{"rendered":"<p>Plus d&#8217;un mois s&#8217;est \u00e9coul\u00e9 depuis l&#8217;arrestation de Marzieh Ghafarizadeh, une habitante de T\u00e9h\u00e9ran, et elle est toujours dans les limbes de la justice \u00e0 la prison d&#8217;Evin. Marzieh Ghafarizadeh a \u00e9t\u00e9 arr\u00eat\u00e9e le 1er f\u00e9vrier 2025 par les forces de s\u00e9curit\u00e9 et transf\u00e9r\u00e9e au quartier 1-A de la prison d&#8217;Evin, le centre de d\u00e9tention [&hellip;]<\/p>\n","protected":false},"author":4,"featured_media":22005,"comment_status":"closed","ping_status":"closed","sticky":false,"template":"","format":"standard","meta":{"jnews-multi-image_gallery":[],"jnews_single_post":{"format":"standard"},"jnews_primary_category":[],"jnews_social_meta":[],"jnews_override_counter":[],"footnotes":""},"categories":[3],"tags":[370],"class_list":["post-22004","post","type-post","status-publish","format-standard","has-post-thumbnail","hentry","category-infos-des-femmes","tag-prisonnieres"],"_links":{"self":[{"href":"https:\/\/wncri.org\/fr\/wp-json\/wp\/v2\/posts\/22004","targetHints":{"allow":["GET"]}}],"collection":[{"href":"https:\/\/wncri.org\/fr\/wp-json\/wp\/v2\/posts"}],"about":[{"href":"https:\/\/wncri.org\/fr\/wp-json\/wp\/v2\/types\/post"}],"author":[{"embeddable":true,"href":"https:\/\/wncri.org\/fr\/wp-json\/wp\/v2\/users\/4"}],"replies":[{"embeddable":true,"href":"https:\/\/wncri.org\/fr\/wp-json\/wp\/v2\/comments?post=22004"}],"version-history":[{"count":1,"href":"https:\/\/wncri.org\/fr\/wp-json\/wp\/v2\/posts\/22004\/revisions"}],"predecessor-version":[{"id":22006,"href":"https:\/\/wncri.org\/fr\/wp-json\/wp\/v2\/posts\/22004\/revisions\/22006"}],"wp:featuredmedia":[{"embeddable":true,"href":"https:\/\/wncri.org\/fr\/wp-json\/wp\/v2\/media\/22005"}],"wp:attachment":[{"href":"https:\/\/wncri.org\/fr\/wp-json\/wp\/v2\/media?parent=22004"}],"wp:term":[{"taxonomy":"category","embeddable":true,"href":"https:\/\/wncri.org\/fr\/wp-json\/wp\/v2\/categories?post=22004"},{"taxonomy":"post_tag","embeddable":true,"href":"https:\/\/wncri.org\/fr\/wp-json\/wp\/v2\/tags?post=22004"}],"curies":[{"name":"wp","href":"https:\/\/api.w.org\/{rel}","templated":true}]}}