{"id":2199,"date":"2017-03-08T00:10:43","date_gmt":"2017-03-08T00:10:43","guid":{"rendered":"https:\/\/wncri.org\/frdev\/2017\/03\/08\/sekai-masikana-holland\/"},"modified":"2017-03-08T00:10:43","modified_gmt":"2017-03-08T00:10:43","slug":"sekai-masikana-holland","status":"publish","type":"post","link":"https:\/\/wncri.org\/fr\/2017\/03\/08\/sekai-masikana-holland\/","title":{"rendered":"Sekai Masikana Holland"},"content":{"rendered":"<p>Extraits de l\u2018intervention \u00e0 la table ronde intitul\u00e9e \u00ab Les femmes au leadership, l&#8217;exp\u00e9rience de la r\u00e9sistance iranienne \u00bb &#8211; Tirana, 8 Mars 2017<\/p>\n<p>  <!--more-->  <\/p>\n<p>\u00a0<\/p>\n<p>\u00a0Quand j&#8217;ai \u00e9t\u00e9 invit\u00e9e l&#8217;an dernier, c&#8217;\u00e9tait pour voir ce que cette lutte pouvait tirer une exp\u00e9rience de la mani\u00e8re dont nous avons organis\u00e9 le mouvement anti-apartheid des ann\u00e9es 60 \u00e0 80. Et ce qui est int\u00e9ressant, c&#8217;est que lorsque nous avons essay\u00e9 de parler de ce mouvement avec diff\u00e9rentes personnes, elles nous ont dit que l\u2019OMPI \u00e9tait une organisation terroriste Et quand on a r\u00e9torqu\u00e9 qu\u2019il \u00e9tait \u00a0dirig\u00e9 par une femme et avez-vous vu des clips vid\u00e9os de ce qu&#8217;elle dit, personne ne les avait vus. Nous sommes donc all\u00e9s \u00e0 Paris et nous avons beaucoup progress\u00e9.<\/p>\n<p><span>\u00a0<\/span><\/p>\n<p>Le probl\u00e8me avec nos hommes c\u2019est qu&#8217;ils sont vraiment bloqu\u00e9s dans le patriarcat, et o\u00f9 je suis moi-m\u00eame coinc\u00e9e.J&#8217;avais 64 ans quand j&#8217;ai \u00e9t\u00e9 tortur\u00e9e &#8230; et cela a vraiment embarrass\u00e9 notre gouvernement d&#8217;avoir tortur\u00e9 une femme de cet \u00e2ge.Donc, si nous utilisons le domaine des droits des femmes, nous pouvons non seulement internationaliser cette lutte pour ce qu&#8217;elle fait, mais cela nous am\u00e8nera aussi \u00e0 un espace o\u00f9 nous pourrons recommencer \u00e0 travailler le genre en politique, par le biais de toutes les particularit\u00e9s que nous constituent et nous opposent.<\/p>\n","protected":false},"excerpt":{"rendered":"<p>Extraits de l\u2018intervention \u00e0 la table ronde intitul\u00e9e \u00ab Les femmes au leadership, l&#8217;exp\u00e9rience de la r\u00e9sistance iranienne \u00bb &#8211; Tirana, 8 Mars 2017<\/p>\n","protected":false},"author":1,"featured_media":4805,"comment_status":"open","ping_status":"open","sticky":false,"template":"","format":"standard","meta":{"jnews-multi-image_gallery":[],"jnews_single_post":[],"jnews_primary_category":[],"jnews_social_meta":[],"jnews_override_counter":[],"footnotes":""},"categories":[26],"tags":[],"class_list":["post-2199","post","type-post","status-publish","format-standard","has-post-thumbnail","hentry","category-conference-du-8-mars"],"_links":{"self":[{"href":"https:\/\/wncri.org\/fr\/wp-json\/wp\/v2\/posts\/2199","targetHints":{"allow":["GET"]}}],"collection":[{"href":"https:\/\/wncri.org\/fr\/wp-json\/wp\/v2\/posts"}],"about":[{"href":"https:\/\/wncri.org\/fr\/wp-json\/wp\/v2\/types\/post"}],"author":[{"embeddable":true,"href":"https:\/\/wncri.org\/fr\/wp-json\/wp\/v2\/users\/1"}],"replies":[{"embeddable":true,"href":"https:\/\/wncri.org\/fr\/wp-json\/wp\/v2\/comments?post=2199"}],"version-history":[{"count":0,"href":"https:\/\/wncri.org\/fr\/wp-json\/wp\/v2\/posts\/2199\/revisions"}],"wp:featuredmedia":[{"embeddable":true,"href":"https:\/\/wncri.org\/fr\/wp-json\/wp\/v2\/media\/4805"}],"wp:attachment":[{"href":"https:\/\/wncri.org\/fr\/wp-json\/wp\/v2\/media?parent=2199"}],"wp:term":[{"taxonomy":"category","embeddable":true,"href":"https:\/\/wncri.org\/fr\/wp-json\/wp\/v2\/categories?post=2199"},{"taxonomy":"post_tag","embeddable":true,"href":"https:\/\/wncri.org\/fr\/wp-json\/wp\/v2\/tags?post=2199"}],"curies":[{"name":"wp","href":"https:\/\/api.w.org\/{rel}","templated":true}]}}