{"id":21969,"date":"2025-03-05T22:19:02","date_gmt":"2025-03-05T21:19:02","guid":{"rendered":"https:\/\/wncri.org\/fr\/?p=21969"},"modified":"2025-03-05T22:21:27","modified_gmt":"2025-03-05T21:21:27","slug":"michele-alliot-marie-a-la-jif2025","status":"publish","type":"post","link":"https:\/\/wncri.org\/fr\/2025\/03\/05\/michele-alliot-marie-a-la-jif2025\/","title":{"rendered":"Mich\u00e8le Alliot-Marie \u00e0 la JIF2025 : Cette Journ\u00e9e internationale de la femme est aussi une journ\u00e9e d&#8217;action"},"content":{"rendered":"\n<h4 class=\"wp-block-heading\">Le samedi 22 f\u00e9vrier 2025, la Commission des femmes du Conseil national de la R\u00e9sistance iranienne a organis\u00e9 une <a href=\"https:\/\/wncri.org\/fr\/2025\/02\/24\/conference-journee-mondiale-de-la-femme\/\" target=\"_blank\" rel=\"noreferrer noopener\">conf\u00e9rence<\/a> pour comm\u00e9morer la Journ\u00e9e internationale de la femme (JIF2025). L&#8217;\u00e9v\u00e9nement a rassembl\u00e9 d&#8217;\u00e9minentes dirigeantes politiques, des d\u00e9fenseurs des droits de l&#8217;Homme et des sympathisantes de la R\u00e9sistance iranienne venus de plus de 80 pays.<\/h4>\n\n\n\n<h4 class=\"wp-block-heading\">Mich\u00e8le Alliot-Marie a \u00e9t\u00e9 la premi\u00e8re femme en France \u00e0 d\u00e9tenir les portefeuilles de la D\u00e9fense (2002-2007), de l&#8217;Int\u00e9rieur (2007-2009) et des Affaires \u00e9trang\u00e8res (2010-2011). Elle a \u00e9galement \u00e9t\u00e9 ministre de la Jeunesse et des Sports (1993-1995) et de la Justice (2009-2010), et a re\u00e7u le titre honorifique de ministre d&#8217;\u00c9tat lors de ses deux derni\u00e8res nominations.<\/h4>\n\n\n\n<p>Amie proche de la R\u00e9sistance iranienne et de Mme Maryam Radjavi, Mme Alliot-Marie a <a href=\"https:\/\/x.com\/womenncri\/status\/1893348341880082730\" target=\"_blank\" rel=\"noreferrer noopener\">prononc\u00e9 un discours<\/a> lors de l&#8217;\u00e9v\u00e9nement IWD2025 \u00e0 Paris, dont le texte est pr\u00e9sent\u00e9 ci-dessous.<\/p>\n\n\n\n<h2 class=\"wp-block-heading\"><strong>Mich\u00e8le Alliot-Marie :<\/strong> <strong>Nous voulons un monde o\u00f9 l&#8217;\u00e9galit\u00e9 et la libert\u00e9 ne sont pas des privil\u00e8ges<\/strong><\/h2>\n\n\n\n<p>Merci \u00e0 vous, merci de votre accueil.<\/p>\n\n\n\n<p>Madame la pr\u00e9sidente, ch\u00e8re Mariam Radjavi, Mesdames les ministres, Mesdames les pr\u00e9sidentes, Mesdames et Messieurs et surtout chers amis, c&#8217;est toujours un grand plaisir de vous retrouver et de vous retrouver une fois de plus pour cette journ\u00e9e internationale de la femme (JIF2025).<\/p>\n\n\n\n<h3 class=\"wp-block-heading\"><strong>Un remerciement sinc\u00e8re<\/strong><\/h3>\n\n\n\n<p>Mais d&#8217;abord, comment ne pas vous remercier ch\u00e8re Maryam Radjavi de <a href=\"https:\/\/wncri.org\/fr\/2025\/02\/23\/maryam-radjavi-iwd2025\/\" target=\"_blank\" rel=\"noreferrer noopener\">votre superbe discours<\/a>.<\/p>\n\n\n\n<p>C&#8217;\u00e9tait vraiment un discours qui nous a profond\u00e9ment \u00e9mu, qui nous a profond\u00e9ment touch\u00e9 et en m\u00eame temps un discours plein d&#8217;une vision et d&#8217;une \u00e9l\u00e9vation d&#8217;esprit, \u00f4 combien n\u00e9cessaire dans la situation actuelle de notre politique internationale.<\/p>\n\n\n\n<p>Alors je crois oui que vous montrez comment aussi faire de la politique, c&#8217;est avoir une vision, c&#8217;est avoir une philosophie non seulement de la gestion de l&#8217;\u00c9tat, mais une philosophie de la vie et une philosophie qui sait r\u00e9unir les uns et les autres vers le plus beau mot qui est le mot de paix.<\/p>\n\n\n\n<p>Merci ch\u00e8re madame Radjavi de ce si beau discours.<\/p>\n\n\n\n<h3 class=\"wp-block-heading\"><strong>C\u00e9l\u00e9brer les talents et les contributions des femmes<\/strong><strong><\/strong><\/h3>\n\n\n\n<p>Mesdames et messieurs, oui cette journ\u00e9e de la femme, nous aimerions qu&#8217;elle soit l\u00e0 finalement tous les jours.<\/p>\n\n\n\n<p>Mais c&#8217;est une bonne occasion pour nous. C&#8217;est une bonne occasion pour nous de c\u00e9l\u00e9brer les talents, les talents des femmes, parfois pass\u00e9s sous silence.<\/p>\n\n\n\n<p>Des talents que je vois ici parmi vous, mesdames, qui \u00e0 travers des fonctions les plus diverses, avez \u00e0 montrer \u00e0 chaque fois cette hauteur de vue, cette volont\u00e9 d&#8217;agir qui nous guide les unes et les autres lorsqu&#8217;on nous confie des responsabilit\u00e9s.<\/p>\n\n\n\n<p>Nous n&#8217;agissons pas pour nous, nous agissons pour les autres, nous agissons pour d&#8217;autres pays, nous agissons pour l&#8217;ensemble de la population dans le monde.<\/p>\n\n\n\n<h3 class=\"wp-block-heading\"><strong>Solidarit\u00e9 et responsabilit\u00e9<\/strong><strong><\/strong><\/h3>\n\n\n\n<p>Cette <a href=\"https:\/\/wncri.org\/fr\/2025\/03\/03\/8-mars-la-journee-internationale-de-la-femme\/\" target=\"_blank\" rel=\"noreferrer noopener\">journ\u00e9e internationale de la femme<\/a> (JIF2025), c&#8217;est aussi une journ\u00e9e des droits des femmes et l&#8217;occasion pour nous, pour nous qui, mesdames, avons la chance finalement de vivre dans un pays, de vivre dans des pays et de vivre dans des circonstances o\u00f9 nous pouvons nous exprimer, o\u00f9 nous pouvons dire ce que nous pensons, nous b\u00e9n\u00e9ficions de la libert\u00e9, c&#8217;est une occasion de dire notre solidarit\u00e9 avec celles qui n&#8217;ont pas la m\u00eame chance que nous.<\/p>\n\n\n\n<p>C&#8217;est une occasion pour nous aussi de sentir le poids de la responsabilit\u00e9 qui p\u00e8se sur nos \u00e9paules, parce que ce privil\u00e8ge que nous avons, nous le devons aussi \u00e0 celles et \u00e0 ceux qui se battent chaque jour pour la libert\u00e9, pour la d\u00e9mocratie, pour la reconnaissance de l&#8217;\u00e9galit\u00e9 entre les hommes et les femmes.<\/p>\n\n\n<div class=\"wp-block-image\">\n<figure class=\"aligncenter size-large\"><img decoding=\"async\" src=\"data:image\/gif;base64,R0lGODlhAQABAIAAAAAAAP\/\/\/yH5BAEAAAAALAAAAAABAAEAAAIBRAA7\" data-src=\"https:\/\/wncri.org\/fr\/wp-content\/uploads\/2025\/03\/Michele-Alliot-Marie-3-min-1024x576.jpg\" alt=\"Mich\u00e8le Alliot-Marie \u00e0 la JIF2025\" class=\"wp-image-21972 lazyload\"\/><noscript><img decoding=\"async\" width=\"1024\" height=\"576\" src=\"https:\/\/wncri.org\/fr\/wp-content\/uploads\/2025\/03\/Michele-Alliot-Marie-3-min-1024x576.jpg\" alt=\"Mich\u00e8le Alliot-Marie \u00e0 la JIF2025\" class=\"wp-image-21972 lazyload\" srcset=\"https:\/\/wncri.org\/fr\/wp-content\/uploads\/2025\/03\/Michele-Alliot-Marie-3-min-1024x576.jpg 1024w, https:\/\/wncri.org\/fr\/wp-content\/uploads\/2025\/03\/Michele-Alliot-Marie-3-min-300x169.jpg 300w, https:\/\/wncri.org\/fr\/wp-content\/uploads\/2025\/03\/Michele-Alliot-Marie-3-min-768x432.jpg 768w, https:\/\/wncri.org\/fr\/wp-content\/uploads\/2025\/03\/Michele-Alliot-Marie-3-min-750x422.jpg 750w, https:\/\/wncri.org\/fr\/wp-content\/uploads\/2025\/03\/Michele-Alliot-Marie-3-min-1140x641.jpg 1140w, https:\/\/wncri.org\/fr\/wp-content\/uploads\/2025\/03\/Michele-Alliot-Marie-3-min.jpg 1200w\" sizes=\"(max-width: 1024px) 100vw, 1024px\" \/><\/noscript><\/figure>\n<\/div>\n\n\n<h3 class=\"wp-block-heading\"><strong>Action et d\u00e9fense de la libert\u00e9 et de l&#8217;\u00e9galit\u00e9<\/strong><strong><\/strong><\/h3>\n\n\n\n<p>Alors cette journ\u00e9e internationale des femmes, c&#8217;est aussi une journ\u00e9e de l&#8217;action.<\/p>\n\n\n\n<p>C&#8217;est une journ\u00e9e qui c\u00e9l\u00e8bre l&#8217;action pour la libert\u00e9, une journ\u00e9e qui c\u00e9l\u00e8bre l&#8217;action pour l&#8217;\u00e9galit\u00e9 entre les hommes et les femmes, une journ\u00e9e qui c\u00e9l\u00e8bre la d\u00e9mocratie, une journ\u00e9e qui c\u00e9l\u00e8bre la paix que nous toutes ici nous voulons.<\/p>\n\n\n\n<p>Et cette action, ce combat n\u00e9cessaire chaque jour, c&#8217;est aussi le v\u00f4tre, ch\u00e8re Mariam Radjavi, celui que vous menez depuis des ann\u00e9es, celui que vous menez tous les jours, avec quel talent, avec quelle d\u00e9termination, avec quelle volont\u00e9 de passer au-del\u00e0 de toutes les difficult\u00e9s, parce que vous savez qu&#8217;il n&#8217;y a pas de plus beaux messages, vous savez qu&#8217;il n&#8217;y a pas de plus belle action que celle qui nous d\u00e9passe, qui d\u00e9passe chacune de nos petites personnes, qui nous permet de nous mettre au service de toutes celles et de tous ceux qui en ont besoin dans le monde.<\/p>\n\n\n\n<h3 class=\"wp-block-heading\"><strong>La lutte iranienne : Femmes et hommes dans la r\u00e9sistance<\/strong><strong><\/strong><\/h3>\n\n\n\n<p>Oui, c&#8217;est cela aujourd&#8217;hui, mesdames, chers amis, que nous c\u00e9l\u00e9brons. Ce n&#8217;est pas simplement, vous l&#8217;avez tr\u00e8s bien dit ch\u00e8re Maryam, un combat contre la misogynie.<\/p>\n\n\n\n<p>C&#8217;est beaucoup plus que cela. C&#8217;est un combat culturel, c&#8217;est un combat politique au sens le plus beau du terme politique, celui que l&#8217;on oublie trop souvent.<\/p>\n\n\n\n<h3 class=\"wp-block-heading\"><strong>La discrimination en Iran<\/strong><strong><\/strong><\/h3>\n\n\n\n<p>En Iran, la discrimination \u00e0 l&#8217;\u00e9gard des femmes est <a href=\"https:\/\/wncri.org\/fr\/2020\/06\/09\/misogynie-institutionnalisee\/\" target=\"_blank\" rel=\"noreferrer noopener\">inscrite dans la constitution et dans la loi<\/a> Et je sais que je m&#8217;adresse ici \u00e0 des juristes \u00e9minentes qui savent ce que cela veut dire.<\/p>\n\n\n\n<p>Cela veut dire une chose, c&#8217;est qu&#8217;elle restera telle qu&#8217;elle est tant que le r\u00e9gime ne changera pas.<\/p>\n\n\n\n<p>Et pour changer un r\u00e9gime, ce n&#8217;est pas par les armes, c&#8217;est par la politique et par la transformation culturelle que l&#8217;on peut le faire, mais d&#8217;abord par la politique.<\/p>\n\n\n\n<h3 class=\"wp-block-heading\"><strong>La r\u00e9sistance croissante contre le r\u00e9gime<\/strong><strong><\/strong><\/h3>\n\n\n\n<p>Et de plus en plus de femmes et d&#8217;hommes en Iran manifestent leur opposition au r\u00e9gime en place, au p\u00e9ril de leur vie, nous l&#8217;avons vu et vous l&#8217;avez rappel\u00e9, mais hors d&#8217;Iran aussi, de plus en plus d&#8217;hommes et de femmes les soutiennent dans leur combat.<\/p>\n\n\n\n<p>Et j&#8217;aimerais, je dois le dire aujourd&#8217;hui, que de plus en plus de gouvernements, de nos gouvernements occidentaux d\u00e9passent le niveau des bonnes paroles inscrites avec beaucoup de prudence dans leur discours pour aller vers davantage d&#8217;actions concr\u00e8tes, pour effectivement d\u00e9fendre ces valeurs qui sont les v\u00f4tres, qui sont les n\u00f4tres toutes ensemble.<\/p>\n\n\n<div class=\"wp-block-image\">\n<figure class=\"aligncenter size-large\"><img decoding=\"async\" src=\"data:image\/gif;base64,R0lGODlhAQABAIAAAAAAAP\/\/\/yH5BAEAAAAALAAAAAABAAEAAAIBRAA7\" data-src=\"https:\/\/wncri.org\/fr\/wp-content\/uploads\/2025\/03\/Michele-Alliot-Marie-2-min-1024x576.jpg\" alt=\"Mich\u00e8le Alliot-Marie \u00e0 la JIF2025\" class=\"wp-image-21971 lazyload\"\/><noscript><img decoding=\"async\" width=\"1024\" height=\"576\" src=\"https:\/\/wncri.org\/fr\/wp-content\/uploads\/2025\/03\/Michele-Alliot-Marie-2-min-1024x576.jpg\" alt=\"Mich\u00e8le Alliot-Marie \u00e0 la JIF2025\" class=\"wp-image-21971 lazyload\" srcset=\"https:\/\/wncri.org\/fr\/wp-content\/uploads\/2025\/03\/Michele-Alliot-Marie-2-min-1024x576.jpg 1024w, https:\/\/wncri.org\/fr\/wp-content\/uploads\/2025\/03\/Michele-Alliot-Marie-2-min-300x169.jpg 300w, https:\/\/wncri.org\/fr\/wp-content\/uploads\/2025\/03\/Michele-Alliot-Marie-2-min-768x432.jpg 768w, https:\/\/wncri.org\/fr\/wp-content\/uploads\/2025\/03\/Michele-Alliot-Marie-2-min-750x422.jpg 750w, https:\/\/wncri.org\/fr\/wp-content\/uploads\/2025\/03\/Michele-Alliot-Marie-2-min-1140x641.jpg 1140w, https:\/\/wncri.org\/fr\/wp-content\/uploads\/2025\/03\/Michele-Alliot-Marie-2-min.jpg 1200w\" sizes=\"(max-width: 1024px) 100vw, 1024px\" \/><\/noscript><\/figure>\n<\/div>\n\n\n<h3 class=\"wp-block-heading\"><strong>Iran : Une nation \u00e0 la crois\u00e9e des chemins<\/strong><strong><\/strong><\/h3>\n\n\n\n<p>L&#8217;Iran, je l&#8217;ai toujours dit, est un grand pays, est un grand peuple, qui peut \u00e9norm\u00e9ment pour la stabilit\u00e9 de la r\u00e9gion. Et une r\u00e9gion qui en a de plus en plus besoin, nous le voyons encore ces derniers mois et ces derni\u00e8res semaines.<\/p>\n\n\n\n<p>Et son r\u00e9gime actuel malheureusement est encore une menace, une menace pour cette stabilit\u00e9, une menace pour la paix parce que ne l&#8217;oublions pas et c&#8217;est de plus en plus reconnu, le r\u00e9gime actuel est le sponsor d&#8217;actes terrorisme qui se prononce dans le monde entier, dans la r\u00e9gion mais aussi ici et nous en avons eu des preuves et la justice fran\u00e7aise comme belge l&#8217;a aussi reconnue.<\/p>\n\n\n\n<p>Et c&#8217;est une menace qui effectivement d\u00e9stabilise non seulement la r\u00e9gion, mais d\u00e9stabilise le monde.<\/p>\n\n\n\n<h3 class=\"wp-block-heading\"><strong>La menace nucl\u00e9aire et la voie \u00e0 suivre<\/strong><strong><\/strong><\/h3>\n\n\n\n<p>Et puis je vais vous dire que ce qui m&#8217;inqui\u00e8te pour moi le plus comme ancien ministre de la D\u00e9fense, comme ancien ministre des affaires \u00e9trang\u00e8res, c&#8217;est de voir ce grand pays ou plus exactement son gouvernement, ne confondons surtout pas les deux, qui bafoue les conventions qu&#8217;il a lui-m\u00eame sign\u00e9es, y compris quand il s&#8217;agit de prolif\u00e9ration nucl\u00e9aires, qui reste quand m\u00eame le grand danger pour la plan\u00e8te et pour la vie tout enti\u00e8re.<\/p>\n\n\n\n<p>Il cr\u00e9e aujourd&#8217;hui des sommes d&#8217;uranium enrichis qui sont trente fois sup\u00e9rieures \u00e0 la limite autoris\u00e9e. Ce n&#8217;est pas moi qui le dis, ce n&#8217;est pas l&#8217;opposition qui le dit, c&#8217;est l&#8217;agence internationale de l&#8217;\u00e9nergie atomique.<\/p>\n\n\n\n<p>Trente fois sup\u00e9rieur et on va nous expliquer qu&#8217;il n&#8217;y a aucune pr\u00e9occupation militaire en agissant de cette fa\u00e7on, c&#8217;est absolument impossible.<\/p>\n\n\n\n<h3 class=\"wp-block-heading\"><strong>Un appel \u00e0 l&#8217;action : Un changement de r\u00e9gime<\/strong><strong><\/strong><\/h3>\n\n\n\n<p>Nous voyons donc bien aujourd&#8217;hui qu&#8217;il est important d&#8217;agir. Le pr\u00e9sident de la R\u00e9publique fran\u00e7aise lui-m\u00eame a qualifi\u00e9 le r\u00e9gime actuel de principal d\u00e9fi strat\u00e9gique et s\u00e9curitaire dans le monde.<\/p>\n\n\n\n<p>Le retour vers la stabilit\u00e9, le retour vers la paix, le retour vers une perspective d&#8217;avenir meilleure et plus s\u00fbre, passe certainement par un changement de r\u00e9gime.<\/p>\n\n\n\n<p>Mais disons-le tout de suite et je tiens \u00e0 le dire dans le contexte actuel, ce changement ne peut venir que de l&#8217;int\u00e9rieur lui-m\u00eame. Il ne peut venir que des Iraniennes et des iraniens.<\/p>\n\n\n\n<p>Il ne peut venir que de celles et de ceux qui croient r\u00e9ellement en la libert\u00e9, en la d\u00e9mocratie, dans la s\u00e9paration de la religion et de l&#8217;\u00c9tat, dans l&#8217;\u00e9galit\u00e9 entre les hommes et les femmes, et dans la non-prolif\u00e9ration nucl\u00e9aire, dans la protection des minorit\u00e9s, qu&#8217;elles soient religieuses ou ethniques.<\/p>\n\n\n\n<p>C&#8217;est \u00e7a la r\u00e9alit\u00e9, elle ne peut venir que de l&#8217;int\u00e9rieur, mais nous pouvons croire de plus en plus que ceci va arriver bient\u00f4t et nous en avons tous besoin et le monde en a tous besoin et c&#8217;est bien ce que vous avez \u00e9crit dans votre programme, ch\u00e8re Maryam Radjavi et dans ce superbe discours, merci \u00e0 vous, merci de ce que vous faites, merci de ce que vous \u00eates.<\/p>\n","protected":false},"excerpt":{"rendered":"<p>Le samedi 22 f\u00e9vrier 2025, la Commission des femmes du Conseil national de la R\u00e9sistance iranienne a organis\u00e9 une conf\u00e9rence pour comm\u00e9morer la Journ\u00e9e internationale de la femme (JIF2025). L&#8217;\u00e9v\u00e9nement a rassembl\u00e9 d&#8217;\u00e9minentes dirigeantes politiques, des d\u00e9fenseurs des droits de l&#8217;Homme et des sympathisantes de la R\u00e9sistance iranienne venus de plus de 80 pays. Mich\u00e8le [&hellip;]<\/p>\n","protected":false},"author":4,"featured_media":21970,"comment_status":"closed","ping_status":"closed","sticky":false,"template":"","format":"standard","meta":{"jnews-multi-image_gallery":[],"jnews_single_post":{"format":"standard"},"jnews_primary_category":[],"jnews_social_meta":[],"jnews_override_counter":[],"footnotes":""},"categories":[26],"tags":[373],"class_list":["post-21969","post","type-post","status-publish","format-standard","has-post-thumbnail","hentry","category-conference-du-8-mars","tag-le-leadership-des-femmes"],"_links":{"self":[{"href":"https:\/\/wncri.org\/fr\/wp-json\/wp\/v2\/posts\/21969","targetHints":{"allow":["GET"]}}],"collection":[{"href":"https:\/\/wncri.org\/fr\/wp-json\/wp\/v2\/posts"}],"about":[{"href":"https:\/\/wncri.org\/fr\/wp-json\/wp\/v2\/types\/post"}],"author":[{"embeddable":true,"href":"https:\/\/wncri.org\/fr\/wp-json\/wp\/v2\/users\/4"}],"replies":[{"embeddable":true,"href":"https:\/\/wncri.org\/fr\/wp-json\/wp\/v2\/comments?post=21969"}],"version-history":[{"count":2,"href":"https:\/\/wncri.org\/fr\/wp-json\/wp\/v2\/posts\/21969\/revisions"}],"predecessor-version":[{"id":21975,"href":"https:\/\/wncri.org\/fr\/wp-json\/wp\/v2\/posts\/21969\/revisions\/21975"}],"wp:featuredmedia":[{"embeddable":true,"href":"https:\/\/wncri.org\/fr\/wp-json\/wp\/v2\/media\/21970"}],"wp:attachment":[{"href":"https:\/\/wncri.org\/fr\/wp-json\/wp\/v2\/media?parent=21969"}],"wp:term":[{"taxonomy":"category","embeddable":true,"href":"https:\/\/wncri.org\/fr\/wp-json\/wp\/v2\/categories?post=21969"},{"taxonomy":"post_tag","embeddable":true,"href":"https:\/\/wncri.org\/fr\/wp-json\/wp\/v2\/tags?post=21969"}],"curies":[{"name":"wp","href":"https:\/\/api.w.org\/{rel}","templated":true}]}}