{"id":21940,"date":"2025-03-03T19:58:21","date_gmt":"2025-03-03T18:58:21","guid":{"rendered":"https:\/\/wncri.org\/fr\/?p=21940"},"modified":"2025-03-03T19:58:24","modified_gmt":"2025-03-03T18:58:24","slug":"8-mars-la-journee-internationale-de-la-femme","status":"publish","type":"post","link":"https:\/\/wncri.org\/fr\/2025\/03\/03\/8-mars-la-journee-internationale-de-la-femme\/","title":{"rendered":"8 mars : l&#8217;histoire de la Journ\u00e9e internationale de la femme"},"content":{"rendered":"\n<h4 class=\"wp-block-heading\">Chaque ann\u00e9e, le 8 mars, le monde entier c\u00e9l\u00e8bre la <a href=\"https:\/\/www.un.org\/fr\/observances\/womens-day\/background\" target=\"_blank\" rel=\"noreferrer noopener\">Journ\u00e9e internationale de la femme<\/a>. Cette journ\u00e9e rend hommage aux r\u00e9alisations sociales, \u00e9conomiques, culturelles et politiques des femmes, tout en appelant \u00e0 l&#8217;\u00e9galit\u00e9 des sexes. Mais comment cette journ\u00e9e mondiale de reconnaissance a-t-elle vu le jour ?<\/h4>\n\n\n\n<h3 class=\"wp-block-heading\"><strong>Une lutte pour les droits et la reconnaissance<\/strong><\/h3>\n\n\n\n<p>Les origines de la Journ\u00e9e internationale de la femme (JIF) remontent au d\u00e9but du XXe si\u00e8cle, \u00e9poque marqu\u00e9e par de grands bouleversements sociaux et des mouvements ouvriers. La premi\u00e8re c\u00e9l\u00e9bration remonte \u00e0 1909 \u00e0 New York, lorsque le Parti socialiste am\u00e9ricain a organis\u00e9 une journ\u00e9e des femmes pour soutenir les ouvri\u00e8res de l&#8217;habillement en gr\u00e8ve pour obtenir de meilleurs salaires et conditions de travail.<\/p>\n\n\n\n<h3 class=\"wp-block-heading\"><strong>La naissance d&#8217;un mouvement mondial<\/strong><\/h3>\n\n\n\n<p>En 1910, lors de la conf\u00e9rence internationale des femmes socialistes \u00e0 Copenhague, la f\u00e9ministe allemande Clara Zetkin a propos\u00e9 l&#8217;id\u00e9e d&#8217;une journ\u00e9e annuelle des femmes. L&#8217;id\u00e9e est simple : Chaque ann\u00e9e, les femmes de tous les pays devraient s&#8217;unir pour faire campagne en faveur de leurs droits. L&#8217;ann\u00e9e suivante, plus d&#8217;un million de personnes ont c\u00e9l\u00e9br\u00e9 cette journ\u00e9e en Autriche, au Danemark, en Allemagne et en Suisse, d\u00e9fendant le droit des femmes \u00e0 voter, \u00e0 travailler et \u00e0 occuper des fonctions publiques.<\/p>\n\n\n<div class=\"wp-block-image\">\n<figure class=\"aligncenter size-large\"><img decoding=\"async\" src=\"data:image\/gif;base64,R0lGODlhAQABAIAAAAAAAP\/\/\/yH5BAEAAAAALAAAAAABAAEAAAIBRAA7\" data-src=\"https:\/\/wncri.org\/fr\/wp-content\/uploads\/2025\/03\/IWD-History-2-min-1024x576.jpg\" alt=\"8 mars : l'histoire de la Journ\u00e9e internationale de la femme\" class=\"wp-image-21941 lazyload\"\/><noscript><img decoding=\"async\" width=\"1024\" height=\"576\" src=\"https:\/\/wncri.org\/fr\/wp-content\/uploads\/2025\/03\/IWD-History-2-min-1024x576.jpg\" alt=\"8 mars : l'histoire de la Journ\u00e9e internationale de la femme\" class=\"wp-image-21941 lazyload\" srcset=\"https:\/\/wncri.org\/fr\/wp-content\/uploads\/2025\/03\/IWD-History-2-min-1024x576.jpg 1024w, https:\/\/wncri.org\/fr\/wp-content\/uploads\/2025\/03\/IWD-History-2-min-300x169.jpg 300w, https:\/\/wncri.org\/fr\/wp-content\/uploads\/2025\/03\/IWD-History-2-min-768x432.jpg 768w, https:\/\/wncri.org\/fr\/wp-content\/uploads\/2025\/03\/IWD-History-2-min-750x422.jpg 750w, https:\/\/wncri.org\/fr\/wp-content\/uploads\/2025\/03\/IWD-History-2-min-1140x641.jpg 1140w, https:\/\/wncri.org\/fr\/wp-content\/uploads\/2025\/03\/IWD-History-2-min.jpg 1200w\" sizes=\"(max-width: 1024px) 100vw, 1024px\" \/><\/noscript><figcaption class=\"wp-element-caption\">Manifestation des femmes \u00e0 Petrograd (8 mars 1917), o\u00f9 des ouvri\u00e8res du textile de Petrograd (aujourd&#8217;hui Saint-P\u00e9tersbourg) ont lanc\u00e9 des gr\u00e8ves pour r\u00e9clamer du \u00ab pain et la paix. \u00bb<\/figcaption><\/figure>\n<\/div>\n\n\n<h3 class=\"wp-block-heading\"><strong>Une journ\u00e9e marqu\u00e9e par la lutte et la solidarit\u00e9<\/strong><\/h3>\n\n\n\n<p>L&#8217;importance du 8 mars a \u00e9t\u00e9 confirm\u00e9e en 1917, lorsque les femmes de Russie ont manifest\u00e9 pour r\u00e9clamer \u00ab du pain et de la paix \u00bb au milieu de la Premi\u00e8re Guerre mondiale. Leur gr\u00e8ve, qui co\u00efncidait avec le 23 f\u00e9vrier du calendrier julien (8 mars dans le calendrier gr\u00e9gorien), a d\u00e9clench\u00e9 une r\u00e9volution qui a conduit \u00e0 l&#8217;abdication du tsar et a accord\u00e9 aux femmes le droit de vote en Russie.<\/p>\n\n\n\n<h3 class=\"wp-block-heading\"><strong>Des manifestations \u00e0 la reconnaissance mondiale<\/strong><\/h3>\n\n\n\n<p>Les Nations unies ont officiellement reconnu la Journ\u00e9e internationale de la femme en 1977, marquant ainsi un tournant dans la lutte mondiale pour l&#8217;\u00e9galit\u00e9 des sexes. Depuis lors, cette journ\u00e9e est devenue une c\u00e9l\u00e9bration mondiale, dont les th\u00e8mes mettent chaque ann\u00e9e l&#8217;accent sur des questions telles que la violence \u00e0 l&#8217;\u00e9gard des femmes, les \u00e9carts de r\u00e9mun\u00e9ration entre les hommes et les femmes et l&#8217;acc\u00e8s \u00e0 l&#8217;\u00e9ducation.<\/p>\n\n\n\n<h3 class=\"wp-block-heading\"><strong>Pourquoi le 8 mars est important aujourd&#8217;hui<\/strong><\/h3>\n\n\n\n<p>La Journ\u00e9e internationale de la femme est plus qu&#8217;une simple date sur le calendrier : c&#8217;est un rappel du chemin parcouru et de <a href=\"https:\/\/www.maryam-rajavi.com\/fr\/discours-sur-la-conference-internationale-pour-la-journee-internationale-de-la-femme-2025\/\" target=\"_blank\" rel=\"noreferrer noopener\">celui qu&#8217;il reste \u00e0 parcourir<\/a>. Malgr\u00e9 les progr\u00e8s accomplis, les femmes du monde entier continuent d&#8217;\u00eatre confront\u00e9es \u00e0 la discrimination, \u00e0 la violence et \u00e0 l&#8217;in\u00e9galit\u00e9. Cette journ\u00e9e sert de plateforme pour amplifier la voix des femmes et plaider en faveur du changement.<\/p>\n\n\n<div class=\"wp-block-image\">\n<figure class=\"aligncenter size-large\"><img decoding=\"async\" src=\"data:image\/gif;base64,R0lGODlhAQABAIAAAAAAAP\/\/\/yH5BAEAAAAALAAAAAABAAEAAAIBRAA7\" data-src=\"https:\/\/wncri.org\/fr\/wp-content\/uploads\/2025\/03\/IWD-History-3-min-1024x576.jpg\" alt=\"8 mars : l'histoire de la Journ\u00e9e internationale de la femme\" class=\"wp-image-21942 lazyload\"\/><noscript><img decoding=\"async\" width=\"1024\" height=\"576\" src=\"https:\/\/wncri.org\/fr\/wp-content\/uploads\/2025\/03\/IWD-History-3-min-1024x576.jpg\" alt=\"8 mars : l'histoire de la Journ\u00e9e internationale de la femme\" class=\"wp-image-21942 lazyload\" srcset=\"https:\/\/wncri.org\/fr\/wp-content\/uploads\/2025\/03\/IWD-History-3-min-1024x576.jpg 1024w, https:\/\/wncri.org\/fr\/wp-content\/uploads\/2025\/03\/IWD-History-3-min-300x169.jpg 300w, https:\/\/wncri.org\/fr\/wp-content\/uploads\/2025\/03\/IWD-History-3-min-768x432.jpg 768w, https:\/\/wncri.org\/fr\/wp-content\/uploads\/2025\/03\/IWD-History-3-min-750x422.jpg 750w, https:\/\/wncri.org\/fr\/wp-content\/uploads\/2025\/03\/IWD-History-3-min-1140x641.jpg 1140w, https:\/\/wncri.org\/fr\/wp-content\/uploads\/2025\/03\/IWD-History-3-min.jpg 1200w\" sizes=\"(max-width: 1024px) 100vw, 1024px\" \/><\/noscript><\/figure>\n<\/div>\n\n\n<h3 class=\"wp-block-heading\"><strong>Un appel \u00e0 l&#8217;action pour tous<\/strong><\/h3>\n\n\n\n<p>Le th\u00e8me de ces derni\u00e8res ann\u00e9es est ax\u00e9 sur l&#8217;inclusion, l&#8217;\u00e9quit\u00e9 et la lutte contre les pr\u00e9jug\u00e9s. La Journ\u00e9e internationale de la femme encourage chacun, quel que soit son sexe, \u00e0 participer \u00e0 la cr\u00e9ation d&#8217;un monde plus juste et plus \u00e9quitable.<\/p>\n\n\n\n<p>Alors que <a href=\"https:\/\/wncri.org\/fr\/2025\/02\/24\/conference-journee-mondiale-de-la-femme\/\" target=\"_blank\" rel=\"noreferrer noopener\">nous c\u00e9l\u00e9brons le 8 mars<\/a>, rendons hommage aux femmes qui ont ouvert la voie, mais engageons-nous aussi \u00e0 construire un avenir o\u00f9 l&#8217;\u00e9galit\u00e9 des sexes n&#8217;est pas seulement un id\u00e9al, mais une r\u00e9alit\u00e9.<\/p>\n","protected":false},"excerpt":{"rendered":"<p>Chaque ann\u00e9e, le 8 mars, le monde entier c\u00e9l\u00e8bre la Journ\u00e9e internationale de la femme. Cette journ\u00e9e rend hommage aux r\u00e9alisations sociales, \u00e9conomiques, culturelles et politiques des femmes, tout en appelant \u00e0 l&#8217;\u00e9galit\u00e9 des sexes. Mais comment cette journ\u00e9e mondiale de reconnaissance a-t-elle vu le jour ? Une lutte pour les droits et la reconnaissance [&hellip;]<\/p>\n","protected":false},"author":4,"featured_media":21943,"comment_status":"closed","ping_status":"closed","sticky":false,"template":"","format":"standard","meta":{"jnews-multi-image_gallery":[],"jnews_single_post":{"format":"standard"},"jnews_primary_category":[],"jnews_social_meta":[],"jnews_override_counter":[],"footnotes":""},"categories":[8],"tags":[373],"class_list":["post-21940","post","type-post","status-publish","format-standard","has-post-thumbnail","hentry","category-articles","tag-le-leadership-des-femmes"],"_links":{"self":[{"href":"https:\/\/wncri.org\/fr\/wp-json\/wp\/v2\/posts\/21940","targetHints":{"allow":["GET"]}}],"collection":[{"href":"https:\/\/wncri.org\/fr\/wp-json\/wp\/v2\/posts"}],"about":[{"href":"https:\/\/wncri.org\/fr\/wp-json\/wp\/v2\/types\/post"}],"author":[{"embeddable":true,"href":"https:\/\/wncri.org\/fr\/wp-json\/wp\/v2\/users\/4"}],"replies":[{"embeddable":true,"href":"https:\/\/wncri.org\/fr\/wp-json\/wp\/v2\/comments?post=21940"}],"version-history":[{"count":1,"href":"https:\/\/wncri.org\/fr\/wp-json\/wp\/v2\/posts\/21940\/revisions"}],"predecessor-version":[{"id":21944,"href":"https:\/\/wncri.org\/fr\/wp-json\/wp\/v2\/posts\/21940\/revisions\/21944"}],"wp:featuredmedia":[{"embeddable":true,"href":"https:\/\/wncri.org\/fr\/wp-json\/wp\/v2\/media\/21943"}],"wp:attachment":[{"href":"https:\/\/wncri.org\/fr\/wp-json\/wp\/v2\/media?parent=21940"}],"wp:term":[{"taxonomy":"category","embeddable":true,"href":"https:\/\/wncri.org\/fr\/wp-json\/wp\/v2\/categories?post=21940"},{"taxonomy":"post_tag","embeddable":true,"href":"https:\/\/wncri.org\/fr\/wp-json\/wp\/v2\/tags?post=21940"}],"curies":[{"name":"wp","href":"https:\/\/api.w.org\/{rel}","templated":true}]}}