{"id":21927,"date":"2025-03-01T20:07:45","date_gmt":"2025-03-01T19:07:45","guid":{"rendered":"https:\/\/wncri.org\/fr\/?p=21927"},"modified":"2025-03-01T20:07:48","modified_gmt":"2025-03-01T19:07:48","slug":"mina-soltani-mere-justiciere","status":"publish","type":"post","link":"https:\/\/wncri.org\/fr\/2025\/03\/01\/mina-soltani-mere-justiciere\/","title":{"rendered":"Mina Soltani, m\u00e8re justici\u00e8re, condamn\u00e9e \u00e0 une peine de prison et \u00e0 une amende"},"content":{"rendered":"\n<h4 class=\"wp-block-heading\">Mina Soltani Zareh, la m\u00e8re de Shahriar Mohammadi, l&#8217;une des victimes des manifestations nationales de 2022 en Iran, a \u00e9t\u00e9 condamn\u00e9e \u00e0 8 mois de prison et \u00e0 une amende par la justice iranienne.<\/h4>\n\n\n\n<p>Le verdict rendu par la section 101 du tribunal p\u00e9nal 2 de <a href=\"https:\/\/fr.wikipedia.org\/wiki\/Boukan\" target=\"_blank\" rel=\"noreferrer noopener\">Boukan<\/a> condamne Mina Soltani pour \u00ab propagande contre l&#8217;\u00c9tat \u201c et \u201d apparition en public sans hijab \u00bb, ce qui lui vaut une peine de 8 mois d&#8217;emprisonnement et une amende de 1 million de tomans. La d\u00e9cision a \u00e9t\u00e9 communiqu\u00e9e verbalement \u00e0 ses avocats.<\/p>\n\n\n\n<h3 class=\"wp-block-heading\"><strong>Arrestation sans mandat de justice<\/strong><\/h3>\n\n\n\n<p>Mina Soltani a \u00e9t\u00e9 <a href=\"https:\/\/wncri.org\/fr\/2024\/09\/23\/mina-soltani\/\" target=\"_blank\" rel=\"noreferrer noopener\">arr\u00eat\u00e9e<\/a> dans la nuit du 11 septembre 2024, lorsque les forces de s\u00e9curit\u00e9 ont fait une descente \u00e0 son domicile sans pr\u00e9senter de mandat l\u00e9gal. Elle a \u00e9t\u00e9 d\u00e9tenue pendant 21 jours et a \u00e9t\u00e9 temporairement lib\u00e9r\u00e9e le 1er octobre 2024 de la prison d&#8217;Ourmieh.<\/p>\n\n\n\n<h3 class=\"wp-block-heading\"><strong>Shahriar Mohammadi : un jeune homme tu\u00e9 par les forces gouvernementales<\/strong><\/h3>\n\n\n\n<p>Shahriar Mohammadi, un jeune homme de 29 ans originaire de Boukan, a \u00e9t\u00e9 abattu par les forces gouvernementales lors des manifestations nationales du 18 novembre 2022.<\/p>\n\n\n\n<p>Comme de nombreuses m\u00e8res \u00e9plor\u00e9es cherchant \u00e0 obtenir justice en Iran, Mina Soltani a pass\u00e9 les 2 derni\u00e8res ann\u00e9es \u00e0 essayer d&#8217;\u00eatre la voix de son fils disparu. Sa condamnation est un nouvel \u00e9pisode de la pression exerc\u00e9e sur les familles des victimes, qui persistent \u00e0 r\u00e9clamer justice.<\/p>\n","protected":false},"excerpt":{"rendered":"<p>Mina Soltani Zareh, la m\u00e8re de Shahriar Mohammadi, l&#8217;une des victimes des manifestations nationales de 2022 en Iran, a \u00e9t\u00e9 condamn\u00e9e \u00e0 8 mois de prison et \u00e0 une amende par la justice iranienne. Le verdict rendu par la section 101 du tribunal p\u00e9nal 2 de Boukan condamne Mina Soltani pour \u00ab propagande contre l&#8217;\u00c9tat [&hellip;]<\/p>\n","protected":false},"author":4,"featured_media":20911,"comment_status":"closed","ping_status":"closed","sticky":false,"template":"","format":"standard","meta":{"jnews-multi-image_gallery":[],"jnews_single_post":{"format":"standard"},"jnews_primary_category":[],"jnews_social_meta":[],"jnews_override_counter":[],"footnotes":""},"categories":[3],"tags":[370],"class_list":["post-21927","post","type-post","status-publish","format-standard","has-post-thumbnail","hentry","category-infos-des-femmes","tag-prisonnieres"],"_links":{"self":[{"href":"https:\/\/wncri.org\/fr\/wp-json\/wp\/v2\/posts\/21927","targetHints":{"allow":["GET"]}}],"collection":[{"href":"https:\/\/wncri.org\/fr\/wp-json\/wp\/v2\/posts"}],"about":[{"href":"https:\/\/wncri.org\/fr\/wp-json\/wp\/v2\/types\/post"}],"author":[{"embeddable":true,"href":"https:\/\/wncri.org\/fr\/wp-json\/wp\/v2\/users\/4"}],"replies":[{"embeddable":true,"href":"https:\/\/wncri.org\/fr\/wp-json\/wp\/v2\/comments?post=21927"}],"version-history":[{"count":1,"href":"https:\/\/wncri.org\/fr\/wp-json\/wp\/v2\/posts\/21927\/revisions"}],"predecessor-version":[{"id":21928,"href":"https:\/\/wncri.org\/fr\/wp-json\/wp\/v2\/posts\/21927\/revisions\/21928"}],"wp:featuredmedia":[{"embeddable":true,"href":"https:\/\/wncri.org\/fr\/wp-json\/wp\/v2\/media\/20911"}],"wp:attachment":[{"href":"https:\/\/wncri.org\/fr\/wp-json\/wp\/v2\/media?parent=21927"}],"wp:term":[{"taxonomy":"category","embeddable":true,"href":"https:\/\/wncri.org\/fr\/wp-json\/wp\/v2\/categories?post=21927"},{"taxonomy":"post_tag","embeddable":true,"href":"https:\/\/wncri.org\/fr\/wp-json\/wp\/v2\/tags?post=21927"}],"curies":[{"name":"wp","href":"https:\/\/api.w.org\/{rel}","templated":true}]}}