{"id":21909,"date":"2025-02-25T18:14:39","date_gmt":"2025-02-25T17:14:39","guid":{"rendered":"https:\/\/wncri.org\/fr\/?p=21909"},"modified":"2025-02-25T18:14:42","modified_gmt":"2025-02-25T17:14:42","slug":"lenseignante-massoumeh-asgari","status":"publish","type":"post","link":"https:\/\/wncri.org\/fr\/2025\/02\/25\/lenseignante-massoumeh-asgari\/","title":{"rendered":"L&#8217;enseignante Massoumeh Asgari condamn\u00e9e \u00e0 3 ans de prison"},"content":{"rendered":"\n<h4 class=\"wp-block-heading\">24 f\u00e9vrier 2025- Massoumeh Asgari, <a href=\"https:\/\/wncri.org\/fr\/2024\/12\/22\/massoumeh-asgari-enseignante-emprisonnee\/\" target=\"_blank\" rel=\"noreferrer noopener\">enseignante et militante politique emprisonn\u00e9<\/a>e, a \u00e9t\u00e9 condamn\u00e9e \u00e0 3 ans de prison par la branche 26 du tribunal r\u00e9volutionnaire de T\u00e9h\u00e9ran. Elle est accus\u00e9e de \u00ab collaboration avec des groupes anti-r\u00e9gime \u00bb et d&#8217;\u00ab appartenance \u00e0 des groupes d&#8217;opposition \u00bb.<\/h4>\n\n\n\n<p>Massoumeh Asgari a \u00e9t\u00e9 arr\u00eat\u00e9e par les forces de s\u00e9curit\u00e9 en ao\u00fbt 2024 et transf\u00e9r\u00e9e dans le quartier des femmes de la prison d&#8217;Evin apr\u00e8s avoir termin\u00e9 son interrogatoire dans le quartier 209.<\/p>\n\n\n\n<p>Massoumeh Asgari, qui \u00e9tait la seule \u00e0 subvenir aux besoins de sa famille, a \u00e9t\u00e9 confront\u00e9e \u00e0 une s\u00e9rie de probl\u00e8mes de sant\u00e9. Elle souffre de maladies chroniques telles que le diab\u00e8te, de probl\u00e8mes r\u00e9naux et h\u00e9patiques et de troubles neurologiques. Ces probl\u00e8mes de sant\u00e9 ont \u00e9t\u00e9 aggrav\u00e9s par des blessures ant\u00e9rieures, notamment de multiples fractures aux jambes, pour lesquelles elle a d\u00fb subir une intervention chirurgicale. Malgr\u00e9 la gravit\u00e9 de son \u00e9tat, elle s&#8217;est vu refuser l&#8217;acc\u00e8s aux traitements m\u00e9dicaux n\u00e9cessaires pendant son incarc\u00e9ration dans la tristement c\u00e9l\u00e8bre prison d&#8217;Evin, \u00e0 T\u00e9h\u00e9ran, l&#8217;un des \u00e9tablissements les plus r\u00e9put\u00e9s pour les d\u00e9tenus politiques.<\/p>\n\n\n\n<h3 class=\"wp-block-heading\"><strong>Arrestations ant\u00e9rieures et traitement s\u00e9v\u00e8re<\/strong><\/h3>\n\n\n\n<p>Ce n&#8217;est pas la premi\u00e8re fois que Massoumeh Asgari est pers\u00e9cut\u00e9e par le r\u00e9gime iranien. En 2018, lors de manifestations d&#8217;enseignants dans tout l&#8217;Iran, elle a \u00e9t\u00e9 arr\u00eat\u00e9e par les forces de s\u00e9curit\u00e9 et bri\u00e8vement d\u00e9tenue \u00e0 la <a href=\"https:\/\/wncri.org\/fr\/2020\/04\/20\/regard-sur-la-situation-tragique-a-la-prison-pour-femmes-de-qarchak-en-iran\/\" target=\"_blank\" rel=\"noreferrer noopener\">prison de Qarchak<\/a> \u00e0 Varamin, situ\u00e9e au sud-est de T\u00e9h\u00e9ran. Apr\u00e8s avoir pass\u00e9 quelques jours en d\u00e9tention, elle a \u00e9t\u00e9 lib\u00e9r\u00e9e. Cependant, en d\u00e9cembre 2018, Asgari a \u00e9t\u00e9 de nouveau arr\u00eat\u00e9e et a pass\u00e9 cette fois un mois \u00e0 l&#8217;isolement dans le quartier 209 de la prison d&#8217;Evin, connu pour h\u00e9berger des prisonniers politiques et des activistes.<\/p>\n\n\n\n<p>Le 18 f\u00e9vrier 2020, Massoumeh Asgari <a href=\"https:\/\/wncri.org\/fr\/2020\/11\/27\/massoumeh-asgari-enseignante-a-la-retraite-rappelee-a-la-prison-devine\/\" target=\"_blank\" rel=\"noreferrer noopener\">a \u00e9t\u00e9 condamn\u00e9e \u00e0 5 ans de prison<\/a> par la branche 26 du tribunal r\u00e9volutionnaire de T\u00e9h\u00e9ran. Elle a \u00e9t\u00e9 reconnue coupable de \u00ab rassemblement et collusion contre la s\u00e9curit\u00e9 nationale \u00bb, suite \u00e0 sa participation \u00e0 des manifestations pacifiques et \u00e0 son militantisme au sein de groupes de d\u00e9fense des droits des enseignants. Le r\u00e9gime iranien utilise souvent ces accusations pour r\u00e9duire au silence les critiques et les militants qui contestent les politiques du gouvernement.<\/p>\n\n\n\n<h3 class=\"wp-block-heading\"><strong>Refus de soins m\u00e9dicaux et transfert \u00e0 la prison de Karadj<\/strong><\/h3>\n\n\n\n<p>Le refus de soins m\u00e9dicaux \u00e0 Massoumeh Asgari a \u00e9t\u00e9 un probl\u00e8me important dans son emprisonnement. Malgr\u00e9 son \u00e9tat de sant\u00e9 grave, elle a \u00e9t\u00e9 victime de n\u00e9gligence et de mauvais traitements.<\/p>\n\n\n\n<p>Le 18 d\u00e9cembre 2024, il a \u00e9t\u00e9 rapport\u00e9 que Massoumeh Asgari, qui languit dans la prison d&#8217;Evin, continue de se voir <a href=\"https:\/\/wncri.org\/fr\/2024\/12\/10\/internationale-des-droits-de-lhomme\/\" target=\"_blank\" rel=\"noreferrer noopener\">refuser l&#8217;acc\u00e8s \u00e0 un traitement m\u00e9dical essentiel<\/a> . C&#8217;est un exemple frappant de la fa\u00e7on dont le r\u00e9gime iranien utilise son syst\u00e8me carc\u00e9ral non seulement pour punir les opposants politiques, mais aussi pour les blesser davantage physiquement et psychologiquement.<\/p>\n\n\n\n<p>Le 21 d\u00e9cembre 2021, Massoumeh Asgari a \u00e9t\u00e9 convoqu\u00e9e par les autorit\u00e9s p\u00e9nitentiaires pour se rendre au bureau du procureur de la prison d&#8217;Evin, ce qui est particuli\u00e8rement troublant. Cependant, au lieu du rendez-vous, elle a \u00e9t\u00e9 <a href=\"https:\/\/wncri.org\/fr\/2021\/12\/27\/lenseignante-retraitee-massoumeh-asgari-brusquement-transferee-dans-une-prison-de-karadj\/\" target=\"_blank\" rel=\"noreferrer noopener\">transf\u00e9r\u00e9e de mani\u00e8re inattendue<\/a> dans une prison \u00e0 <a href=\"https:\/\/fr.wikipedia.org\/wiki\/Karadj\" target=\"_blank\" rel=\"noreferrer noopener\">Karadj<\/a>, une ville situ\u00e9e \u00e0 l&#8217;ouest de T\u00e9h\u00e9ran, connue pour ses <a href=\"https:\/\/wncri.org\/fr\/2022\/08\/18\/prison-de-kachouii\/\" target=\"_blank\" rel=\"noreferrer noopener\">conditions de d\u00e9tention difficiles<\/a> et souvent utilis\u00e9e pour isoler les prisonniers politiques de leurs familles et des m\u00e9dias. Ce transfert s&#8217;inscrit dans une strat\u00e9gie plus large du r\u00e9gime iranien visant \u00e0 isoler davantage les prisonniers politiques et \u00e0 rendre plus difficile la surveillance de leur traitement par les organisations de d\u00e9fense des droits de l&#8217;Homme.<\/p>\n\n\n\n<p>Le cas de Massoumeh Asgari est un exemple frappant de la r\u00e9pression permanente exerc\u00e9e par le r\u00e9gime iranien \u00e0 l&#8217;encontre des militants, des enseignants et des dissidents politiques. Son maintien en d\u00e9tention, le refus de lui administrer un traitement m\u00e9dical et les proc\u00e9dures judiciaires incertaines dont elle fait l&#8217;objet soulignent le caract\u00e8re plus g\u00e9n\u00e9ral des violations des droits de l&#8217;homme commises par le r\u00e9gime cl\u00e9rical. L&#8217;attention et la pression de la communaut\u00e9 internationale sont essentielles pour que ces prisonniers ne soient pas oubli\u00e9s et que leurs droits soient prot\u00e9g\u00e9s.<\/p>\n\n\n\n<p><\/p>\n","protected":false},"excerpt":{"rendered":"<p>24 f\u00e9vrier 2025- Massoumeh Asgari, enseignante et militante politique emprisonn\u00e9e, a \u00e9t\u00e9 condamn\u00e9e \u00e0 3 ans de prison par la branche 26 du tribunal r\u00e9volutionnaire de T\u00e9h\u00e9ran. Elle est accus\u00e9e de \u00ab collaboration avec des groupes anti-r\u00e9gime \u00bb et d&#8217;\u00ab appartenance \u00e0 des groupes d&#8217;opposition \u00bb. Massoumeh Asgari a \u00e9t\u00e9 arr\u00eat\u00e9e par les forces de [&hellip;]<\/p>\n","protected":false},"author":4,"featured_media":21910,"comment_status":"closed","ping_status":"closed","sticky":false,"template":"","format":"standard","meta":{"jnews-multi-image_gallery":[],"jnews_single_post":{"format":"standard"},"jnews_primary_category":[],"jnews_social_meta":[],"jnews_override_counter":[],"footnotes":""},"categories":[3],"tags":[379,370],"class_list":["post-21909","post","type-post","status-publish","format-standard","has-post-thumbnail","hentry","category-infos-des-femmes","tag-enseignantes","tag-prisonnieres"],"_links":{"self":[{"href":"https:\/\/wncri.org\/fr\/wp-json\/wp\/v2\/posts\/21909","targetHints":{"allow":["GET"]}}],"collection":[{"href":"https:\/\/wncri.org\/fr\/wp-json\/wp\/v2\/posts"}],"about":[{"href":"https:\/\/wncri.org\/fr\/wp-json\/wp\/v2\/types\/post"}],"author":[{"embeddable":true,"href":"https:\/\/wncri.org\/fr\/wp-json\/wp\/v2\/users\/4"}],"replies":[{"embeddable":true,"href":"https:\/\/wncri.org\/fr\/wp-json\/wp\/v2\/comments?post=21909"}],"version-history":[{"count":1,"href":"https:\/\/wncri.org\/fr\/wp-json\/wp\/v2\/posts\/21909\/revisions"}],"predecessor-version":[{"id":21911,"href":"https:\/\/wncri.org\/fr\/wp-json\/wp\/v2\/posts\/21909\/revisions\/21911"}],"wp:featuredmedia":[{"embeddable":true,"href":"https:\/\/wncri.org\/fr\/wp-json\/wp\/v2\/media\/21910"}],"wp:attachment":[{"href":"https:\/\/wncri.org\/fr\/wp-json\/wp\/v2\/media?parent=21909"}],"wp:term":[{"taxonomy":"category","embeddable":true,"href":"https:\/\/wncri.org\/fr\/wp-json\/wp\/v2\/categories?post=21909"},{"taxonomy":"post_tag","embeddable":true,"href":"https:\/\/wncri.org\/fr\/wp-json\/wp\/v2\/tags?post=21909"}],"curies":[{"name":"wp","href":"https:\/\/api.w.org\/{rel}","templated":true}]}}