{"id":21894,"date":"2025-02-24T19:19:46","date_gmt":"2025-02-24T18:19:46","guid":{"rendered":"https:\/\/wncri.org\/fr\/?p=21894"},"modified":"2025-02-25T22:24:16","modified_gmt":"2025-02-25T21:24:16","slug":"conference-journee-mondiale-de-la-femme","status":"publish","type":"post","link":"https:\/\/wncri.org\/fr\/2025\/02\/24\/conference-journee-mondiale-de-la-femme\/","title":{"rendered":"Conf\u00e9rence \u00e0 Paris \u00e0 l&#8217;occasion de la Journ\u00e9e mondiale de la femme : Les femmes, le pouvoir du changement"},"content":{"rendered":"\n<h4 class=\"wp-block-heading\"><strong>Paris, le 22 f\u00e9vrier 2025<\/strong> &#8211; La conf\u00e9rence de la Journ\u00e9e mondiale de la femme, organis\u00e9e par la Commission des femmes du Conseil national de la r\u00e9sistance iranienne (CNRI), a rassembl\u00e9 d&#8217;\u00e9minentes dirigeantes politiques, des militantes des droits de l&#8217;homme et des avocates de plus de 80 pays. L&#8217;\u00e9v\u00e9nement a servi de plateforme pour souligner le r\u00f4le crucial des femmes dans la lutte contre l&#8217;oppression et la promotion de la d\u00e9mocratie, avec un accent particulier sur le mouvement de r\u00e9sistance iranien.<\/h4>\n\n\n\n<p><a href=\"https:\/\/wncri.org\/fr\/2025\/02\/23\/maryam-radjavi-iwd2025\/\" target=\"_blank\" rel=\"noreferrer noopener\">L&#8217;oratrice principale<\/a> \u00e9tait Mme Maryam Radjavi, qui a d\u00e9clar\u00e9 que la chute du r\u00e9gime iranien \u00e9tait imminente, soulignant que les femmes \u00e9taient au premier plan de cette lutte. Elle a r\u00e9it\u00e9r\u00e9 <a href=\"https:\/\/www.maryam-rajavi.com\/fr\/discours-sur-la-conference-internationale-pour-la-journee-internationale-de-la-femme-2025\/\" target=\"_blank\" rel=\"noreferrer noopener\">sa vision d&#8217;un Iran d\u00e9mocratique<\/a> fond\u00e9 sur l&#8217;\u00e9galit\u00e9 des sexes et la libert\u00e9 : \u00ab Non au hijab obligatoire, non \u00e0 la religion obligatoire et non \u00e0 la gouvernance obligatoire.<\/p>\n\n\n\n<p>Des d\u00e9l\u00e9gations de femmes et de jeunes iraniens ont \u00e9galement particip\u00e9 \u00e0 l&#8217;\u00e9v\u00e9nement, renouvelant leur engagement \u00e0 poursuivre leur lutte pour un changement de r\u00e9gime en Iran.<\/p>\n\n\n<div class=\"wp-block-image\">\n<figure class=\"aligncenter size-large\"><img decoding=\"async\" src=\"data:image\/gif;base64,R0lGODlhAQABAIAAAAAAAP\/\/\/yH5BAEAAAAALAAAAAABAAEAAAIBRAA7\" data-src=\"https:\/\/wncri.org\/fr\/wp-content\/uploads\/2025\/02\/IWD2025-Conference-in-Paris-8-min-1024x576.jpg\" alt=\"Conf\u00e9rence \u00e0 Paris \u00e0 l'occasion de la Journ\u00e9e mondiale de la femme : Les femmes, le pouvoir du changement\" class=\"wp-image-21902 lazyload\"\/><noscript><img decoding=\"async\" width=\"1024\" height=\"576\" src=\"https:\/\/wncri.org\/fr\/wp-content\/uploads\/2025\/02\/IWD2025-Conference-in-Paris-8-min-1024x576.jpg\" alt=\"Conf\u00e9rence \u00e0 Paris \u00e0 l'occasion de la Journ\u00e9e mondiale de la femme : Les femmes, le pouvoir du changement\" class=\"wp-image-21902 lazyload\" srcset=\"https:\/\/wncri.org\/fr\/wp-content\/uploads\/2025\/02\/IWD2025-Conference-in-Paris-8-min-1024x576.jpg 1024w, https:\/\/wncri.org\/fr\/wp-content\/uploads\/2025\/02\/IWD2025-Conference-in-Paris-8-min-300x169.jpg 300w, https:\/\/wncri.org\/fr\/wp-content\/uploads\/2025\/02\/IWD2025-Conference-in-Paris-8-min-768x432.jpg 768w, https:\/\/wncri.org\/fr\/wp-content\/uploads\/2025\/02\/IWD2025-Conference-in-Paris-8-min-750x422.jpg 750w, https:\/\/wncri.org\/fr\/wp-content\/uploads\/2025\/02\/IWD2025-Conference-in-Paris-8-min-1140x641.jpg 1140w, https:\/\/wncri.org\/fr\/wp-content\/uploads\/2025\/02\/IWD2025-Conference-in-Paris-8-min.jpg 1200w\" sizes=\"(max-width: 1024px) 100vw, 1024px\" \/><\/noscript><figcaption class=\"wp-element-caption\">Maryam Radjavi salue tous les invit\u00e9s \u00e0 la conf\u00e9rence de la Journ\u00e9e internationale de la femme \u00e0 Paris.<\/figcaption><\/figure>\n<\/div>\n\n\n<h3 class=\"wp-block-heading\"><strong>Th\u00e8mes cl\u00e9s et discussions<\/strong><\/h3>\n\n\n\n<p>L&#8217;\u00e9v\u00e9nement a d\u00e9but\u00e9 par les remarques de <a href=\"https:\/\/x.com\/CNRIfemmes\/status\/1893306891582746642\" target=\"_blank\" rel=\"noreferrer noopener\">Mme Sarvnaz Chitsaz<\/a>, pr\u00e9sidente de <a href=\"https:\/\/wncri.org\/fr\/la-commission-des-femmes-du-cnri\/\" target=\"_blank\" rel=\"noreferrer noopener\">la commission des femmes du CNRI<\/a>. La conf\u00e9rence a soulign\u00e9 la r\u00e9silience des femmes iraniennes dans leur lutte contre la dictature th\u00e9ocratique. D&#8217;\u00e9minentes oratrices ont exprim\u00e9 leur soutien ind\u00e9fectible au peuple iranien et ont condamn\u00e9 l&#8217;oppression syst\u00e9matique des femmes sous le r\u00e9gime iranien. Les discussions ont tourn\u00e9 autour de trois th\u00e8mes principaux :<\/p>\n\n\n<div class=\"wp-block-image\">\n<figure class=\"aligncenter size-large\"><img decoding=\"async\" src=\"data:image\/gif;base64,R0lGODlhAQABAIAAAAAAAP\/\/\/yH5BAEAAAAALAAAAAABAAEAAAIBRAA7\" data-src=\"https:\/\/wncri.org\/fr\/wp-content\/uploads\/2025\/02\/IWD2025-Conference-in-Paris-10-min-1024x576.jpg\" alt=\"Conf\u00e9rence \u00e0 Paris \u00e0 l'occasion de la Journ\u00e9e mondiale de la femme : Les femmes, le pouvoir du changement\" class=\"wp-image-21904 lazyload\"\/><noscript><img decoding=\"async\" width=\"1024\" height=\"576\" src=\"https:\/\/wncri.org\/fr\/wp-content\/uploads\/2025\/02\/IWD2025-Conference-in-Paris-10-min-1024x576.jpg\" alt=\"Conf\u00e9rence \u00e0 Paris \u00e0 l'occasion de la Journ\u00e9e mondiale de la femme : Les femmes, le pouvoir du changement\" class=\"wp-image-21904 lazyload\" srcset=\"https:\/\/wncri.org\/fr\/wp-content\/uploads\/2025\/02\/IWD2025-Conference-in-Paris-10-min-1024x576.jpg 1024w, https:\/\/wncri.org\/fr\/wp-content\/uploads\/2025\/02\/IWD2025-Conference-in-Paris-10-min-300x169.jpg 300w, https:\/\/wncri.org\/fr\/wp-content\/uploads\/2025\/02\/IWD2025-Conference-in-Paris-10-min-768x432.jpg 768w, https:\/\/wncri.org\/fr\/wp-content\/uploads\/2025\/02\/IWD2025-Conference-in-Paris-10-min-750x422.jpg 750w, https:\/\/wncri.org\/fr\/wp-content\/uploads\/2025\/02\/IWD2025-Conference-in-Paris-10-min-1140x641.jpg 1140w, https:\/\/wncri.org\/fr\/wp-content\/uploads\/2025\/02\/IWD2025-Conference-in-Paris-10-min.jpg 1200w\" sizes=\"(max-width: 1024px) 100vw, 1024px\" \/><\/noscript><figcaption class=\"wp-element-caption\">Sarvnaz Chitsaz, pr\u00e9sidente de la Commission des femmes du CNRI<\/figcaption><\/figure>\n<\/div>\n\n\n<p>1.Les femmes, catalyseurs du changement : Plusieurs intervenantes ont soulign\u00e9 le leadership des femmes iraniennes dans les manifestations nationales et leur r\u00f4le dans la construction de l&#8217;avenir d&#8217;un Iran libre.<\/p>\n\n\n\n<p>2.Les violations des droits de l&#8217;Homme en Iran : La conf\u00e9rence a condamn\u00e9 les lois discriminatoires du r\u00e9gime, l&#8217;obligation de porter le hijab et la r\u00e9pression brutale de la dissidence.<\/p>\n\n\n\n<p>3.Solidarit\u00e9 et action au niveau mondial : Les participantes ont appel\u00e9 les organisations internationales et les gouvernements \u00e0 faire pression sur le r\u00e9gime iranien et \u00e0 se montrer solidaires des femmes iraniennes.<\/p>\n\n\n<div class=\"wp-block-image\">\n<figure class=\"aligncenter size-large\"><img decoding=\"async\" src=\"data:image\/gif;base64,R0lGODlhAQABAIAAAAAAAP\/\/\/yH5BAEAAAAALAAAAAABAAEAAAIBRAA7\" data-src=\"https:\/\/wncri.org\/fr\/wp-content\/uploads\/2025\/02\/IWD2025-Conference-in-Paris-5-min-1024x576.jpg\" alt=\"Conf\u00e9rence \u00e0 Paris \u00e0 l'occasion de la Journ\u00e9e mondiale de la femme : Les femmes, le pouvoir du changement\" class=\"wp-image-21899 lazyload\"\/><noscript><img decoding=\"async\" width=\"1024\" height=\"576\" src=\"https:\/\/wncri.org\/fr\/wp-content\/uploads\/2025\/02\/IWD2025-Conference-in-Paris-5-min-1024x576.jpg\" alt=\"Conf\u00e9rence \u00e0 Paris \u00e0 l'occasion de la Journ\u00e9e mondiale de la femme : Les femmes, le pouvoir du changement\" class=\"wp-image-21899 lazyload\" srcset=\"https:\/\/wncri.org\/fr\/wp-content\/uploads\/2025\/02\/IWD2025-Conference-in-Paris-5-min-1024x576.jpg 1024w, https:\/\/wncri.org\/fr\/wp-content\/uploads\/2025\/02\/IWD2025-Conference-in-Paris-5-min-300x169.jpg 300w, https:\/\/wncri.org\/fr\/wp-content\/uploads\/2025\/02\/IWD2025-Conference-in-Paris-5-min-768x432.jpg 768w, https:\/\/wncri.org\/fr\/wp-content\/uploads\/2025\/02\/IWD2025-Conference-in-Paris-5-min-750x422.jpg 750w, https:\/\/wncri.org\/fr\/wp-content\/uploads\/2025\/02\/IWD2025-Conference-in-Paris-5-min-1140x641.jpg 1140w, https:\/\/wncri.org\/fr\/wp-content\/uploads\/2025\/02\/IWD2025-Conference-in-Paris-5-min.jpg 1200w\" sizes=\"(max-width: 1024px) 100vw, 1024px\" \/><\/noscript><figcaption class=\"wp-element-caption\">De gauche \u00e0 droite, Rosal\u00eda Arteaga Serrano, ancienne pr\u00e9sidente de l&#8217;Equateur, Maryam Radjavi, Mich\u00e8le Alliot-Marie, ancienne ministre fran\u00e7aise des Affaires \u00e9trang\u00e8res, Anneli J\u00e4\u00e4tteenm\u00e4ki, ancienne premi\u00e8re ministre de Finlande, et Helena Carreiras, ancienne ministre de la D\u00e9fense nationale du Portugal.<\/figcaption><\/figure>\n<\/div>\n\n\n<p><strong>Mich\u00e8le Alliot-Marie<\/strong>, ancienne ministre fran\u00e7aise des affaires \u00e9trang\u00e8res<\/p>\n\n\n\n<p>\u00ab Cette Journ\u00e9e internationale de la femme n&#8217;est pas une simple c\u00e9l\u00e9bration, c&#8217;est un appel \u00e0 l&#8217;action pour la d\u00e9mocratie, l&#8217;\u00e9galit\u00e9 et la libert\u00e9 \u00bb. Elle a salu\u00e9 le leadership de Maryam Radjavi et a soulign\u00e9 que la lutte pour les droits des femmes iraniennes fait partie int\u00e9grante des efforts mondiaux en mati\u00e8re de droits de l&#8217;homme.<\/p>\n\n\n\n<p><strong>Rosal\u00eda Arteaga Serrano<\/strong>, ancienne pr\u00e9sidente de l&#8217;\u00c9quateur<\/p>\n\n\n\n<p>\u00ab Les femmes iraniennes sont une force inarr\u00eatable. Leur courage inspire le monde entier et leur lutte pour la justice est une lueur d&#8217;espoir pour tous les peuples opprim\u00e9s \u00bb. Elle a exprim\u00e9 son soutien total au plan en 10 points de Maryam Radjavi pour l&#8217;Iran.<\/p>\n\n\n\n<p><strong>Anneli J\u00e4\u00e4tteenm\u00e4ki<\/strong>, ancienne premi\u00e8re ministre de Finlande<\/p>\n\n\n\n<p>\u00ab Le combat des femmes iraniennes ne concerne pas seulement le hijab, mais aussi la libert\u00e9 sociale, politique et \u00e9conomique. Elles ont choisi la voie de la r\u00e9sistance et elles vaincront \u00bb. Elle a condamn\u00e9 la discrimination syst\u00e9mique du r\u00e9gime iranien \u00e0 l&#8217;\u00e9gard des femmes et a salu\u00e9 l&#8217;engagement du CNRI en faveur de l&#8217;\u00e9galit\u00e9 des sexes.<\/p>\n\n\n<div class=\"wp-block-image\">\n<figure class=\"aligncenter size-large\"><img decoding=\"async\" src=\"data:image\/gif;base64,R0lGODlhAQABAIAAAAAAAP\/\/\/yH5BAEAAAAALAAAAAABAAEAAAIBRAA7\" data-src=\"https:\/\/wncri.org\/fr\/wp-content\/uploads\/2025\/02\/IWD2025-Conference-in-Paris-9-min-1024x576.jpg\" alt=\"Conf\u00e9rence \u00e0 Paris \u00e0 l'occasion de la Journ\u00e9e mondiale de la femme : Les femmes, le pouvoir du changement\" class=\"wp-image-21903 lazyload\"\/><noscript><img decoding=\"async\" width=\"1024\" height=\"576\" src=\"https:\/\/wncri.org\/fr\/wp-content\/uploads\/2025\/02\/IWD2025-Conference-in-Paris-9-min-1024x576.jpg\" alt=\"Conf\u00e9rence \u00e0 Paris \u00e0 l'occasion de la Journ\u00e9e mondiale de la femme : Les femmes, le pouvoir du changement\" class=\"wp-image-21903 lazyload\" srcset=\"https:\/\/wncri.org\/fr\/wp-content\/uploads\/2025\/02\/IWD2025-Conference-in-Paris-9-min-1024x576.jpg 1024w, https:\/\/wncri.org\/fr\/wp-content\/uploads\/2025\/02\/IWD2025-Conference-in-Paris-9-min-300x169.jpg 300w, https:\/\/wncri.org\/fr\/wp-content\/uploads\/2025\/02\/IWD2025-Conference-in-Paris-9-min-768x432.jpg 768w, https:\/\/wncri.org\/fr\/wp-content\/uploads\/2025\/02\/IWD2025-Conference-in-Paris-9-min-750x422.jpg 750w, https:\/\/wncri.org\/fr\/wp-content\/uploads\/2025\/02\/IWD2025-Conference-in-Paris-9-min-1140x641.jpg 1140w, https:\/\/wncri.org\/fr\/wp-content\/uploads\/2025\/02\/IWD2025-Conference-in-Paris-9-min.jpg 1200w\" sizes=\"(max-width: 1024px) 100vw, 1024px\" \/><\/noscript><figcaption class=\"wp-element-caption\">De gauche \u00e0 droite, Dominique Attias et Ingrid Betancourt regardent une oratrice.<\/figcaption><\/figure>\n<\/div>\n\n\n<p><strong>\u00cdngrid Betancourt<\/strong>, ancienne s\u00e9natrice colombienne et candidate \u00e0 l&#8217;\u00e9lection pr\u00e9sidentielle<\/p>\n\n\n\n<p>Ingrid Betancourt a rejet\u00e9 les all\u00e9gations d&#8217;une opposition divis\u00e9e, affirmant que les monarchistes et les dirigeants th\u00e9ocratiques sont \u00e9galement rejet\u00e9s par le peuple iranien. \u00ab La r\u00e9sistance iranienne est unique car c&#8217;est la seule organisation o\u00f9 les femmes sont au c\u0153ur de la direction \u00bb, a-t-elle soulign\u00e9.<\/p>\n\n\n\n<p><strong>Linda Chavez<\/strong>, ancienne directrice des relations publiques de la Maison Blanche<\/p>\n\n\n\n<p>Elle a compar\u00e9 le plan en 10 points de Mme Radjavi \u00e0 une \u00ab Charte des droits \u00bb pour le peuple iranien et a insist\u00e9 sur le fait que le changement en Iran sera conduit par son peuple et non par une intervention \u00e9trang\u00e8re.<\/p>\n\n\n\n<p><strong>Dominique Attias<\/strong>, Pr\u00e9sidente de la Fondation des juristes europ\u00e9ens<\/p>\n\n\n\n<p>Mme Attias a rendu hommage \u00e0 la prisonni\u00e8re politique Maryam Akbari Monfared, qui a endur\u00e9 15 ans d&#8217;emprisonnement injuste. Elle a appel\u00e9 la communaut\u00e9 juridique internationale \u00e0 tenir le r\u00e9gime iranien pour responsable de ses violations des droits de l&#8217;Homme.<\/p>\n\n\n<div class=\"wp-block-image\">\n<figure class=\"aligncenter size-large\"><img decoding=\"async\" src=\"data:image\/gif;base64,R0lGODlhAQABAIAAAAAAAP\/\/\/yH5BAEAAAAALAAAAAABAAEAAAIBRAA7\" data-src=\"https:\/\/wncri.org\/fr\/wp-content\/uploads\/2025\/02\/IWD2025-Conference-in-Paris-2-min-1024x576.jpg\" alt=\"Conf\u00e9rence \u00e0 Paris \u00e0 l'occasion de la Journ\u00e9e mondiale de la femme : Les femmes, le pouvoir du changement\" class=\"wp-image-21896 lazyload\"\/><noscript><img decoding=\"async\" width=\"1024\" height=\"576\" src=\"https:\/\/wncri.org\/fr\/wp-content\/uploads\/2025\/02\/IWD2025-Conference-in-Paris-2-min-1024x576.jpg\" alt=\"Conf\u00e9rence \u00e0 Paris \u00e0 l'occasion de la Journ\u00e9e mondiale de la femme : Les femmes, le pouvoir du changement\" class=\"wp-image-21896 lazyload\" srcset=\"https:\/\/wncri.org\/fr\/wp-content\/uploads\/2025\/02\/IWD2025-Conference-in-Paris-2-min-1024x576.jpg 1024w, https:\/\/wncri.org\/fr\/wp-content\/uploads\/2025\/02\/IWD2025-Conference-in-Paris-2-min-300x169.jpg 300w, https:\/\/wncri.org\/fr\/wp-content\/uploads\/2025\/02\/IWD2025-Conference-in-Paris-2-min-768x432.jpg 768w, https:\/\/wncri.org\/fr\/wp-content\/uploads\/2025\/02\/IWD2025-Conference-in-Paris-2-min-750x422.jpg 750w, https:\/\/wncri.org\/fr\/wp-content\/uploads\/2025\/02\/IWD2025-Conference-in-Paris-2-min-1140x641.jpg 1140w, https:\/\/wncri.org\/fr\/wp-content\/uploads\/2025\/02\/IWD2025-Conference-in-Paris-2-min.jpg 1200w\" sizes=\"(max-width: 1024px) 100vw, 1024px\" \/><\/noscript><figcaption class=\"wp-element-caption\">Candice Bergen, ancienne pr\u00e9sidente du Parti conservateur canadien, remet \u00e0 Maryam Radjavi la d\u00e9claration de 650 dignitaires internationaux.<\/figcaption><\/figure>\n<\/div>\n\n\n<h3 class=\"wp-block-heading\"><strong>Soutien et solidarit\u00e9 \u00e0 l&#8217;\u00e9chelle mondiale<\/strong><\/h3>\n\n\n\n<p>La pr\u00e9sentation d&#8217;une d\u00e9claration sign\u00e9e par plus de 650 anciennes personnalit\u00e9s politiques, parlementaires, militantes des droits de l&#8217;Homme et laur\u00e9ates du prix Nobel, originaires de plus de 80 pays, a constitu\u00e9 l&#8217;un des temps forts de l&#8217;\u00e9v\u00e9nement. Cette d\u00e9claration, pr\u00e9sent\u00e9e par Candice Bergen, ancienne pr\u00e9sidente du parti conservateur canadien, r\u00e9affirme le soutien aux femmes iraniennes et appelle \u00e0<\/p>\n\n\n\n<p>&#8211; l&#8217;abolition des lois oppressives sur le hijab en Iran<\/p>\n\n\n\n<p>&#8211; une pression internationale accrue sur le r\u00e9gime iranien<\/p>\n\n\n\n<p>&#8211; la reconnaissance du CNRI et de sa vision d&#8217;un Iran libre et d\u00e9mocratique.<\/p>\n\n\n\n<p>La conf\u00e9rence a envoy\u00e9 un message fort : la communaut\u00e9 internationale est solidaire des femmes iraniennes. Les oratrices ont soulign\u00e9 que les femmes ne sont pas seulement des participantes \u00e0 la lutte pour la libert\u00e9, mais qu&#8217;elles m\u00e8nent la charge. Le soutien massif \u00e0 la vision de Maryam Radjavi a renforc\u00e9 une position unifi\u00e9e contre la dictature et un engagement \u00e0 garantir les droits fondamentaux de tous les Iraniens.<\/p>\n\n\n<div class=\"wp-block-image\">\n<figure class=\"aligncenter size-large\"><img decoding=\"async\" src=\"data:image\/gif;base64,R0lGODlhAQABAIAAAAAAAP\/\/\/yH5BAEAAAAALAAAAAABAAEAAAIBRAA7\" data-src=\"https:\/\/wncri.org\/fr\/wp-content\/uploads\/2025\/02\/IWD2025-Conference-in-Paris-4-min-1024x576.jpg\" alt=\"Conf\u00e9rence \u00e0 Paris \u00e0 l'occasion de la Journ\u00e9e mondiale de la femme : Les femmes, le pouvoir du changement\" class=\"wp-image-21898 lazyload\"\/><noscript><img decoding=\"async\" width=\"1024\" height=\"576\" src=\"https:\/\/wncri.org\/fr\/wp-content\/uploads\/2025\/02\/IWD2025-Conference-in-Paris-4-min-1024x576.jpg\" alt=\"Conf\u00e9rence \u00e0 Paris \u00e0 l'occasion de la Journ\u00e9e mondiale de la femme : Les femmes, le pouvoir du changement\" class=\"wp-image-21898 lazyload\" srcset=\"https:\/\/wncri.org\/fr\/wp-content\/uploads\/2025\/02\/IWD2025-Conference-in-Paris-4-min-1024x576.jpg 1024w, https:\/\/wncri.org\/fr\/wp-content\/uploads\/2025\/02\/IWD2025-Conference-in-Paris-4-min-300x169.jpg 300w, https:\/\/wncri.org\/fr\/wp-content\/uploads\/2025\/02\/IWD2025-Conference-in-Paris-4-min-768x432.jpg 768w, https:\/\/wncri.org\/fr\/wp-content\/uploads\/2025\/02\/IWD2025-Conference-in-Paris-4-min-750x422.jpg 750w, https:\/\/wncri.org\/fr\/wp-content\/uploads\/2025\/02\/IWD2025-Conference-in-Paris-4-min-1140x641.jpg 1140w, https:\/\/wncri.org\/fr\/wp-content\/uploads\/2025\/02\/IWD2025-Conference-in-Paris-4-min.jpg 1200w\" sizes=\"(max-width: 1024px) 100vw, 1024px\" \/><\/noscript><figcaption class=\"wp-element-caption\">De gauche \u00e0 droite, Izabela Konopacka, pr\u00e9sidente de la F\u00e9d\u00e9ration europ\u00e9enne des avocats (2023-2026), Candice Bergen, Sharron Davies MBE, m\u00e9daill\u00e9e olympique du Royaume-Uni, Linda Chavez, ancienne directrice des relations publiques de la Maison Blanche, Dominique Attias, pr\u00e9sidente de la Fondation des avocats europ\u00e9ens, et Ingrid Betancourt, ancienne s\u00e9natrice colombienne et candidate \u00e0 l&#8217;\u00e9lection pr\u00e9sidentielle. L&#8217;\u00e9cran large projette une image des femmes pionni\u00e8res d&#8217;Achraf 3.<\/figcaption><\/figure>\n<\/div>\n\n\n<h3 class=\"wp-block-heading\"><strong>Liste des intervenantes<\/strong><\/h3>\n\n\n\n<p>&#8211; Mich\u00e8le Alliot-Marie &#8211; Ancienne ministre des Affaires \u00e9trang\u00e8res, France<\/p>\n\n\n\n<p>&#8211; Rosal\u00eda Arteaga Serrano &#8211; Ancienne pr\u00e9sidente de l&#8217;\u00c9quateur<\/p>\n\n\n\n<p>&#8211; Anneli J\u00e4\u00e4tteenm\u00e4ki &#8211; Ancienne Premi\u00e8re ministre de Finlande<\/p>\n\n\n\n<p>&#8211; Ingrid Betancourt &#8211; Ancienne s\u00e9natrice colombienne et candidate \u00e0 l&#8217;\u00e9lection pr\u00e9sidentielle<\/p>\n\n\n\n<p>&#8211; Linda Chavez &#8211; Ancienne directrice des relations publiques de la Maison Blanche<\/p>\n\n\n\n<p>&#8211; Dominique Attias &#8211; Pr\u00e9sidente de la Fondation des avocats europ\u00e9ens<\/p>\n\n\n\n<p>&#8211; Candice Bergen &#8211; Ancienne pr\u00e9sidente du parti conservateur canadien<\/p>\n\n\n\n<p>&#8211; Cherie Blair KC &#8211; Fondatrice de la Fondation Cherie Blair pour les femmes<\/p>\n\n\n\n<p>&#8211; Baroness O&#8217;Loan &#8211; Membre de la Chambre des Lords du Royaume-Uni<\/p>\n\n\n\n<p>&#8211; Theresa Villiers &#8211; Ancienne ministre, Royaume-Uni<\/p>\n\n\n\n<p>&#8211; Helen Goodman &#8211; Ancienne ministre de l&#8217;ombre au Royaume-Uni<\/p>\n\n\n\n<p>&#8211; Katja Adler &#8211; Membre du Bundestag allemand<\/p>\n\n\n\n<p>&#8211; Sandra Weeser &#8211; Membre du Bundestag allemand<\/p>\n\n\n\n<p>&#8211; Naike Gruppioni &#8211; D\u00e9put\u00e9e italienne<\/p>\n\n\n\n<p>&#8211; Dolores Bevilacqua &#8211; S\u00e9natrice italienne<\/p>\n\n\n\n<p>&#8211; Elisa Pirro &#8211; S\u00e9natrice italienne<\/p>\n\n\n\n<p>&#8211; Kathleen Depoorter &#8211; D\u00e9put\u00e9e belge<\/p>\n\n\n\n<p>&#8211; Yakin Ert\u00fcrk &#8211; Ancienne rapporteuse sp\u00e9ciale des Nations unies sur la violence \u00e0 l&#8217;\u00e9gard des femmes<\/p>\n\n\n\n<p>&#8211; Helena Carreiras &#8211; Ancienne ministre de la d\u00e9fense nationale, Portugal<\/p>\n\n\n\n<p>&#8211; Edita Tahiri &#8211; Ancienne vice-premi\u00e8re ministre, Kosovo<\/p>\n\n\n\n<p>&#8211; Izabela Konopacka- Pr\u00e9sidente de la F\u00e9d\u00e9ration europ\u00e9enne des avocats (2023-2026)<\/p>\n\n\n\n<p>&#8211; Sharron Davies MBE &#8211; M\u00e9daill\u00e9e olympique du Royaume-Uni<\/p>\n\n\n\n<p>&#8211; Katya De Giovanni &#8211; D\u00e9put\u00e9e maltaise<\/p>\n\n\n\n<p>&#8211; Siham Badi &#8211; Ancienne ministre des affaires f\u00e9minines, Tunisie<\/p>\n\n\n\n<p>&#8211; Carmen Quintanilla &#8211; ancienne s\u00e9natrice espagnole, pr\u00e9sidente de l&#8217;AFAMMER et parlementaire permanente au Conseil de l&#8217;Europe.<\/p>\n\n\n\n<p>&#8211; Catherine Noone &#8211; Ancienne vice-pr\u00e9sidente du S\u00e9nat irlandais<\/p>\n\n\n\n<p>&#8211; Faten Ramadan &#8211; Directrice de Syrian Human Rights Without Borders (Droits de l&#8217;homme sans fronti\u00e8res)<\/p>\n\n\n\n<p>&#8211; Iulia D\u0103sc\u0103lu &#8211; Membre du Parlement moldave<\/p>\n\n\n\n<p>&#8211; Dorein Rookmaker &#8211; Ancienne membre du Parlement europ\u00e9en des Pays-Bas<\/p>\n\n\n<div class=\"wp-block-image\">\n<figure class=\"aligncenter size-large\"><img decoding=\"async\" src=\"data:image\/gif;base64,R0lGODlhAQABAIAAAAAAAP\/\/\/yH5BAEAAAAALAAAAAABAAEAAAIBRAA7\" data-src=\"https:\/\/wncri.org\/fr\/wp-content\/uploads\/2025\/02\/IWD2025-Conference-in-Paris-7-min-1024x576.jpg\" alt=\"Conf\u00e9rence \u00e0 Paris \u00e0 l'occasion de la Journ\u00e9e mondiale de la femme : Les femmes, le pouvoir du changement\" class=\"wp-image-21901 lazyload\"\/><noscript><img decoding=\"async\" width=\"1024\" height=\"576\" src=\"https:\/\/wncri.org\/fr\/wp-content\/uploads\/2025\/02\/IWD2025-Conference-in-Paris-7-min-1024x576.jpg\" alt=\"Conf\u00e9rence \u00e0 Paris \u00e0 l'occasion de la Journ\u00e9e mondiale de la femme : Les femmes, le pouvoir du changement\" class=\"wp-image-21901 lazyload\" srcset=\"https:\/\/wncri.org\/fr\/wp-content\/uploads\/2025\/02\/IWD2025-Conference-in-Paris-7-min-1024x576.jpg 1024w, https:\/\/wncri.org\/fr\/wp-content\/uploads\/2025\/02\/IWD2025-Conference-in-Paris-7-min-300x169.jpg 300w, https:\/\/wncri.org\/fr\/wp-content\/uploads\/2025\/02\/IWD2025-Conference-in-Paris-7-min-768x432.jpg 768w, https:\/\/wncri.org\/fr\/wp-content\/uploads\/2025\/02\/IWD2025-Conference-in-Paris-7-min-750x422.jpg 750w, https:\/\/wncri.org\/fr\/wp-content\/uploads\/2025\/02\/IWD2025-Conference-in-Paris-7-min-1140x641.jpg 1140w, https:\/\/wncri.org\/fr\/wp-content\/uploads\/2025\/02\/IWD2025-Conference-in-Paris-7-min.jpg 1200w\" sizes=\"(max-width: 1024px) 100vw, 1024px\" \/><\/noscript><figcaption class=\"wp-element-caption\">De gauche \u00e0 droite, la d\u00e9put\u00e9e allemande Katja Adler et la baronne O&#8217;Loan du Royaume-Uni.<\/figcaption><\/figure>\n<\/div>\n\n<div class=\"wp-block-image\">\n<figure class=\"aligncenter size-large\"><img decoding=\"async\" src=\"data:image\/gif;base64,R0lGODlhAQABAIAAAAAAAP\/\/\/yH5BAEAAAAALAAAAAABAAEAAAIBRAA7\" data-src=\"https:\/\/wncri.org\/fr\/wp-content\/uploads\/2025\/02\/IWD2025-Conference-in-Paris-6-min-1024x576.jpg\" alt=\"Conf\u00e9rence \u00e0 Paris \u00e0 l'occasion de la Journ\u00e9e mondiale de la femme : Les femmes, le pouvoir du changement\" class=\"wp-image-21900 lazyload\"\/><noscript><img decoding=\"async\" width=\"1024\" height=\"576\" src=\"https:\/\/wncri.org\/fr\/wp-content\/uploads\/2025\/02\/IWD2025-Conference-in-Paris-6-min-1024x576.jpg\" alt=\"Conf\u00e9rence \u00e0 Paris \u00e0 l'occasion de la Journ\u00e9e mondiale de la femme : Les femmes, le pouvoir du changement\" class=\"wp-image-21900 lazyload\" srcset=\"https:\/\/wncri.org\/fr\/wp-content\/uploads\/2025\/02\/IWD2025-Conference-in-Paris-6-min-1024x576.jpg 1024w, https:\/\/wncri.org\/fr\/wp-content\/uploads\/2025\/02\/IWD2025-Conference-in-Paris-6-min-300x169.jpg 300w, https:\/\/wncri.org\/fr\/wp-content\/uploads\/2025\/02\/IWD2025-Conference-in-Paris-6-min-768x432.jpg 768w, https:\/\/wncri.org\/fr\/wp-content\/uploads\/2025\/02\/IWD2025-Conference-in-Paris-6-min-750x422.jpg 750w, https:\/\/wncri.org\/fr\/wp-content\/uploads\/2025\/02\/IWD2025-Conference-in-Paris-6-min-1140x641.jpg 1140w, https:\/\/wncri.org\/fr\/wp-content\/uploads\/2025\/02\/IWD2025-Conference-in-Paris-6-min.jpg 1200w\" sizes=\"(max-width: 1024px) 100vw, 1024px\" \/><\/noscript><figcaption class=\"wp-element-caption\">De gauche \u00e0 droite, la d\u00e9put\u00e9e britannique Anna Firth et l&#8217;ancienne ministre britannique Theresa Villiers.<\/figcaption><\/figure>\n<\/div>\n\n<div class=\"wp-block-image\">\n<figure class=\"aligncenter size-large\"><img decoding=\"async\" src=\"data:image\/gif;base64,R0lGODlhAQABAIAAAAAAAP\/\/\/yH5BAEAAAAALAAAAAABAAEAAAIBRAA7\" data-src=\"https:\/\/wncri.org\/fr\/wp-content\/uploads\/2025\/02\/IWD2025-Conference-in-Paris-3-min-1024x576.jpg\" alt=\"Conf\u00e9rence \u00e0 Paris \u00e0 l'occasion de la Journ\u00e9e mondiale de la femme : Les femmes, le pouvoir du changement\" class=\"wp-image-21897 lazyload\"\/><noscript><img decoding=\"async\" width=\"1024\" height=\"576\" src=\"https:\/\/wncri.org\/fr\/wp-content\/uploads\/2025\/02\/IWD2025-Conference-in-Paris-3-min-1024x576.jpg\" alt=\"Conf\u00e9rence \u00e0 Paris \u00e0 l'occasion de la Journ\u00e9e mondiale de la femme : Les femmes, le pouvoir du changement\" class=\"wp-image-21897 lazyload\" srcset=\"https:\/\/wncri.org\/fr\/wp-content\/uploads\/2025\/02\/IWD2025-Conference-in-Paris-3-min-1024x576.jpg 1024w, https:\/\/wncri.org\/fr\/wp-content\/uploads\/2025\/02\/IWD2025-Conference-in-Paris-3-min-300x169.jpg 300w, https:\/\/wncri.org\/fr\/wp-content\/uploads\/2025\/02\/IWD2025-Conference-in-Paris-3-min-768x432.jpg 768w, https:\/\/wncri.org\/fr\/wp-content\/uploads\/2025\/02\/IWD2025-Conference-in-Paris-3-min-750x422.jpg 750w, https:\/\/wncri.org\/fr\/wp-content\/uploads\/2025\/02\/IWD2025-Conference-in-Paris-3-min-1140x641.jpg 1140w, https:\/\/wncri.org\/fr\/wp-content\/uploads\/2025\/02\/IWD2025-Conference-in-Paris-3-min.jpg 1200w\" sizes=\"(max-width: 1024px) 100vw, 1024px\" \/><\/noscript><figcaption class=\"wp-element-caption\">L&#8217;ancienne ministre tunisienne des affaires f\u00e9minines, Siham Badi, \u00e9coutant les remarques de Dominique Attias sur la prisonni\u00e8re politique Maryam Akbari Monfared (projet\u00e9 sur grand \u00e9cran).<\/figcaption><\/figure>\n<\/div>\n\n<div class=\"wp-block-image\">\n<figure class=\"aligncenter size-large\"><img decoding=\"async\" src=\"data:image\/gif;base64,R0lGODlhAQABAIAAAAAAAP\/\/\/yH5BAEAAAAALAAAAAABAAEAAAIBRAA7\" data-src=\"https:\/\/wncri.org\/fr\/wp-content\/uploads\/2025\/02\/IWD2025-Conference-in-Paris-11-min-1024x576.jpg\" alt=\"Conf\u00e9rence \u00e0 Paris \u00e0 l'occasion de la Journ\u00e9e mondiale de la femme : Les femmes, le pouvoir du changement\" class=\"wp-image-21905 lazyload\"\/><noscript><img decoding=\"async\" width=\"1024\" height=\"576\" src=\"https:\/\/wncri.org\/fr\/wp-content\/uploads\/2025\/02\/IWD2025-Conference-in-Paris-11-min-1024x576.jpg\" alt=\"Conf\u00e9rence \u00e0 Paris \u00e0 l'occasion de la Journ\u00e9e mondiale de la femme : Les femmes, le pouvoir du changement\" class=\"wp-image-21905 lazyload\" srcset=\"https:\/\/wncri.org\/fr\/wp-content\/uploads\/2025\/02\/IWD2025-Conference-in-Paris-11-min-1024x576.jpg 1024w, https:\/\/wncri.org\/fr\/wp-content\/uploads\/2025\/02\/IWD2025-Conference-in-Paris-11-min-300x169.jpg 300w, https:\/\/wncri.org\/fr\/wp-content\/uploads\/2025\/02\/IWD2025-Conference-in-Paris-11-min-768x432.jpg 768w, https:\/\/wncri.org\/fr\/wp-content\/uploads\/2025\/02\/IWD2025-Conference-in-Paris-11-min-750x422.jpg 750w, https:\/\/wncri.org\/fr\/wp-content\/uploads\/2025\/02\/IWD2025-Conference-in-Paris-11-min-1140x641.jpg 1140w, https:\/\/wncri.org\/fr\/wp-content\/uploads\/2025\/02\/IWD2025-Conference-in-Paris-11-min.jpg 1200w\" sizes=\"(max-width: 1024px) 100vw, 1024px\" \/><\/noscript><figcaption class=\"wp-element-caption\">\u00c0 droite, Arbana Xharra, journaliste d&#8217;investigation albanaise kosovare et laur\u00e9ate du prix international du courage f\u00e9minin d\u00e9cern\u00e9 par la secr\u00e9taire d&#8217;\u00c9tat am\u00e9ricaine en 2015.<\/figcaption><\/figure>\n<\/div>","protected":false},"excerpt":{"rendered":"<p>Paris, le 22 f\u00e9vrier 2025 &#8211; La conf\u00e9rence de la Journ\u00e9e mondiale de la femme, organis\u00e9e par la Commission des femmes du Conseil national de la r\u00e9sistance iranienne (CNRI), a rassembl\u00e9 d&#8217;\u00e9minentes dirigeantes politiques, des militantes des droits de l&#8217;homme et des avocates de plus de 80 pays. L&#8217;\u00e9v\u00e9nement a servi de plateforme pour souligner [&hellip;]<\/p>\n","protected":false},"author":4,"featured_media":21895,"comment_status":"closed","ping_status":"closed","sticky":false,"template":"","format":"standard","meta":{"jnews-multi-image_gallery":[],"jnews_single_post":{"format":"standard"},"jnews_primary_category":[],"jnews_social_meta":[],"jnews_override_counter":[],"footnotes":""},"categories":[26],"tags":[373],"class_list":["post-21894","post","type-post","status-publish","format-standard","has-post-thumbnail","hentry","category-conference-du-8-mars","tag-le-leadership-des-femmes"],"_links":{"self":[{"href":"https:\/\/wncri.org\/fr\/wp-json\/wp\/v2\/posts\/21894","targetHints":{"allow":["GET"]}}],"collection":[{"href":"https:\/\/wncri.org\/fr\/wp-json\/wp\/v2\/posts"}],"about":[{"href":"https:\/\/wncri.org\/fr\/wp-json\/wp\/v2\/types\/post"}],"author":[{"embeddable":true,"href":"https:\/\/wncri.org\/fr\/wp-json\/wp\/v2\/users\/4"}],"replies":[{"embeddable":true,"href":"https:\/\/wncri.org\/fr\/wp-json\/wp\/v2\/comments?post=21894"}],"version-history":[{"count":1,"href":"https:\/\/wncri.org\/fr\/wp-json\/wp\/v2\/posts\/21894\/revisions"}],"predecessor-version":[{"id":21906,"href":"https:\/\/wncri.org\/fr\/wp-json\/wp\/v2\/posts\/21894\/revisions\/21906"}],"wp:featuredmedia":[{"embeddable":true,"href":"https:\/\/wncri.org\/fr\/wp-json\/wp\/v2\/media\/21895"}],"wp:attachment":[{"href":"https:\/\/wncri.org\/fr\/wp-json\/wp\/v2\/media?parent=21894"}],"wp:term":[{"taxonomy":"category","embeddable":true,"href":"https:\/\/wncri.org\/fr\/wp-json\/wp\/v2\/categories?post=21894"},{"taxonomy":"post_tag","embeddable":true,"href":"https:\/\/wncri.org\/fr\/wp-json\/wp\/v2\/tags?post=21894"}],"curies":[{"name":"wp","href":"https:\/\/api.w.org\/{rel}","templated":true}]}}