{"id":21855,"date":"2025-02-14T21:21:57","date_gmt":"2025-02-14T20:21:57","guid":{"rendered":"https:\/\/wncri.org\/fr\/?p=21855"},"modified":"2025-02-14T21:22:00","modified_gmt":"2025-02-14T20:22:00","slug":"minoo-rouzedar-detention-prolongee","status":"publish","type":"post","link":"https:\/\/wncri.org\/fr\/2025\/02\/14\/minoo-rouzedar-detention-prolongee\/","title":{"rendered":"Minoo Rouzedar : D\u00e9tention prolong\u00e9e \u00e0 la prison d&#8217;Evin"},"content":{"rendered":"\n<h4 class=\"wp-block-heading\">Minoo Rouzedar, militante civile et m\u00e8re de 3 enfants, est toujours en situation d&#8217;incertitude juridique dans le quartier des femmes de la prison d&#8217;Evin.<\/h4>\n\n\n\n<p>Bien qu&#8217;elle soit d\u00e9tenue depuis 25 jours, elle a tout r\u00e9cemment \u00e9t\u00e9 inculp\u00e9e par le bureau du procureur d&#8217;Evin pour \u00ab propagande contre l&#8217;Etat \u00bb et \u00ab insulte \u00e0 Khamenei \u00bb.<\/p>\n\n\n\n<p>Minoo Rouzedar a \u00e9t\u00e9 arr\u00eat\u00e9e le 20 janvier 2025 par les forces de s\u00e9curit\u00e9 \u00e0 T\u00e9h\u00e9ran et a d&#8217;abord \u00e9t\u00e9 d\u00e9tenue dans le centre de d\u00e9tention des <a href=\"https:\/\/fr.wikipedia.org\/wiki\/Organisation_du_renseignement_du_corps_des_gardiens_de_la_r%C3%A9volution_islamique\" target=\"_blank\" rel=\"noreferrer noopener\">renseignements du Corps des gardiens de la r\u00e9volution islamique<\/a>, connu sous le nom de Ward 1-A.<\/p>\n\n\n\n<p>Apr\u00e8s une semaine, elle a \u00e9t\u00e9 transf\u00e9r\u00e9e dans le quartier des femmes de la <a href=\"https:\/\/wncri.org\/fr\/2021\/12\/10\/les-conditions-des-femmes-prisons\/\" target=\"_blank\" rel=\"noreferrer noopener\">prison d&#8217;Evin<\/a>, o\u00f9 elle est toujours d\u00e9tenue sans d\u00e9cision juridique claire.<\/p>\n\n\n\n<p>Son maintien en d\u00e9tention et le manque de transparence entourant son cas ont raviv\u00e9 les inqui\u00e9tudes quant \u00e0 la r\u00e9pression croissante des militants civils et des femmes manifestantes en Iran.<\/p>\n\n\n\n<p><\/p>\n","protected":false},"excerpt":{"rendered":"<p>Minoo Rouzedar, militante civile et m\u00e8re de 3 enfants, est toujours en situation d&#8217;incertitude juridique dans le quartier des femmes de la prison d&#8217;Evin. Bien qu&#8217;elle soit d\u00e9tenue depuis 25 jours, elle a tout r\u00e9cemment \u00e9t\u00e9 inculp\u00e9e par le bureau du procureur d&#8217;Evin pour \u00ab propagande contre l&#8217;Etat \u00bb et \u00ab insulte \u00e0 Khamenei \u00bb. [&hellip;]<\/p>\n","protected":false},"author":4,"featured_media":21856,"comment_status":"closed","ping_status":"closed","sticky":false,"template":"","format":"standard","meta":{"jnews-multi-image_gallery":[],"jnews_single_post":{"format":"standard"},"jnews_primary_category":[],"jnews_social_meta":[],"jnews_override_counter":[],"footnotes":""},"categories":[3],"tags":[370],"class_list":["post-21855","post","type-post","status-publish","format-standard","has-post-thumbnail","hentry","category-infos-des-femmes","tag-prisonnieres"],"_links":{"self":[{"href":"https:\/\/wncri.org\/fr\/wp-json\/wp\/v2\/posts\/21855","targetHints":{"allow":["GET"]}}],"collection":[{"href":"https:\/\/wncri.org\/fr\/wp-json\/wp\/v2\/posts"}],"about":[{"href":"https:\/\/wncri.org\/fr\/wp-json\/wp\/v2\/types\/post"}],"author":[{"embeddable":true,"href":"https:\/\/wncri.org\/fr\/wp-json\/wp\/v2\/users\/4"}],"replies":[{"embeddable":true,"href":"https:\/\/wncri.org\/fr\/wp-json\/wp\/v2\/comments?post=21855"}],"version-history":[{"count":1,"href":"https:\/\/wncri.org\/fr\/wp-json\/wp\/v2\/posts\/21855\/revisions"}],"predecessor-version":[{"id":21857,"href":"https:\/\/wncri.org\/fr\/wp-json\/wp\/v2\/posts\/21855\/revisions\/21857"}],"wp:featuredmedia":[{"embeddable":true,"href":"https:\/\/wncri.org\/fr\/wp-json\/wp\/v2\/media\/21856"}],"wp:attachment":[{"href":"https:\/\/wncri.org\/fr\/wp-json\/wp\/v2\/media?parent=21855"}],"wp:term":[{"taxonomy":"category","embeddable":true,"href":"https:\/\/wncri.org\/fr\/wp-json\/wp\/v2\/categories?post=21855"},{"taxonomy":"post_tag","embeddable":true,"href":"https:\/\/wncri.org\/fr\/wp-json\/wp\/v2\/tags?post=21855"}],"curies":[{"name":"wp","href":"https:\/\/api.w.org\/{rel}","templated":true}]}}