{"id":21825,"date":"2025-02-09T15:44:17","date_gmt":"2025-02-09T14:44:17","guid":{"rendered":"https:\/\/wncri.org\/fr\/?p=21825"},"modified":"2025-02-09T15:44:19","modified_gmt":"2025-02-09T14:44:19","slug":"grand-rassemblement-iranien","status":"publish","type":"post","link":"https:\/\/wncri.org\/fr\/2025\/02\/09\/grand-rassemblement-iranien\/","title":{"rendered":"Les femmes ont particip\u00e9 activement au grand rassemblement iranien \u00e0 Paris"},"content":{"rendered":"\n<h4 class=\"wp-block-heading\"><em>Le samedi 8 f\u00e9vrier 2025, des milliers de femmes et de jeunes filles iraniennes, ainsi que des dizaines de personnalit\u00e9s politiques f\u00e9minines fran\u00e7aises, ont particip\u00e9 activement au grand rassemblement iranien \u00e0 Paris et y ont prononc\u00e9 des discours.<\/em><\/h4>\n\n\n\n<h3 class=\"wp-block-heading\"><em><strong>Un r\u00e9gime au bout du rouleau<\/strong><\/em><\/h3>\n\n\n\n<p><em>Mahnaz Salimian, secr\u00e9taire principale du Conseil national de la R\u00e9sistance iranienne (CNRI), a pris la parole lors du grand rassemblement iranien, d\u00e9clarant :<\/em><\/p>\n\n\n\n<p><em>\u00ab Le r\u00e9gime cl\u00e9rical est au bout du rouleau. Aujourd&#8217;hui, nous sommes r\u00e9unis ici pour dire au r\u00e9gime, aux c\u00f4t\u00e9s des valeureux Moudjahidines et des Unit\u00e9s de la R\u00e9sistance : \u00ab Nous vous renverserons ! Nous vous renverserons ! Nous r\u00e9affirmons la position de Massoud Radjavi et de notre bien-aim\u00e9e pr\u00e9sidente <\/em><a href=\"https:\/\/www.maryam-rajavi.com\/fr\/biography\/\" target=\"_blank\" rel=\"noreferrer noopener\"><em>Maryam Radjavi<\/em><\/a><em> : aucune puissance au monde ne peut emp\u00eacher la chute de ce r\u00e9gime anti-historique et anti-iranien \u00bb.<\/em><\/p>\n\n\n<div class=\"wp-block-image\">\n<figure class=\"aligncenter size-large\"><img decoding=\"async\" src=\"data:image\/gif;base64,R0lGODlhAQABAIAAAAAAAP\/\/\/yH5BAEAAAAALAAAAAABAAEAAAIBRAA7\" data-src=\"https:\/\/wncri.org\/fr\/wp-content\/uploads\/2025\/02\/Mahnaz-Salimian-min-1024x576.jpg\" alt=\"Les femmes ont particip\u00e9 activement au grand rassemblement iranien \u00e0 Paris\" class=\"wp-image-21826 lazyload\"\/><noscript><img decoding=\"async\" width=\"1024\" height=\"576\" src=\"https:\/\/wncri.org\/fr\/wp-content\/uploads\/2025\/02\/Mahnaz-Salimian-min-1024x576.jpg\" alt=\"Les femmes ont particip\u00e9 activement au grand rassemblement iranien \u00e0 Paris\" class=\"wp-image-21826 lazyload\" srcset=\"https:\/\/wncri.org\/fr\/wp-content\/uploads\/2025\/02\/Mahnaz-Salimian-min-1024x576.jpg 1024w, https:\/\/wncri.org\/fr\/wp-content\/uploads\/2025\/02\/Mahnaz-Salimian-min-300x169.jpg 300w, https:\/\/wncri.org\/fr\/wp-content\/uploads\/2025\/02\/Mahnaz-Salimian-min-768x432.jpg 768w, https:\/\/wncri.org\/fr\/wp-content\/uploads\/2025\/02\/Mahnaz-Salimian-min-750x422.jpg 750w, https:\/\/wncri.org\/fr\/wp-content\/uploads\/2025\/02\/Mahnaz-Salimian-min-1140x641.jpg 1140w, https:\/\/wncri.org\/fr\/wp-content\/uploads\/2025\/02\/Mahnaz-Salimian-min.jpg 1200w\" sizes=\"(max-width: 1024px) 100vw, 1024px\" \/><\/noscript><figcaption class=\"wp-element-caption\">Mm. Mahnaz Salimian<\/figcaption><\/figure>\n<\/div>\n\n\n<h3 class=\"wp-block-heading\"><em><strong>Le r\u00e9gime cl\u00e9rical a vol\u00e9 notre r\u00e9volution, mais pas notre aspiration \u00e0 la libert\u00e9<\/strong><\/em><\/h3>\n\n\n\n<p><em>Rebecca Malihi, repr\u00e9sentante des communaut\u00e9s de jeunes iraniens, a soulign\u00e9 :<\/em><\/p>\n\n\n\n<p><em>\u00ab Il y a 46 ans, le fourbe Khomeini a d\u00e9tourn\u00e9 notre r\u00e9volution. R\u00eavant d&#8217;un r\u00e9gime th\u00e9ocratique de 500 ans, il n&#8217;a \u00e9pargn\u00e9 aucun crime pour maintenir sa mainmise sur le pouvoir. Mais nul ne peut \u00f4ter au peuple iranien son aspiration \u00e0 la libert\u00e9. C&#8217;est ainsi qu&#8217;une r\u00e9sistance indomptable s&#8217;est lev\u00e9e contre les clercs, bravant temp\u00eates d&#8217;oppression et complots pour devenir une force in\u00e9gal\u00e9e dans la lib\u00e9ration de l&#8217;Iran.<\/em><\/p>\n\n\n\n<p><em>Notre ch\u00e8re Maryam Radjavi, avec sa nouvelle perspective sur l&#8217;humanit\u00e9, a form\u00e9 une g\u00e9n\u00e9ration de femmes qualifi\u00e9es dans la R\u00e9sistance, transformant le r\u00eave des clercs d&#8217;asservir les femmes iraniennes en leur pire cauchemar. Nous avons jur\u00e9 de hisser le drapeau d&#8217;une r\u00e9publique d\u00e9mocratique au sommet du mont Damavand et nous le ferons. Femmes, R\u00e9sistance, Libert\u00e9 !<\/em><\/p>\n\n\n<div class=\"wp-block-image\">\n<figure class=\"aligncenter size-large\"><img decoding=\"async\" src=\"data:image\/gif;base64,R0lGODlhAQABAIAAAAAAAP\/\/\/yH5BAEAAAAALAAAAAABAAEAAAIBRAA7\" data-src=\"https:\/\/wncri.org\/fr\/wp-content\/uploads\/2025\/02\/Rebecca-Malihi-min-1024x576.jpg\" alt=\"Les femmes ont particip\u00e9 activement au grand rassemblement iranien \u00e0 Paris\" class=\"wp-image-21830 lazyload\"\/><noscript><img decoding=\"async\" width=\"1024\" height=\"576\" src=\"https:\/\/wncri.org\/fr\/wp-content\/uploads\/2025\/02\/Rebecca-Malihi-min-1024x576.jpg\" alt=\"Les femmes ont particip\u00e9 activement au grand rassemblement iranien \u00e0 Paris\" class=\"wp-image-21830 lazyload\" srcset=\"https:\/\/wncri.org\/fr\/wp-content\/uploads\/2025\/02\/Rebecca-Malihi-min-1024x576.jpg 1024w, https:\/\/wncri.org\/fr\/wp-content\/uploads\/2025\/02\/Rebecca-Malihi-min-300x169.jpg 300w, https:\/\/wncri.org\/fr\/wp-content\/uploads\/2025\/02\/Rebecca-Malihi-min-768x432.jpg 768w, https:\/\/wncri.org\/fr\/wp-content\/uploads\/2025\/02\/Rebecca-Malihi-min-750x422.jpg 750w, https:\/\/wncri.org\/fr\/wp-content\/uploads\/2025\/02\/Rebecca-Malihi-min-1140x641.jpg 1140w, https:\/\/wncri.org\/fr\/wp-content\/uploads\/2025\/02\/Rebecca-Malihi-min.jpg 1200w\" sizes=\"(max-width: 1024px) 100vw, 1024px\" \/><\/noscript><figcaption class=\"wp-element-caption\">Mm. Rebecca Malihi<\/figcaption><\/figure>\n<\/div>\n\n\n<h3 class=\"wp-block-heading\"><em><strong>Les religieux sont les v\u00e9ritables successeurs de l&#8217;oppression du chah<\/strong><\/em><\/h3>\n\n\n\n<p><em>Milishia Javidan, de l&#8217;Association des professionnels iraniens, a d\u00e9clar\u00e9 :<\/em><\/p>\n\n\n\n<p><em>\u00ab Khomeini \u00e9tait le v\u00e9ritable h\u00e9ritier de la tyrannie du chah. Il a cherch\u00e9 \u00e0 asseoir son pouvoir en massacrant les Moudjahidines. Mais quelle magnifique r\u00e9sistance &#8211; une r\u00e9sistance qui, gr\u00e2ce \u00e0 des sacrifices sans limites, aux unit\u00e9s de r\u00e9sistance et \u00e0 l&#8217;arm\u00e9e de lib\u00e9ration, a amen\u00e9 l&#8217;ensemble du r\u00e9gime criminel au bord de l&#8217;effondrement ! Gr\u00e2ce au <\/em><a href=\"https:\/\/wncri.org\/fr\/plan-en-10-points-pour-liran\/\" target=\"_blank\" rel=\"noreferrer noopener\"><em>plan en dix points<\/em><\/a><em> de notre bien-aim\u00e9e pr\u00e9sidente Maryam Radjavi, l&#8217;avenir d&#8217;un Iran libre et prosp\u00e8re est garanti.<\/em><\/p>\n\n\n\n<p><em>Comme tous les membres de la R\u00e9sistance, nous nous engageons aujourd&#8217;hui \u00e0 consacrer toutes nos forces \u00e0 la lutte pour la libert\u00e9 de l&#8217;Iran. Et demain, nous nous consacrerons enti\u00e8rement \u00e0 la reconstruction de l&#8217;Iran et \u00e0 la r\u00e9alisation du plan en dix points de Mme Radjavi.<\/em><\/p>\n\n\n<div class=\"wp-block-image\">\n<figure class=\"aligncenter size-large\"><img decoding=\"async\" src=\"data:image\/gif;base64,R0lGODlhAQABAIAAAAAAAP\/\/\/yH5BAEAAAAALAAAAAABAAEAAAIBRAA7\" data-src=\"https:\/\/wncri.org\/fr\/wp-content\/uploads\/2025\/02\/Militia-Javdan-min-1024x576.jpg\" alt=\"Les femmes ont particip\u00e9 activement au grand rassemblement iranien \u00e0 Paris\" class=\"wp-image-21827 lazyload\"\/><noscript><img decoding=\"async\" width=\"1024\" height=\"576\" src=\"https:\/\/wncri.org\/fr\/wp-content\/uploads\/2025\/02\/Militia-Javdan-min-1024x576.jpg\" alt=\"Les femmes ont particip\u00e9 activement au grand rassemblement iranien \u00e0 Paris\" class=\"wp-image-21827 lazyload\" srcset=\"https:\/\/wncri.org\/fr\/wp-content\/uploads\/2025\/02\/Militia-Javdan-min-1024x576.jpg 1024w, https:\/\/wncri.org\/fr\/wp-content\/uploads\/2025\/02\/Militia-Javdan-min-300x169.jpg 300w, https:\/\/wncri.org\/fr\/wp-content\/uploads\/2025\/02\/Militia-Javdan-min-768x432.jpg 768w, https:\/\/wncri.org\/fr\/wp-content\/uploads\/2025\/02\/Militia-Javdan-min-750x422.jpg 750w, https:\/\/wncri.org\/fr\/wp-content\/uploads\/2025\/02\/Militia-Javdan-min-1140x641.jpg 1140w, https:\/\/wncri.org\/fr\/wp-content\/uploads\/2025\/02\/Militia-Javdan-min.jpg 1200w\" sizes=\"(max-width: 1024px) 100vw, 1024px\" \/><\/noscript><figcaption class=\"wp-element-caption\">Mm. Milishia Javidan<\/figcaption><\/figure>\n<\/div>\n\n\n<h3 class=\"wp-block-heading\"><em><strong>La jeunesse iranienne \u00e9radiquera \u00e0 la fois le chah et les religieux<\/strong><\/em><\/h3>\n\n\n\n<p><em>Mona Forouzandeh, membre des associations de jeunesse iraniennes, a pris la parole lors du grand rassemblement iranien :<\/em><\/p>\n\n\n\n<p><em>\u00ab J&#8217;ai 19 ans et je fais partie d&#8217;une g\u00e9n\u00e9ration qui ne s&#8217;est jamais inclin\u00e9e devant le chah ou les clercs. Nous suivons les traces de martyrs comme <\/em><a href=\"https:\/\/wncri.org\/fr\/2017\/05\/07\/fatemeh-mesbah\/\" target=\"_blank\" rel=\"noreferrer noopener\"><em>Fatemeh Mesbah<\/em><\/a><em>, une jeune fille de 13 ans qui s&#8217;est oppos\u00e9e \u00e0 la dictature des mollahs.<\/em><\/p>\n\n\n\n<p><em>Nous disons aux religieux : L&#8217;Iran n&#8217;a pas de place pour les bourreaux ! La jeune g\u00e9n\u00e9ration iranienne d\u00e9racinera d\u00e9finitivement le chah et les mollahs. <\/em><em>C&#8217;est notre engagement envers le peuple iranien ! \u00bb.<\/em><\/p>\n\n\n<div class=\"wp-block-image\">\n<figure class=\"aligncenter size-large\"><img decoding=\"async\" src=\"data:image\/gif;base64,R0lGODlhAQABAIAAAAAAAP\/\/\/yH5BAEAAAAALAAAAAABAAEAAAIBRAA7\" data-src=\"https:\/\/wncri.org\/fr\/wp-content\/uploads\/2025\/02\/Mona-Forouzandeh-min-1024x576.jpg\" alt=\"Les femmes ont particip\u00e9 activement au grand rassemblement iranien \u00e0 Paris\" class=\"wp-image-21828 lazyload\"\/><noscript><img decoding=\"async\" width=\"1024\" height=\"576\" src=\"https:\/\/wncri.org\/fr\/wp-content\/uploads\/2025\/02\/Mona-Forouzandeh-min-1024x576.jpg\" alt=\"Les femmes ont particip\u00e9 activement au grand rassemblement iranien \u00e0 Paris\" class=\"wp-image-21828 lazyload\" srcset=\"https:\/\/wncri.org\/fr\/wp-content\/uploads\/2025\/02\/Mona-Forouzandeh-min-1024x576.jpg 1024w, https:\/\/wncri.org\/fr\/wp-content\/uploads\/2025\/02\/Mona-Forouzandeh-min-300x169.jpg 300w, https:\/\/wncri.org\/fr\/wp-content\/uploads\/2025\/02\/Mona-Forouzandeh-min-768x432.jpg 768w, https:\/\/wncri.org\/fr\/wp-content\/uploads\/2025\/02\/Mona-Forouzandeh-min-750x422.jpg 750w, https:\/\/wncri.org\/fr\/wp-content\/uploads\/2025\/02\/Mona-Forouzandeh-min-1140x641.jpg 1140w, https:\/\/wncri.org\/fr\/wp-content\/uploads\/2025\/02\/Mona-Forouzandeh-min.jpg 1200w\" sizes=\"(max-width: 1024px) 100vw, 1024px\" \/><\/noscript><figcaption class=\"wp-element-caption\">Mml. Mona Forouzandeh<\/figcaption><\/figure>\n<\/div>","protected":false},"excerpt":{"rendered":"<p>Le samedi 8 f\u00e9vrier 2025, des milliers de femmes et de jeunes filles iraniennes, ainsi que des dizaines de personnalit\u00e9s politiques f\u00e9minines fran\u00e7aises, ont particip\u00e9 activement au grand rassemblement iranien \u00e0 Paris et y ont prononc\u00e9 des discours. Un r\u00e9gime au bout du rouleau Mahnaz Salimian, secr\u00e9taire principale du Conseil national de la R\u00e9sistance iranienne [&hellip;]<\/p>\n","protected":false},"author":4,"featured_media":21829,"comment_status":"closed","ping_status":"closed","sticky":false,"template":"","format":"standard","meta":{"jnews-multi-image_gallery":[],"jnews_single_post":{"format":"standard"},"jnews_primary_category":[],"jnews_social_meta":[],"jnews_override_counter":[],"footnotes":""},"categories":[8],"tags":[373,369],"class_list":["post-21825","post","type-post","status-publish","format-standard","has-post-thumbnail","hentry","category-articles","tag-le-leadership-des-femmes","tag-manifestations"],"_links":{"self":[{"href":"https:\/\/wncri.org\/fr\/wp-json\/wp\/v2\/posts\/21825","targetHints":{"allow":["GET"]}}],"collection":[{"href":"https:\/\/wncri.org\/fr\/wp-json\/wp\/v2\/posts"}],"about":[{"href":"https:\/\/wncri.org\/fr\/wp-json\/wp\/v2\/types\/post"}],"author":[{"embeddable":true,"href":"https:\/\/wncri.org\/fr\/wp-json\/wp\/v2\/users\/4"}],"replies":[{"embeddable":true,"href":"https:\/\/wncri.org\/fr\/wp-json\/wp\/v2\/comments?post=21825"}],"version-history":[{"count":1,"href":"https:\/\/wncri.org\/fr\/wp-json\/wp\/v2\/posts\/21825\/revisions"}],"predecessor-version":[{"id":21831,"href":"https:\/\/wncri.org\/fr\/wp-json\/wp\/v2\/posts\/21825\/revisions\/21831"}],"wp:featuredmedia":[{"embeddable":true,"href":"https:\/\/wncri.org\/fr\/wp-json\/wp\/v2\/media\/21829"}],"wp:attachment":[{"href":"https:\/\/wncri.org\/fr\/wp-json\/wp\/v2\/media?parent=21825"}],"wp:term":[{"taxonomy":"category","embeddable":true,"href":"https:\/\/wncri.org\/fr\/wp-json\/wp\/v2\/categories?post=21825"},{"taxonomy":"post_tag","embeddable":true,"href":"https:\/\/wncri.org\/fr\/wp-json\/wp\/v2\/tags?post=21825"}],"curies":[{"name":"wp","href":"https:\/\/api.w.org\/{rel}","templated":true}]}}