{"id":21814,"date":"2025-02-08T20:41:52","date_gmt":"2025-02-08T19:41:52","guid":{"rendered":"https:\/\/wncri.org\/fr\/?p=21814"},"modified":"2025-02-08T20:41:54","modified_gmt":"2025-02-08T19:41:54","slug":"parvin-advaei-rehabilitation-de-sanandadj","status":"publish","type":"post","link":"https:\/\/wncri.org\/fr\/2025\/02\/08\/parvin-advaei-rehabilitation-de-sanandadj\/","title":{"rendered":"Parvin Advaei transf\u00e9r\u00e9e au Centre de correction et de r\u00e9habilitation de Sanandadj"},"content":{"rendered":"\n<h4 class=\"wp-block-heading\">Parvin Advaei, une habitante de Marivan, d\u00e9tenue par les forces de s\u00e9curit\u00e9 en janvier 2025, a \u00e9t\u00e9 transf\u00e9r\u00e9e au Centre de correction et de r\u00e9habilitation de Sanandadj, le quartier des femmes de la prison de Sanandadj.<\/h4>\n\n\n\n<p>La militante des droits civiques <a href=\"https:\/\/wncri.org\/fr\/2025\/01\/27\/la-militante-kurde-parvin-advaei\/\" target=\"_blank\" rel=\"noreferrer noopener\">a \u00e9t\u00e9 arr\u00eat\u00e9e<\/a> le 20 janvier 2025 \u00e0 Marivan et est actuellement autoris\u00e9e \u00e0 contacter sa famille une fois tous les 2 jours. Cependant, aucune information officielle n&#8217;a \u00e9t\u00e9 publi\u00e9e concernant les charges retenues contre elle ou les raisons de sa d\u00e9tention.<\/p>\n\n\n\n<p>Ce n\u2019est pas la premi\u00e8re fois que Parvin Advaei est arr\u00eat\u00e9e. Le 27 juillet 2019, elle a \u00e9t\u00e9 arr\u00eat\u00e9e par les forces du d\u00e9partement des renseignements de&nbsp;<a href=\"https:\/\/en.wikipedia.org\/wiki\/Marivan\" target=\"_blank\" rel=\"noreferrer noopener\">Marivan<\/a>. Apr\u00e8s 3 mois d\u2019emprisonnement, elle a \u00e9t\u00e9 lib\u00e9r\u00e9e contre une lourde caution de 5 milliards de rials. Le tribunal r\u00e9volutionnaire de Marivan l\u2019a ensuite condamn\u00e9e \u00e0 5 ans de prison pour appartenance pr\u00e9sum\u00e9e au Parti de la vie libre du Kurdistan (PJAK). La peine a ensuite \u00e9t\u00e9 r\u00e9duite \u00e0 deux ans par la cour d\u2019appel provinciale.<\/p>\n\n\n\n<p>Parvin Advaei a \u00e9t\u00e9 de nouveau arr\u00eat\u00e9e le 30 janvier 2020 pour purger sa peine de 2 ans de prison et a \u00e9t\u00e9 transf\u00e9r\u00e9e au&nbsp;<a href=\"https:\/\/wncri.org\/fr\/2024\/12\/26\/la-prison-de-sanandadj-quartier-des-femmes\/\" target=\"_blank\" rel=\"noreferrer noopener\">centre correctionnel de Sanandadj<\/a>. Le 6 avril 2020, apr\u00e8s avoir purg\u00e9 environ 6 mois de sa peine, elle a \u00e9t\u00e9 lib\u00e9r\u00e9e dans le cadre de l\u2019initiative d\u2019amnistie de Norouz.<\/p>\n\n\n\n<p>Sa r\u00e9cente d\u00e9tention suscite de vives inqui\u00e9tudes quant au ciblage des militantes kurdes et des d\u00e9fenseurs des droits des femmes en Iran, d\u2019autant plus que&nbsp;<a href=\"https:\/\/wncri.org\/fr\/2023\/11\/10\/ou-sont-pakhshan-azizi\/\" target=\"_blank\" rel=\"noreferrer noopener\">Pakhshan Azizi et Varisha Moradi,<\/a>&nbsp;toutes deux accus\u00e9es d\u2019\u00eatre membres du PJAK, ont \u00e9t\u00e9 condamn\u00e9es \u00e0 la peine de mort.<\/p>\n","protected":false},"excerpt":{"rendered":"<p>Parvin Advaei, une habitante de Marivan, d\u00e9tenue par les forces de s\u00e9curit\u00e9 en janvier 2025, a \u00e9t\u00e9 transf\u00e9r\u00e9e au Centre de correction et de r\u00e9habilitation de Sanandadj, le quartier des femmes de la prison de Sanandadj. La militante des droits civiques a \u00e9t\u00e9 arr\u00eat\u00e9e le 20 janvier 2025 \u00e0 Marivan et est actuellement autoris\u00e9e \u00e0 [&hellip;]<\/p>\n","protected":false},"author":4,"featured_media":21754,"comment_status":"closed","ping_status":"closed","sticky":false,"template":"","format":"standard","meta":{"jnews-multi-image_gallery":[],"jnews_single_post":{"format":"standard"},"jnews_primary_category":[],"jnews_social_meta":[],"jnews_override_counter":[],"footnotes":""},"categories":[3],"tags":[370],"class_list":["post-21814","post","type-post","status-publish","format-standard","has-post-thumbnail","hentry","category-infos-des-femmes","tag-prisonnieres"],"_links":{"self":[{"href":"https:\/\/wncri.org\/fr\/wp-json\/wp\/v2\/posts\/21814","targetHints":{"allow":["GET"]}}],"collection":[{"href":"https:\/\/wncri.org\/fr\/wp-json\/wp\/v2\/posts"}],"about":[{"href":"https:\/\/wncri.org\/fr\/wp-json\/wp\/v2\/types\/post"}],"author":[{"embeddable":true,"href":"https:\/\/wncri.org\/fr\/wp-json\/wp\/v2\/users\/4"}],"replies":[{"embeddable":true,"href":"https:\/\/wncri.org\/fr\/wp-json\/wp\/v2\/comments?post=21814"}],"version-history":[{"count":1,"href":"https:\/\/wncri.org\/fr\/wp-json\/wp\/v2\/posts\/21814\/revisions"}],"predecessor-version":[{"id":21815,"href":"https:\/\/wncri.org\/fr\/wp-json\/wp\/v2\/posts\/21814\/revisions\/21815"}],"wp:featuredmedia":[{"embeddable":true,"href":"https:\/\/wncri.org\/fr\/wp-json\/wp\/v2\/media\/21754"}],"wp:attachment":[{"href":"https:\/\/wncri.org\/fr\/wp-json\/wp\/v2\/media?parent=21814"}],"wp:term":[{"taxonomy":"category","embeddable":true,"href":"https:\/\/wncri.org\/fr\/wp-json\/wp\/v2\/categories?post=21814"},{"taxonomy":"post_tag","embeddable":true,"href":"https:\/\/wncri.org\/fr\/wp-json\/wp\/v2\/tags?post=21814"}],"curies":[{"name":"wp","href":"https:\/\/api.w.org\/{rel}","templated":true}]}}