{"id":21807,"date":"2025-02-06T21:15:37","date_gmt":"2025-02-06T20:15:37","guid":{"rendered":"https:\/\/wncri.org\/fr\/?p=21807"},"modified":"2025-02-06T21:15:39","modified_gmt":"2025-02-06T20:15:39","slug":"parisa-kamali-privee-de-soins-medicaux","status":"publish","type":"post","link":"https:\/\/wncri.org\/fr\/2025\/02\/06\/parisa-kamali-privee-de-soins-medicaux\/","title":{"rendered":"La prisonni\u00e8re politique Parisa Kamali priv\u00e9e de soins m\u00e9dicaux \u00e0 Ispahan"},"content":{"rendered":"\n<h4 class=\"wp-block-heading\">La prisonni\u00e8re politique Parisa Kamali se voit refuser l&#8217;acc\u00e8s \u00e0 des m\u00e9dicaments essentiels \u00e0 la <a href=\"https:\/\/wncri.org\/fr\/2021\/12\/10\/les-conditions-des-femmes-prisons\/\" target=\"_blank\" rel=\"noreferrer noopener\">prison de Dolatabad<\/a>, \u00e0 Ispahan, alors qu&#8217;elle souffre d&#8217;hyperthyro\u00efdie, qui n\u00e9cessite un traitement sp\u00e9cifique.<\/h4>\n\n\n\n<p>Les autorit\u00e9s p\u00e9nitentiaires ont d\u00e9lib\u00e9r\u00e9ment retenu ses m\u00e9dicaments sous divers pr\u00e9textes et refusent de lui fournir les m\u00e9dicaments n\u00e9cessaires. Bien qu&#8217;elle ait besoin d&#8217;urgence d&#8217;un sp\u00e9cialiste, elle n&#8217;a pas \u00e9t\u00e9 transf\u00e9r\u00e9e dans un h\u00f4pital ou un \u00e9tablissement m\u00e9dical.<\/p>\n\n\n\n<p>Parisa Kamali, n\u00e9e en 1986, est mari\u00e9e et \u00e9tudiante en g\u00e9ographie \u00e0 Yazd. Elle a \u00e9t\u00e9 arr\u00eat\u00e9e \u00e0 <a href=\"https:\/\/fr.wikipedia.org\/wiki\/Ispahan\" target=\"_blank\" rel=\"noreferrer noopener\">Ispahan<\/a> le 29 avril 2024, puis transf\u00e9r\u00e9e \u00e0 la prison de Dolatabad. Apr\u00e8s avoir \u00e9t\u00e9 interrog\u00e9e, elle a \u00e9t\u00e9 jug\u00e9e et condamn\u00e9e \u00e0 6 ans de prison pour \u00ab destruction de biens publics \u00bb, \u00ab propagande contre le r\u00e9gime \u00bb et \u00ab appartenance \u00e0 l&#8217;Organisation des Moudjahidines du Peuple (MEK) \u00bb. Sa peine a \u00e9t\u00e9 r\u00e9duite \u00e0 3 ans et demi en appel.<\/p>\n\n\n\n<p>La prisonni\u00e8re politique Parisa Kamali est \u00e9galement confront\u00e9e \u00e0 une affaire non r\u00e9solue dans un tribunal de Yazd, o\u00f9 son statut juridique reste incertain.<\/p>\n","protected":false},"excerpt":{"rendered":"<p>La prisonni\u00e8re politique Parisa Kamali se voit refuser l&#8217;acc\u00e8s \u00e0 des m\u00e9dicaments essentiels \u00e0 la prison de Dolatabad, \u00e0 Ispahan, alors qu&#8217;elle souffre d&#8217;hyperthyro\u00efdie, qui n\u00e9cessite un traitement sp\u00e9cifique. Les autorit\u00e9s p\u00e9nitentiaires ont d\u00e9lib\u00e9r\u00e9ment retenu ses m\u00e9dicaments sous divers pr\u00e9textes et refusent de lui fournir les m\u00e9dicaments n\u00e9cessaires. Bien qu&#8217;elle ait besoin d&#8217;urgence d&#8217;un sp\u00e9cialiste, [&hellip;]<\/p>\n","protected":false},"author":4,"featured_media":21276,"comment_status":"closed","ping_status":"closed","sticky":false,"template":"","format":"standard","meta":{"jnews-multi-image_gallery":[],"jnews_single_post":{"format":"standard"},"jnews_primary_category":[],"jnews_social_meta":[],"jnews_override_counter":[],"footnotes":""},"categories":[3],"tags":[370],"class_list":["post-21807","post","type-post","status-publish","format-standard","has-post-thumbnail","hentry","category-infos-des-femmes","tag-prisonnieres"],"_links":{"self":[{"href":"https:\/\/wncri.org\/fr\/wp-json\/wp\/v2\/posts\/21807","targetHints":{"allow":["GET"]}}],"collection":[{"href":"https:\/\/wncri.org\/fr\/wp-json\/wp\/v2\/posts"}],"about":[{"href":"https:\/\/wncri.org\/fr\/wp-json\/wp\/v2\/types\/post"}],"author":[{"embeddable":true,"href":"https:\/\/wncri.org\/fr\/wp-json\/wp\/v2\/users\/4"}],"replies":[{"embeddable":true,"href":"https:\/\/wncri.org\/fr\/wp-json\/wp\/v2\/comments?post=21807"}],"version-history":[{"count":1,"href":"https:\/\/wncri.org\/fr\/wp-json\/wp\/v2\/posts\/21807\/revisions"}],"predecessor-version":[{"id":21808,"href":"https:\/\/wncri.org\/fr\/wp-json\/wp\/v2\/posts\/21807\/revisions\/21808"}],"wp:featuredmedia":[{"embeddable":true,"href":"https:\/\/wncri.org\/fr\/wp-json\/wp\/v2\/media\/21276"}],"wp:attachment":[{"href":"https:\/\/wncri.org\/fr\/wp-json\/wp\/v2\/media?parent=21807"}],"wp:term":[{"taxonomy":"category","embeddable":true,"href":"https:\/\/wncri.org\/fr\/wp-json\/wp\/v2\/categories?post=21807"},{"taxonomy":"post_tag","embeddable":true,"href":"https:\/\/wncri.org\/fr\/wp-json\/wp\/v2\/tags?post=21807"}],"curies":[{"name":"wp","href":"https:\/\/api.w.org\/{rel}","templated":true}]}}