{"id":21803,"date":"2025-02-05T09:25:05","date_gmt":"2025-02-05T08:25:05","guid":{"rendered":"https:\/\/wncri.org\/fr\/?p=21803"},"modified":"2025-02-05T09:25:06","modified_gmt":"2025-02-05T08:25:06","slug":"les-familles-des-prisonniers-politiques","status":"publish","type":"post","link":"https:\/\/wncri.org\/fr\/2025\/02\/05\/les-familles-des-prisonniers-politiques\/","title":{"rendered":"Les familles des prisonniers politiques condamn\u00e9s \u00e0 mort se rassemblent devant la prison d&#8217;Evin"},"content":{"rendered":"\n<h2 class=\"wp-block-heading\"><strong>Un appel \u00e0 l&#8217;arr\u00eat des ex\u00e9cutions<\/strong><\/h2>\n\n\n\n<p>Le mardi 4 f\u00e9vrier 2025, les familles des prisonniers politiques condamn\u00e9s \u00e0 mort se sont <a href=\"https:\/\/iranhrs.org\/%d8%ae%d8%a7%d9%86%d9%88%d8%a7%d8%af%d9%87%d9%87%d8%a7%db%8c-%d8%b2%d9%86%d8%af%d8%a7%d9%86%db%8c%d8%a7%d9%86-%d8%b3%db%8c%d8%a7%d8%b3%db%8c-%d8%af%d8%b1-%d9%85%d9%82%d8%a7%d8%a8%d9%84-%d8%b2\/\" target=\"_blank\" rel=\"noreferrer noopener\">rassembl\u00e9es devant la prison d&#8217;Evin<\/a> pour demander l&#8217;annulation de la condamnation \u00e0 mort de leurs proches. Brandissant des photographies de leurs proches emprisonn\u00e9s, les familles de prisonniers politiques condamn\u00e9s \u00e0 mort ont \u00e9lev\u00e9 la voix en signe de protestation. Elles portaient des pancartes sur lesquelles on pouvait lire \u00ab Non \u00e0 l&#8217;ex\u00e9cution \u00bb et \u00ab Abolir la peine de mort \u00bb.<\/p>\n\n\n\n<p>En d\u00e9cembre 2024, six prisonniers politiques &#8211; Vahid Bani Amarian, Pouya Ghobadi, Babak Alipour, Seyed Abolhassan Montazer, Seyed Mohammad Taghavi et Ali Akbar Daneshvarkar &#8211; ont \u00e9t\u00e9 condamn\u00e9s \u00e0 mort, \u00e0 l&#8217;emprisonnement et \u00e0 l&#8217;exil pour \u00ab appartenance \u00e0 l&#8217;Organisation des moudjahidin du peuple iranien (OMPI) \u00bb.<\/p>\n\n\n\n<p>Le 23 janvier 2025, Amnesty International a publi\u00e9 un <a href=\"https:\/\/www.amnesty.org\/fr\/documents\/mde13\/8965\/2025\/fr\/\" target=\"_blank\" rel=\"noreferrer noopener\">avertissement urgent<\/a> sur son site officiel, r\u00e9v\u00e9lant que ces six prisonniers, condamn\u00e9s \u00e0 mort par la branche 26 du tribunal r\u00e9volutionnaire de T\u00e9h\u00e9ran le 1er d\u00e9cembre 2024, risquent d&#8217;\u00eatre ex\u00e9cut\u00e9s de mani\u00e8re imminente. Ils ont \u00e9t\u00e9 condamn\u00e9s pour \u00ab r\u00e9bellion par appartenance \u00e0 des groupes d&#8217;opposition \u00e0 la R\u00e9publique islamique \u00bb.<\/p>\n\n\n\n<p>Amnesty International a fermement condamn\u00e9 ce proc\u00e8s, soulignant les informations faisant \u00e9tat d&#8217;actes de torture et de mauvais traitements utilis\u00e9s pour obtenir des aveux forc\u00e9s. L&#8217;organisation a soulign\u00e9 que ces aveux forc\u00e9s compromettent la l\u00e9gitimit\u00e9 et la transparence de la proc\u00e9dure judiciaire. Les accus\u00e9s ont ni\u00e9 \u00e0 plusieurs reprises les all\u00e9gations d&#8217;action arm\u00e9e contre l&#8217;\u00c9tat.<\/p>\n\n\n<div class=\"wp-block-image\">\n<figure class=\"aligncenter size-large\"><img decoding=\"async\" src=\"data:image\/gif;base64,R0lGODlhAQABAIAAAAAAAP\/\/\/yH5BAEAAAAALAAAAAABAAEAAAIBRAA7\" data-src=\"https:\/\/wncri.org\/fr\/wp-content\/uploads\/2025\/02\/NCRI-Women-Families-of-Death-Row-Political-Prisoners-2-min-1024x576.jpg\" alt=\"es familles des prisonniers politiques condamn\u00e9s \u00e0 mort se rassemblent devant la prison d'Evin\" class=\"wp-image-21805 lazyload\"\/><noscript><img decoding=\"async\" width=\"1024\" height=\"576\" src=\"https:\/\/wncri.org\/fr\/wp-content\/uploads\/2025\/02\/NCRI-Women-Families-of-Death-Row-Political-Prisoners-2-min-1024x576.jpg\" alt=\"es familles des prisonniers politiques condamn\u00e9s \u00e0 mort se rassemblent devant la prison d'Evin\" class=\"wp-image-21805 lazyload\" srcset=\"https:\/\/wncri.org\/fr\/wp-content\/uploads\/2025\/02\/NCRI-Women-Families-of-Death-Row-Political-Prisoners-2-min-1024x576.jpg 1024w, https:\/\/wncri.org\/fr\/wp-content\/uploads\/2025\/02\/NCRI-Women-Families-of-Death-Row-Political-Prisoners-2-min-300x169.jpg 300w, https:\/\/wncri.org\/fr\/wp-content\/uploads\/2025\/02\/NCRI-Women-Families-of-Death-Row-Political-Prisoners-2-min-768x432.jpg 768w, https:\/\/wncri.org\/fr\/wp-content\/uploads\/2025\/02\/NCRI-Women-Families-of-Death-Row-Political-Prisoners-2-min-750x422.jpg 750w, https:\/\/wncri.org\/fr\/wp-content\/uploads\/2025\/02\/NCRI-Women-Families-of-Death-Row-Political-Prisoners-2-min-1140x641.jpg 1140w, https:\/\/wncri.org\/fr\/wp-content\/uploads\/2025\/02\/NCRI-Women-Families-of-Death-Row-Political-Prisoners-2-min.jpg 1200w\" sizes=\"(max-width: 1024px) 100vw, 1024px\" \/><\/noscript><\/figure>\n<\/div>\n\n\n<h3 class=\"wp-block-heading\"><strong>Un mouvement croissant contre les ex\u00e9cutions<\/strong><\/h3>\n\n\n\n<p>Le m\u00eame jour, le mardi 4 f\u00e9vrier 2025, la <a href=\"https:\/\/wncri.org\/fr\/2025\/01\/22\/les-mardis-contre-les-executions-2\/\" target=\"_blank\" rel=\"noreferrer noopener\">campagne \u00ab Non \u00e0 l&#8217;ex\u00e9cution \u00bb<\/a> a marqu\u00e9 sa 54e semaine cons\u00e9cutive, des prisonniers de tout l&#8217;Iran se joignant au mouvement par des gr\u00e8ves de la faim. Cette campagne s&#8217;est maintenant \u00e9tendue \u00e0 35 prisons, dont le quartier des femmes de la prison d&#8217;Evin, la prison de Lakan \u00e0 Rasht et la prison d&#8217;Adelabad \u00e0 Chiraz, o\u00f9 les d\u00e9tenus participent activement.<\/p>\n\n\n\n<h3 class=\"wp-block-heading\"><strong>Dans leur derni\u00e8re d\u00e9claration, les prisonniers ont d\u00e9clar\u00e9<\/strong><\/h3>\n\n\n\n<p>La campagne \u00ab Non \u00e0 l&#8217;ex\u00e9cution \u00bb et les gr\u00e8ves de la faim des prisonniers du mardi se transforment en un mouvement national qui se renforce chaque semaine. Puisse cette campagne constituer une petite contribution \u00e0 la lutte pour la libert\u00e9, la justice et la fin de la corruption et de la discrimination dans notre patrie captive \u00bb.<\/p>\n","protected":false},"excerpt":{"rendered":"<p>Un appel \u00e0 l&#8217;arr\u00eat des ex\u00e9cutions Le mardi 4 f\u00e9vrier 2025, les familles des prisonniers politiques condamn\u00e9s \u00e0 mort se sont rassembl\u00e9es devant la prison d&#8217;Evin pour demander l&#8217;annulation de la condamnation \u00e0 mort de leurs proches. Brandissant des photographies de leurs proches emprisonn\u00e9s, les familles de prisonniers politiques condamn\u00e9s \u00e0 mort ont \u00e9lev\u00e9 la [&hellip;]<\/p>\n","protected":false},"author":4,"featured_media":21804,"comment_status":"closed","ping_status":"closed","sticky":false,"template":"","format":"standard","meta":{"jnews-multi-image_gallery":[],"jnews_single_post":{"format":"standard"},"jnews_primary_category":[],"jnews_social_meta":[],"jnews_override_counter":[],"footnotes":""},"categories":[3],"tags":[369,370],"class_list":["post-21803","post","type-post","status-publish","format-standard","has-post-thumbnail","hentry","category-infos-des-femmes","tag-manifestations","tag-prisonnieres"],"_links":{"self":[{"href":"https:\/\/wncri.org\/fr\/wp-json\/wp\/v2\/posts\/21803","targetHints":{"allow":["GET"]}}],"collection":[{"href":"https:\/\/wncri.org\/fr\/wp-json\/wp\/v2\/posts"}],"about":[{"href":"https:\/\/wncri.org\/fr\/wp-json\/wp\/v2\/types\/post"}],"author":[{"embeddable":true,"href":"https:\/\/wncri.org\/fr\/wp-json\/wp\/v2\/users\/4"}],"replies":[{"embeddable":true,"href":"https:\/\/wncri.org\/fr\/wp-json\/wp\/v2\/comments?post=21803"}],"version-history":[{"count":1,"href":"https:\/\/wncri.org\/fr\/wp-json\/wp\/v2\/posts\/21803\/revisions"}],"predecessor-version":[{"id":21806,"href":"https:\/\/wncri.org\/fr\/wp-json\/wp\/v2\/posts\/21803\/revisions\/21806"}],"wp:featuredmedia":[{"embeddable":true,"href":"https:\/\/wncri.org\/fr\/wp-json\/wp\/v2\/media\/21804"}],"wp:attachment":[{"href":"https:\/\/wncri.org\/fr\/wp-json\/wp\/v2\/media?parent=21803"}],"wp:term":[{"taxonomy":"category","embeddable":true,"href":"https:\/\/wncri.org\/fr\/wp-json\/wp\/v2\/categories?post=21803"},{"taxonomy":"post_tag","embeddable":true,"href":"https:\/\/wncri.org\/fr\/wp-json\/wp\/v2\/tags?post=21803"}],"curies":[{"name":"wp","href":"https:\/\/api.w.org\/{rel}","templated":true}]}}