{"id":21753,"date":"2025-01-27T23:38:25","date_gmt":"2025-01-27T22:38:25","guid":{"rendered":"https:\/\/wncri.org\/fr\/?p=21753"},"modified":"2025-01-27T23:38:28","modified_gmt":"2025-01-27T22:38:28","slug":"la-militante-kurde-parvin-advaei","status":"publish","type":"post","link":"https:\/\/wncri.org\/fr\/2025\/01\/27\/la-militante-kurde-parvin-advaei\/","title":{"rendered":"La militante kurde des droits des femmes Parvin Advaei arr\u00eat\u00e9e et transf\u00e9r\u00e9e dans un lieu inconnu"},"content":{"rendered":"\n<h4 class=\"wp-block-heading\">Le lundi 20 janvier 2025, Parvin Advaei, militante kurde des droits des femmes et ancienne prisonni\u00e8re politique, a \u00e9t\u00e9 arr\u00eat\u00e9e apr\u00e8s avoir \u00e9t\u00e9 convoqu\u00e9e au D\u00e9partement des renseignements \u00e0 Marivan. Elle a depuis \u00e9t\u00e9 transf\u00e9r\u00e9e dans un lieu non divulgu\u00e9.<\/h4>\n\n\n\n<p>Une semaine apr\u00e8s son arrestation, aucune information pr\u00e9cise n&#8217;est disponible concernant les raisons de sa d\u00e9tention, les charges retenues contre elle ou le lieu o\u00f9 elle se trouve.<\/p>\n\n\n\n<p>Ce n&#8217;est pas la premi\u00e8re fois que Parvin Advaei est arr\u00eat\u00e9e. Le 27 juillet 2019, elle a \u00e9t\u00e9 arr\u00eat\u00e9e par les forces du d\u00e9partement du renseignement de <a href=\"https:\/\/en.wikipedia.org\/wiki\/Marivan\" target=\"_blank\" rel=\"noreferrer noopener\">Marivan<\/a>. Apr\u00e8s 3 mois d&#8217;emprisonnement, elle a \u00e9t\u00e9 lib\u00e9r\u00e9e contre une lourde caution de 5 milliards de rials. Le tribunal r\u00e9volutionnaire de Marivan l&#8217;a ensuite condamn\u00e9e \u00e0 5 ans de prison pour appartenance pr\u00e9sum\u00e9e au Parti de la vie libre du Kurdistan (PJAK). La peine a ensuite \u00e9t\u00e9 r\u00e9duite \u00e0 deux ans par la cour d&#8217;appel provinciale.<\/p>\n\n\n\n<p>Parvin Advaei a \u00e9t\u00e9 de nouveau arr\u00eat\u00e9e le 30 janvier 2020 pour purger sa peine de 2 ans de prison et a \u00e9t\u00e9 transf\u00e9r\u00e9e au <a href=\"https:\/\/wncri.org\/fr\/2024\/12\/26\/la-prison-de-sanandadj-quartier-des-femmes\/\" target=\"_blank\" rel=\"noreferrer noopener\">centre correctionnel de Sanandadj<\/a>. Le 6 avril 2020, apr\u00e8s avoir purg\u00e9 environ 6 mois de sa peine, elle a \u00e9t\u00e9 lib\u00e9r\u00e9e dans le cadre de l&#8217;initiative d&#8217;amnistie de Norouz.<\/p>\n\n\n\n<p>Sa r\u00e9cente d\u00e9tention suscite de vives inqui\u00e9tudes quant au ciblage des militantes kurdes et des d\u00e9fenseurs des droits des femmes en Iran, d&#8217;autant plus que <a href=\"https:\/\/wncri.org\/fr\/2023\/11\/10\/ou-sont-pakhshan-azizi\/\" target=\"_blank\" rel=\"noreferrer noopener\">Pakhshan Azizi et Varisha Moradi,<\/a> toutes deux accus\u00e9es d&#8217;\u00eatre membres du PJAK, ont \u00e9t\u00e9 condamn\u00e9es \u00e0 la peine de mort.<\/p>\n","protected":false},"excerpt":{"rendered":"<p>Le lundi 20 janvier 2025, Parvin Advaei, militante kurde des droits des femmes et ancienne prisonni\u00e8re politique, a \u00e9t\u00e9 arr\u00eat\u00e9e apr\u00e8s avoir \u00e9t\u00e9 convoqu\u00e9e au D\u00e9partement des renseignements \u00e0 Marivan. Elle a depuis \u00e9t\u00e9 transf\u00e9r\u00e9e dans un lieu non divulgu\u00e9. Une semaine apr\u00e8s son arrestation, aucune information pr\u00e9cise n&#8217;est disponible concernant les raisons de sa [&hellip;]<\/p>\n","protected":false},"author":4,"featured_media":21754,"comment_status":"closed","ping_status":"closed","sticky":false,"template":"","format":"standard","meta":{"jnews-multi-image_gallery":[],"jnews_single_post":{"format":"standard"},"jnews_primary_category":[],"jnews_social_meta":[],"jnews_override_counter":[],"footnotes":""},"categories":[3],"tags":[370,376],"class_list":["post-21753","post","type-post","status-publish","format-standard","has-post-thumbnail","hentry","category-infos-des-femmes","tag-prisonnieres","tag-violence-contre-les-femmes"],"_links":{"self":[{"href":"https:\/\/wncri.org\/fr\/wp-json\/wp\/v2\/posts\/21753","targetHints":{"allow":["GET"]}}],"collection":[{"href":"https:\/\/wncri.org\/fr\/wp-json\/wp\/v2\/posts"}],"about":[{"href":"https:\/\/wncri.org\/fr\/wp-json\/wp\/v2\/types\/post"}],"author":[{"embeddable":true,"href":"https:\/\/wncri.org\/fr\/wp-json\/wp\/v2\/users\/4"}],"replies":[{"embeddable":true,"href":"https:\/\/wncri.org\/fr\/wp-json\/wp\/v2\/comments?post=21753"}],"version-history":[{"count":1,"href":"https:\/\/wncri.org\/fr\/wp-json\/wp\/v2\/posts\/21753\/revisions"}],"predecessor-version":[{"id":21755,"href":"https:\/\/wncri.org\/fr\/wp-json\/wp\/v2\/posts\/21753\/revisions\/21755"}],"wp:featuredmedia":[{"embeddable":true,"href":"https:\/\/wncri.org\/fr\/wp-json\/wp\/v2\/media\/21754"}],"wp:attachment":[{"href":"https:\/\/wncri.org\/fr\/wp-json\/wp\/v2\/media?parent=21753"}],"wp:term":[{"taxonomy":"category","embeddable":true,"href":"https:\/\/wncri.org\/fr\/wp-json\/wp\/v2\/categories?post=21753"},{"taxonomy":"post_tag","embeddable":true,"href":"https:\/\/wncri.org\/fr\/wp-json\/wp\/v2\/tags?post=21753"}],"curies":[{"name":"wp","href":"https:\/\/api.w.org\/{rel}","templated":true}]}}