{"id":21734,"date":"2025-01-22T17:46:57","date_gmt":"2025-01-22T16:46:57","guid":{"rendered":"https:\/\/wncri.org\/fr\/?p=21734"},"modified":"2025-01-22T19:29:09","modified_gmt":"2025-01-22T18:29:09","slug":"les-mardis-contre-les-executions-2","status":"publish","type":"post","link":"https:\/\/wncri.org\/fr\/2025\/01\/22\/les-mardis-contre-les-executions-2\/","title":{"rendered":"La campagne \u00ab Les mardis contre les ex\u00e9cutions \u00bb f\u00eate son premier anniversaire"},"content":{"rendered":"\n<h4 class=\"wp-block-heading\">Le mardi 21 janvier, la <a href=\"https:\/\/wncri.org\/fr\/2024\/11\/13\/non-aux-mardis-de-lexecution-2\/\" target=\"_blank\" rel=\"noreferrer noopener\">campagne<\/a> \u00ab Les mardis contre les ex\u00e9cutions \u00bb a f\u00eat\u00e9 son premier anniversaire. Cette initiative h\u00e9ro\u00efque, qui en est \u00e0 sa 52e semaine, s&#8217;est \u00e9tendue \u00e0 34 prisons en Iran. La semaine derni\u00e8re, le quartier des femmes de la prison d&#8217;Adelabad \u00e0 Chiraz a rejoint la campagne.<\/h4>\n\n\n\n<p>Lanc\u00e9e le 29 janvier 2024 par des d\u00e9tenus de la prison de Ghezel Hesar, la campagne \u00ab Les mardis contre les ex\u00e9cutions \u00bb est n\u00e9e en r\u00e9action au recours excessif \u00e0 la peine de mort par le r\u00e9gime iranien.<\/p>\n\n\n\n<p>Au cours de l&#8217;ann\u00e9e \u00e9coul\u00e9e, le mouvement a b\u00e9n\u00e9fici\u00e9 d&#8217;un large soutien. En plus de s&#8217;\u00e9tendre aux prisons du pays, <a href=\"https:\/\/iran-hrm.com\/2024\/12\/10\/1500-prominent-international-figures-support-the-no-to-execution-call-in-iran\/\" target=\"_blank\" rel=\"noreferrer noopener\">plus de 3 000 dirigeants, personnalit\u00e9s publiques<\/a> et repr\u00e9sentants du monde entier ont exprim\u00e9 leur solidarit\u00e9. Les syndicats d&#8217;enseignants de diverses provinces, bien que confront\u00e9s \u00e0 d&#8217;intenses pressions s\u00e9curitaires, ont courageusement soutenu la campagne, scandant \u00ab Non aux ex\u00e9cutions \u00bb lors de leurs rassemblements hebdomadaires. Les religieux kurdes des villes du Kurdistan ont \u00e9galement condamn\u00e9 publiquement les ex\u00e9cutions.<\/p>\n\n\n\n<p>Dans une d\u00e9claration marquant la 52e semaine de la campagne, les organisateurs ont r\u00e9it\u00e9r\u00e9 leur message principal :<\/p>\n\n\n\n<p>\u00ab La campagne condamne toutes les condamnations \u00e0 mort, quelles que soient les accusations ou les convictions des prisonniers, et affirme une fois de plus que la peine de mort est inhumaine et doit \u00eatre abolie. Le r\u00e9gime despotique iranien se sert de pr\u00e9textes \u00ab religieux et juridiques \u00bb \u00e9go\u00efstes pour r\u00e9primer la soci\u00e9t\u00e9 par des ex\u00e9cutions. Il est essentiel de s&#8217;opposer \u00e0 la peine de mort en tant que pratique inhumaine et d&#8217;\u00e9liminer les conditions qui favorisent la criminalit\u00e9, qui sont souvent cr\u00e9\u00e9es par le r\u00e9gime lui-m\u00eame.<\/p>\n\n\n\n<p>Les membres de la campagne ont exprim\u00e9 leur gratitude pour le soutien du public et ont annonc\u00e9 leur soutien \u00e0 une gr\u00e8ve g\u00e9n\u00e9rale au Kurdistan contre les ex\u00e9cutions mercredi. Ils ont appel\u00e9 tout le monde \u00e0 se joindre \u00e0 cette gr\u00e8ve et ont encourag\u00e9 tous les prisonniers dans les diff\u00e9rents \u00e9tablissements \u00e0 s&#8217;unir \u00e0 la campagne \u00ab Les mardis contre les ex\u00e9cutions \u00bb pour d\u00e9fendre collectivement le droit \u00e0 la vie des condamn\u00e9s \u00e0 mort.<\/p>\n\n\n\n<p>Le mardi 21 janvier 2025, au cours de sa 52\u1d49 semaine, la campagne \u00ab Les mardis contre les ex\u00e9cutions \u00bb a vu des gr\u00e8ves de la faim dans 34 prisons, y compris la prison d&#8217;\u00c9vine (quartiers des femmes, quartiers 4 et 8), la prison de Ghezel Hesar (unit\u00e9s 3 et 4), la prison centrale de Karadj, la prison de Grande T\u00e9h\u00e9ran, la prison de Khorine Varamine, la prison d&#8217;Arak, la prison de Khorramabad, la prison d&#8217;Asadabad \u00e0 Ispahan, la prison de Dastgerd \u00e0 Ispahan, la prison de Sheiban \u00e0 Ahvaz, la prison de Nezam \u00e0 Chiraz, la prison d\u2019Adelabad \u00e0 Chiraz (quartiers des femmes et des hommes), la prison de Borazdjan, la prison de Bam, la prison de Kahnoudj, la prison de Tabas, la prison de Joveyn, la prison de Mechhed, la prison de Qaemchahr, la prison de Lakan \u00e0 Racht (quartiers des femmes et des hommes), la prison de Roudsar, la prison de Haviq Talesh, la prison d\u2019Ardabil, la prison de Tabriz, la prison d\u2019Oroumieh, la prison de Salmas, la prison de Khoy, la prison de Naqadeh, la prison de Saqqez, la prison de Baneh, la prison de Marivan et la prison de Kamyaran.<\/p>\n","protected":false},"excerpt":{"rendered":"<p>Le mardi 21 janvier, la campagne \u00ab Les mardis contre les ex\u00e9cutions \u00bb a f\u00eat\u00e9 son premier anniversaire. Cette initiative h\u00e9ro\u00efque, qui en est \u00e0 sa 52e semaine, s&#8217;est \u00e9tendue \u00e0 34 prisons en Iran. La semaine derni\u00e8re, le quartier des femmes de la prison d&#8217;Adelabad \u00e0 Chiraz a rejoint la campagne. Lanc\u00e9e le 29 [&hellip;]<\/p>\n","protected":false},"author":4,"featured_media":21736,"comment_status":"closed","ping_status":"closed","sticky":false,"template":"","format":"standard","meta":{"jnews-multi-image_gallery":[],"jnews_single_post":{"format":"standard"},"jnews_primary_category":[],"jnews_social_meta":[],"jnews_override_counter":[],"footnotes":""},"categories":[3],"tags":[367,370],"class_list":["post-21734","post","type-post","status-publish","format-standard","has-post-thumbnail","hentry","category-infos-des-femmes","tag-execution","tag-prisonnieres"],"_links":{"self":[{"href":"https:\/\/wncri.org\/fr\/wp-json\/wp\/v2\/posts\/21734","targetHints":{"allow":["GET"]}}],"collection":[{"href":"https:\/\/wncri.org\/fr\/wp-json\/wp\/v2\/posts"}],"about":[{"href":"https:\/\/wncri.org\/fr\/wp-json\/wp\/v2\/types\/post"}],"author":[{"embeddable":true,"href":"https:\/\/wncri.org\/fr\/wp-json\/wp\/v2\/users\/4"}],"replies":[{"embeddable":true,"href":"https:\/\/wncri.org\/fr\/wp-json\/wp\/v2\/comments?post=21734"}],"version-history":[{"count":3,"href":"https:\/\/wncri.org\/fr\/wp-json\/wp\/v2\/posts\/21734\/revisions"}],"predecessor-version":[{"id":21738,"href":"https:\/\/wncri.org\/fr\/wp-json\/wp\/v2\/posts\/21734\/revisions\/21738"}],"wp:featuredmedia":[{"embeddable":true,"href":"https:\/\/wncri.org\/fr\/wp-json\/wp\/v2\/media\/21736"}],"wp:attachment":[{"href":"https:\/\/wncri.org\/fr\/wp-json\/wp\/v2\/media?parent=21734"}],"wp:term":[{"taxonomy":"category","embeddable":true,"href":"https:\/\/wncri.org\/fr\/wp-json\/wp\/v2\/categories?post=21734"},{"taxonomy":"post_tag","embeddable":true,"href":"https:\/\/wncri.org\/fr\/wp-json\/wp\/v2\/tags?post=21734"}],"curies":[{"name":"wp","href":"https:\/\/api.w.org\/{rel}","templated":true}]}}