{"id":21726,"date":"2025-01-20T11:00:00","date_gmt":"2025-01-20T10:00:00","guid":{"rendered":"https:\/\/wncri.org\/fr\/?p=21726"},"modified":"2025-01-21T00:07:02","modified_gmt":"2025-01-20T23:07:02","slug":"les-militantes-des-droits-des-femmes","status":"publish","type":"post","link":"https:\/\/wncri.org\/fr\/2025\/01\/20\/les-militantes-des-droits-des-femmes\/","title":{"rendered":"Escalade de la r\u00e9pression : Les militantes des droits des femmes et les prisonni\u00e8res politiques menac\u00e9es en Iran"},"content":{"rendered":"\n<h4 class=\"wp-block-heading\">Le r\u00e9gime cl\u00e9rical a intensifi\u00e9 sa r\u00e9pression \u00e0 l&#8217;encontre des militantes des droits des femmes et des prisonniers politiques, en proc\u00e9dant \u00e0 des arrestations, \u00e0 des d\u00e9tentions prolong\u00e9es et \u00e0 des condamnations s\u00e9v\u00e8res. <\/h4>\n\n\n\n<p>Parmi les cas illustrant cette r\u00e9pression, on peut citer l&#8217;arrestation violente d&#8217;Aida Amouei, militante des droits de la femme et entra\u00eeneuse de taekwondo \u00e0 <a href=\"https:\/\/fr.wikipedia.org\/wiki\/Sanandadj\" target=\"_blank\" rel=\"noreferrer noopener\">Sanandadj<\/a> ; l&#8217;incertitude prolong\u00e9e \u00e0 laquelle est confront\u00e9e la physicienne Elnaz Ahmadi, d\u00e9tenue depuis pr\u00e8s de 3 mois \u00e0 la prison d&#8217;Evin ; et le refus d&#8217;un nouveau proc\u00e8s pour la prisonni\u00e8re politique Mahnaz Tarah, qui reste incarc\u00e9r\u00e9e dans des conditions tr\u00e8s difficiles. Ces cas soulignent les efforts continus du r\u00e9gime pour faire taire les opposantes et \u00e9touffer l&#8217;action en faveur de la libert\u00e9 et de la justice.<\/p>\n\n\n\n<h3 class=\"wp-block-heading\"><strong>Aida Amouei, 40 ans, m\u00e8re de deux enfants, arr\u00eat\u00e9e \u00e0 Sanandadj<\/strong><\/h3>\n\n\n\n<p>Dans la soir\u00e9e du vendredi 17 janvier 2025, Aida Amouei, militante des droits des femmes dans la ville de Sanandadj, a \u00e9t\u00e9 arr\u00eat\u00e9e par des agents du minist\u00e8re des renseignements et transf\u00e9r\u00e9e dans un lieu non divulgu\u00e9. Au moment de la r\u00e9daction du pr\u00e9sent article, aucune information n&#8217;a \u00e9t\u00e9 communiqu\u00e9e sur les raisons de son arrestation ni sur le lieu o\u00f9 elle se trouve.<\/p>\n\n\n\n<p>Aida Amouei, 40 ans, mari\u00e9e et m\u00e8re de deux enfants, a \u00e9t\u00e9 plac\u00e9e en garde \u00e0 vue sur son lieu de travail, un club de taekwondo, sans aucun mandat judiciaire. L&#8217;arrestation a \u00e9t\u00e9 effectu\u00e9e par la force.<\/p>\n\n\n\n<p>Aida Amouei est une entra\u00eeneuse de taekwondo qui a cess\u00e9 ses activit\u00e9s en ligne sous la pression et les menaces du minist\u00e8re des renseignements. Au cours du mois dernier, elle a \u00e9t\u00e9 menac\u00e9e \u00e0 plusieurs reprises par des agents des services des renseignements par le biais d&#8217;appels t\u00e9l\u00e9phoniques.<\/p>\n\n\n\n<h3 class=\"wp-block-heading\"><strong>Trois mois d&#8217;incertitude pour le physicien d\u00e9tenu Elnaz Ahmadi<\/strong><\/h3>\n\n\n\n<p>Pr\u00e8s de 3 mois se sont \u00e9coul\u00e9s depuis l&#8217;arrestation d&#8217;Elnaz Ahmadi et l&#8217;incertitude qui continue de r\u00e9gner autour d&#8217;elle. Elle a d&#8217;abord \u00e9t\u00e9 d\u00e9tenue par des agents des services des renseignements et transf\u00e9r\u00e9e au quartier 209 de la prison d&#8217;Evin, o\u00f9 elle a pass\u00e9 pr\u00e8s de deux mois. Le 29 d\u00e9cembre 2024, elle a \u00e9t\u00e9 transf\u00e9r\u00e9e dans le quartier des femmes de la prison d&#8217;Evin. Cependant, elle continue d&#8217;\u00eatre conduite quotidiennement au quartier 209 pour plusieurs heures d&#8217;interrogatoire avant d&#8217;\u00eatre renvoy\u00e9e dans le quartier o\u00f9 elle se trouve.<\/p>\n\n\n\n<p>Elnaz Ahmadi est \u00e2g\u00e9e de 40 ans et titulaire d&#8217;un doctorat en physique.<\/p>\n\n\n\n<p>Les charges retenues contre Elnaz Ahmadi sont \u00ab rassemblement et collusion \u00bb et \u00ab propagande contre le r\u00e9gime \u00bb. Malgr\u00e9 ces accusations, les autorit\u00e9s judiciaires et p\u00e9nitentiaires n&#8217;ont pas programm\u00e9 de proc\u00e8s ni fix\u00e9 de date pour son audition. Pr\u00e8s de 3 mois apr\u00e8s son arrestation, elle est toujours dans l&#8217;incertitude.<\/p>\n\n\n<div class=\"wp-block-image\">\n<figure class=\"aligncenter size-large\"><img decoding=\"async\" src=\"data:image\/gif;base64,R0lGODlhAQABAIAAAAAAAP\/\/\/yH5BAEAAAAALAAAAAABAAEAAAIBRAA7\" data-src=\"https:\/\/wncri.org\/fr\/wp-content\/uploads\/2023\/11\/Mahnaz-Tarrah-min-1024x512.jpg\" alt=\"Mahnaz Tarrah et Shaqayeq Moradi violemment arr\u00eat\u00e9es \u00e0 T\u00e9h\u00e9ran\" class=\"wp-image-19302 lazyload\"\/><noscript><img decoding=\"async\" width=\"1024\" height=\"512\" src=\"https:\/\/wncri.org\/fr\/wp-content\/uploads\/2023\/11\/Mahnaz-Tarrah-min-1024x512.jpg\" alt=\"Mahnaz Tarrah et Shaqayeq Moradi violemment arr\u00eat\u00e9es \u00e0 T\u00e9h\u00e9ran\" class=\"wp-image-19302 lazyload\" srcset=\"https:\/\/wncri.org\/fr\/wp-content\/uploads\/2023\/11\/Mahnaz-Tarrah-min-1024x512.jpg 1024w, https:\/\/wncri.org\/fr\/wp-content\/uploads\/2023\/11\/Mahnaz-Tarrah-min-300x150.jpg 300w, https:\/\/wncri.org\/fr\/wp-content\/uploads\/2023\/11\/Mahnaz-Tarrah-min-768x384.jpg 768w, https:\/\/wncri.org\/fr\/wp-content\/uploads\/2023\/11\/Mahnaz-Tarrah-min-360x180.jpg 360w, https:\/\/wncri.org\/fr\/wp-content\/uploads\/2023\/11\/Mahnaz-Tarrah-min-750x375.jpg 750w, https:\/\/wncri.org\/fr\/wp-content\/uploads\/2023\/11\/Mahnaz-Tarrah-min.jpg 1140w\" sizes=\"(max-width: 1024px) 100vw, 1024px\" \/><\/noscript><figcaption class=\"wp-element-caption\">Mahnaz Tarrah<\/figcaption><\/figure>\n<\/div>\n\n\n<h3 class=\"wp-block-heading\"><strong>La Cour supr\u00eame rejette la demande de nouveau proc\u00e8s de la prisonni\u00e8re politique Mahnaz Tarrah<\/strong><\/h3>\n\n\n\n<p>La branche 9 de la Cour supr\u00eame a rejet\u00e9 une demande de nouveau proc\u00e8s pour Mahnaz Tarrah, une prisonni\u00e8re politique actuellement d\u00e9tenue \u00e0 la prison d&#8217;Evin. En novembre 2024, sa demande de lib\u00e9ration conditionnelle avait \u00e9t\u00e9 rejet\u00e9e \u00e0 la suite de l&#8217;opposition de l&#8217;Organisation des renseignements du Corps des gardiens de la r\u00e9volution (IRGC).<\/p>\n\n\n\n<p>Mahnaz Tarrah a <a href=\"https:\/\/wncri.org\/fr\/2023\/11\/13\/mahnaz-tarrah-shaqayeq-moradi\/\" target=\"_blank\" rel=\"noreferrer noopener\">\u00e9t\u00e9 violemment arr\u00eat\u00e9e<\/a> par les forces de s\u00e9curit\u00e9 le 13 novembre 2023, alors qu&#8217;elle marchait dans une rue de T\u00e9h\u00e9ran. Elle a ensuite \u00e9t\u00e9 transf\u00e9r\u00e9e du centre de d\u00e9tention des services des renseignements, connu sous le nom de quartier 209 de la prison d&#8217;Evin, au quartier des femmes de la prison le 24 novembre 2023.<\/p>\n\n\n\n<p>En janvier 2024, la branche 26 du tribunal r\u00e9volutionnaire de T\u00e9h\u00e9ran l&#8217;a <a href=\"https:\/\/wncri.org\/fr\/2024\/01\/09\/nirvana-torbati-nejad\/\" target=\"_blank\" rel=\"noreferrer noopener\">condamn\u00e9e<\/a> \u00e0 3 ans et 8 mois de prison pour \u00ab rassemblement et collusion en vue de commettre des crimes \u00bb et \u00e0 8 mois suppl\u00e9mentaires pour \u00ab propagande contre le r\u00e9gime \u00bb. Sa peine a ensuite \u00e9t\u00e9 r\u00e9duite \u00e0 2 ans et 9 mois apr\u00e8s qu&#8217;elle se soit oppos\u00e9e \u00e0 la d\u00e9cision du tribunal.<\/p>\n\n\n\n<p>Mahnaz Tarrah a d\u00e9j\u00e0 fait l&#8217;objet d&#8217;actions en justice et d&#8217;actions li\u00e9es \u00e0 la s\u00e9curit\u00e9.<\/p>\n","protected":false},"excerpt":{"rendered":"<p>Le r\u00e9gime cl\u00e9rical a intensifi\u00e9 sa r\u00e9pression \u00e0 l&#8217;encontre des militantes des droits des femmes et des prisonniers politiques, en proc\u00e9dant \u00e0 des arrestations, \u00e0 des d\u00e9tentions prolong\u00e9es et \u00e0 des condamnations s\u00e9v\u00e8res. Parmi les cas illustrant cette r\u00e9pression, on peut citer l&#8217;arrestation violente d&#8217;Aida Amouei, militante des droits de la femme et entra\u00eeneuse de [&hellip;]<\/p>\n","protected":false},"author":4,"featured_media":21727,"comment_status":"closed","ping_status":"closed","sticky":false,"template":"","format":"standard","meta":{"jnews-multi-image_gallery":[],"jnews_single_post":{"format":"standard"},"jnews_primary_category":[],"jnews_social_meta":[],"jnews_override_counter":[],"footnotes":""},"categories":[3],"tags":[370],"class_list":["post-21726","post","type-post","status-publish","format-standard","has-post-thumbnail","hentry","category-infos-des-femmes","tag-prisonnieres"],"_links":{"self":[{"href":"https:\/\/wncri.org\/fr\/wp-json\/wp\/v2\/posts\/21726","targetHints":{"allow":["GET"]}}],"collection":[{"href":"https:\/\/wncri.org\/fr\/wp-json\/wp\/v2\/posts"}],"about":[{"href":"https:\/\/wncri.org\/fr\/wp-json\/wp\/v2\/types\/post"}],"author":[{"embeddable":true,"href":"https:\/\/wncri.org\/fr\/wp-json\/wp\/v2\/users\/4"}],"replies":[{"embeddable":true,"href":"https:\/\/wncri.org\/fr\/wp-json\/wp\/v2\/comments?post=21726"}],"version-history":[{"count":1,"href":"https:\/\/wncri.org\/fr\/wp-json\/wp\/v2\/posts\/21726\/revisions"}],"predecessor-version":[{"id":21728,"href":"https:\/\/wncri.org\/fr\/wp-json\/wp\/v2\/posts\/21726\/revisions\/21728"}],"wp:featuredmedia":[{"embeddable":true,"href":"https:\/\/wncri.org\/fr\/wp-json\/wp\/v2\/media\/21727"}],"wp:attachment":[{"href":"https:\/\/wncri.org\/fr\/wp-json\/wp\/v2\/media?parent=21726"}],"wp:term":[{"taxonomy":"category","embeddable":true,"href":"https:\/\/wncri.org\/fr\/wp-json\/wp\/v2\/categories?post=21726"},{"taxonomy":"post_tag","embeddable":true,"href":"https:\/\/wncri.org\/fr\/wp-json\/wp\/v2\/tags?post=21726"}],"curies":[{"name":"wp","href":"https:\/\/api.w.org\/{rel}","templated":true}]}}