{"id":21722,"date":"2025-01-19T15:08:19","date_gmt":"2025-01-19T14:08:19","guid":{"rendered":"https:\/\/wncri.org\/fr\/?p=21722"},"modified":"2025-01-19T15:08:21","modified_gmt":"2025-01-19T14:08:21","slug":"zeinab-jalalian-soins-medicaux-2","status":"publish","type":"post","link":"https:\/\/wncri.org\/fr\/2025\/01\/19\/zeinab-jalalian-soins-medicaux-2\/","title":{"rendered":"Zeinab Jalalian : Refus de soins m\u00e9dicaux et plus de 100 jours sans visite de sa famille"},"content":{"rendered":"\n<h4 class=\"wp-block-heading\">Zeinab Jalalian, prisonni\u00e8re politique purgeant une peine \u00e0 perp\u00e9tuit\u00e9, continue de subir son incarc\u00e9ration \u00e0 la prison de Yazd dans des conditions difficiles, sans avoir acc\u00e8s \u00e0 des soins m\u00e9dicaux sp\u00e9cialis\u00e9s.<\/h4>\n\n\n\n<p>Cette prisonni\u00e8re politique kurde, exil\u00e9e \u00e0 la prison de <a href=\"https:\/\/fr.wikipedia.org\/wiki\/Yazd\" target=\"_blank\" rel=\"noreferrer noopener\">Yazd<\/a> en violation du principe de s\u00e9paration des d\u00e9lits, n&#8217;a pas pu rendre visite \u00e0 sa famille depuis plus de 100 jours.<\/p>\n\n\n\n<p>Zeinab Jalalian souffre de probl\u00e8mes r\u00e9naux, gastro-intestinaux et oculaires. Cependant, en raison de l&#8217;obstruction des responsables de la prison, elle s&#8217;est vue <a href=\"https:\/\/wncri.org\/fr\/2024\/11\/03\/la-prisonniere-politique-zeinab-jalalian\/\" target=\"_blank\" rel=\"noreferrer noopener\">refuser un traitement m\u00e9dical ad\u00e9quat<\/a> et coh\u00e9rent. Les autorit\u00e9s p\u00e9nitentiaires ont refus\u00e9 de lui communiquer les r\u00e9sultats des examens m\u00e9dicaux et des examens d&#8217;imagerie effectu\u00e9s fin octobre, interrompant de fait son traitement. De plus, conform\u00e9ment aux ordres du minist\u00e8re des Renseignements, elle est priv\u00e9e de visites familiales depuis le 22 septembre 2024 &#8211; une interdiction qui persiste des mois plus tard.<\/p>\n\n\n\n<p>Zeinab Jalalian a \u00e9t\u00e9 <a href=\"https:\/\/wncri.org\/fr\/2024\/02\/26\/zeinab-jalalian\/\" target=\"_blank\" rel=\"noreferrer noopener\">arr\u00eat\u00e9e en 2007<\/a> et condamn\u00e9e en 2009 \u00e0 un an de prison pour franchissement ill\u00e9gal de la fronti\u00e8re. En outre, elle a \u00e9t\u00e9 condamn\u00e9e \u00e0 mort pour \u00ab inimiti\u00e9 \u00e0 l&#8217;\u00e9gard de Dieu \u00bb en raison de son appartenance pr\u00e9sum\u00e9e \u00e0 des groupes d&#8217;opposition. Sa condamnation \u00e0 mort a \u00e9t\u00e9 confirm\u00e9e par la cour d&#8217;appel et la Cour supr\u00eame, mais a ensuite \u00e9t\u00e9 commu\u00e9e en peine de prison \u00e0 perp\u00e9tuit\u00e9.<\/p>\n\n\n\n<p>Elle a d\u00e9clar\u00e9 \u00e0 plusieurs reprises qu&#8217;au cours de sa d\u00e9tention, elle avait \u00e9t\u00e9 soumise \u00e0 de <a href=\"https:\/\/wncri.org\/fr\/2022\/01\/12\/zeinab-jalalian-detenue-depuis-530-jours-au-secret\/\" target=\"_blank\" rel=\"noreferrer noopener\">graves tortures<\/a>, notamment des coups de fouet sur la plante des pieds, des coups de poing dans l&#8217;estomac, des coups de t\u00eate contre les murs et des menaces d&#8217;agression sexuelle. Mme Jalalian en est maintenant \u00e0 sa 17e ann\u00e9e d&#8217;emprisonnement.<\/p>\n","protected":false},"excerpt":{"rendered":"<p>Zeinab Jalalian, prisonni\u00e8re politique purgeant une peine \u00e0 perp\u00e9tuit\u00e9, continue de subir son incarc\u00e9ration \u00e0 la prison de Yazd dans des conditions difficiles, sans avoir acc\u00e8s \u00e0 des soins m\u00e9dicaux sp\u00e9cialis\u00e9s. Cette prisonni\u00e8re politique kurde, exil\u00e9e \u00e0 la prison de Yazd en violation du principe de s\u00e9paration des d\u00e9lits, n&#8217;a pas pu rendre visite \u00e0 [&hellip;]<\/p>\n","protected":false},"author":4,"featured_media":21566,"comment_status":"closed","ping_status":"closed","sticky":false,"template":"","format":"standard","meta":{"jnews-multi-image_gallery":[],"jnews_single_post":{"format":"standard"},"jnews_primary_category":[],"jnews_social_meta":[],"jnews_override_counter":[],"footnotes":""},"categories":[3],"tags":[370,376],"class_list":["post-21722","post","type-post","status-publish","format-standard","has-post-thumbnail","hentry","category-infos-des-femmes","tag-prisonnieres","tag-violence-contre-les-femmes"],"_links":{"self":[{"href":"https:\/\/wncri.org\/fr\/wp-json\/wp\/v2\/posts\/21722","targetHints":{"allow":["GET"]}}],"collection":[{"href":"https:\/\/wncri.org\/fr\/wp-json\/wp\/v2\/posts"}],"about":[{"href":"https:\/\/wncri.org\/fr\/wp-json\/wp\/v2\/types\/post"}],"author":[{"embeddable":true,"href":"https:\/\/wncri.org\/fr\/wp-json\/wp\/v2\/users\/4"}],"replies":[{"embeddable":true,"href":"https:\/\/wncri.org\/fr\/wp-json\/wp\/v2\/comments?post=21722"}],"version-history":[{"count":1,"href":"https:\/\/wncri.org\/fr\/wp-json\/wp\/v2\/posts\/21722\/revisions"}],"predecessor-version":[{"id":21723,"href":"https:\/\/wncri.org\/fr\/wp-json\/wp\/v2\/posts\/21722\/revisions\/21723"}],"wp:featuredmedia":[{"embeddable":true,"href":"https:\/\/wncri.org\/fr\/wp-json\/wp\/v2\/media\/21566"}],"wp:attachment":[{"href":"https:\/\/wncri.org\/fr\/wp-json\/wp\/v2\/media?parent=21722"}],"wp:term":[{"taxonomy":"category","embeddable":true,"href":"https:\/\/wncri.org\/fr\/wp-json\/wp\/v2\/categories?post=21722"},{"taxonomy":"post_tag","embeddable":true,"href":"https:\/\/wncri.org\/fr\/wp-json\/wp\/v2\/tags?post=21722"}],"curies":[{"name":"wp","href":"https:\/\/api.w.org\/{rel}","templated":true}]}}