{"id":21719,"date":"2025-01-17T23:17:48","date_gmt":"2025-01-17T22:17:48","guid":{"rendered":"https:\/\/wncri.org\/fr\/?p=21719"},"modified":"2025-01-18T23:23:34","modified_gmt":"2025-01-18T22:23:34","slug":"interdiction-prisonnieres-politiques","status":"publish","type":"post","link":"https:\/\/wncri.org\/fr\/2025\/01\/17\/interdiction-prisonnieres-politiques\/","title":{"rendered":"Nouvelle interdiction de visites et d&#8217;appels t\u00e9l\u00e9phoniques pour les prisonni\u00e8res politiques de la prison d&#8217;Evin"},"content":{"rendered":"\n<p>Neuf prisonni\u00e8res politiques de la prison d&#8217;Evin, dont 2 condamn\u00e9es \u00e0 mort &#8211; <a href=\"https:\/\/wncri.org\/fr\/2024\/12\/13\/varisha-moradi-sans-acces-a-un-traitement\/\" target=\"_blank\" rel=\"noreferrer noopener\">Varisha Moradi<\/a> et <a href=\"https:\/\/wncri.org\/fr\/2024\/07\/24\/pakhshan-azizi\/\" target=\"_blank\" rel=\"noreferrer noopener\">Pakhshan Azizi<\/a> &#8211; se sont vu refuser le droit de rendre visite et \u00e0 leurs avocats. En outre, deux autres prisonni\u00e8res ont \u00e9t\u00e9 priv\u00e9es de leur droit de passer des appels t\u00e9l\u00e9phoniques \u00e0 leur famille.<\/p>\n\n\n\n<p>Les prisonni\u00e8res qui n&#8217;ont pas pu recevoir de visites sont les suivants :<\/p>\n\n\n\n<p><a href=\"https:\/\/wncri.org\/fr\/2024\/09\/30\/anisha-assadollahi-2\/\" target=\"_blank\" rel=\"noreferrer noopener\">Anisha Assadollahi<\/a>, <a href=\"https:\/\/wncri.org\/fr\/2023\/07\/02\/golrokh-ebrahimi-iraee-5-ans\/\" target=\"_blank\" rel=\"noreferrer noopener\">Golrokh Iraee<\/a>, <a href=\"https:\/\/wncri.org\/fr\/2023\/05\/24\/vida-rabbani\/\" target=\"_blank\" rel=\"noreferrer noopener\">Vida Rabbani<\/a><a href=\"https:\/\/wncri.org\/fr\/2023\/11\/30\/zahra-safaei-et-ses-enfants\/\" target=\"_blank\" rel=\"noreferrer noopener\">, Zahra Safaei<\/a>, Pakhshan Azizi, <a href=\"https:\/\/wncri.org\/fr\/2024\/07\/19\/prisonniere-politique-elaheh\/\" target=\"_blank\" rel=\"noreferrer noopener\">Elaheh Fouladi<\/a><a href=\"https:\/\/wncri.org\/fr\/2024\/07\/07\/motahareh-gouneii\/\" target=\"_blank\" rel=\"noreferrer noopener\">, Motahareh Gouneii<\/a>, Varisha Moradi et <a href=\"https:\/\/wncri.org\/fr\/2024\/09\/28\/maryam-sadat-yahyavi\/\" target=\"_blank\" rel=\"noreferrer noopener\">Maryam Yahyavi<\/a>.<\/p>\n\n\n\n<p>Ce n&#8217;est pas la premi\u00e8re fois que ces prisonni\u00e8res sont confront\u00e9es \u00e0 de telles restrictions. L&#8217;\u00e9t\u00e9 dernier, elles ont \u00e9t\u00e9 priv\u00e9es de visites pour avoir protest\u00e9 contre la <a href=\"https:\/\/www.amnesty.org\/fr\/what-we-do\/death-penalty\/\" target=\"_blank\" rel=\"noreferrer noopener\">peine de mort<\/a>. Bien que cette interdiction ait finalement \u00e9t\u00e9 lev\u00e9e, une nouvelle restriction a \u00e9t\u00e9 impos\u00e9e le 12 janvier 2025, les emp\u00eachant de rencontrer \u00e0 nouveau leurs familles.<\/p>\n\n\n\n<p>En plus de se voir refuser des visites, les prisonni\u00e8res politiques Maryam Yahyavi et <a href=\"https:\/\/wncri.org\/fr\/2025\/01\/07\/sakineh-parvaneh-privee-dappels\/\" target=\"_blank\" rel=\"noreferrer noopener\">Sakineh Parvaneh<\/a> ont \u00e9galement \u00e9t\u00e9 priv\u00e9es de leur droit de t\u00e9l\u00e9phoner \u00e0 leur famille.<\/p>\n\n\n\n<p>Ce nouveau d\u00e9ni des droits fondamentaux met en \u00e9vidence le traitement s\u00e9v\u00e8re et les mesures punitives dont font l&#8217;objet les prisonniers politiques en Iran.<\/p>\n","protected":false},"excerpt":{"rendered":"<p>Neuf prisonni\u00e8res politiques de la prison d&#8217;Evin, dont 2 condamn\u00e9es \u00e0 mort &#8211; Varisha Moradi et Pakhshan Azizi &#8211; se sont vu refuser le droit de rendre visite et \u00e0 leurs avocats. En outre, deux autres prisonni\u00e8res ont \u00e9t\u00e9 priv\u00e9es de leur droit de passer des appels t\u00e9l\u00e9phoniques \u00e0 leur famille. Les prisonni\u00e8res qui n&#8217;ont [&hellip;]<\/p>\n","protected":false},"author":4,"featured_media":21720,"comment_status":"closed","ping_status":"closed","sticky":false,"template":"","format":"standard","meta":{"jnews-multi-image_gallery":[],"jnews_single_post":{"format":"standard"},"jnews_primary_category":[],"jnews_social_meta":[],"jnews_override_counter":[],"footnotes":""},"categories":[3],"tags":[370,376],"class_list":["post-21719","post","type-post","status-publish","format-standard","has-post-thumbnail","hentry","category-infos-des-femmes","tag-prisonnieres","tag-violence-contre-les-femmes"],"_links":{"self":[{"href":"https:\/\/wncri.org\/fr\/wp-json\/wp\/v2\/posts\/21719","targetHints":{"allow":["GET"]}}],"collection":[{"href":"https:\/\/wncri.org\/fr\/wp-json\/wp\/v2\/posts"}],"about":[{"href":"https:\/\/wncri.org\/fr\/wp-json\/wp\/v2\/types\/post"}],"author":[{"embeddable":true,"href":"https:\/\/wncri.org\/fr\/wp-json\/wp\/v2\/users\/4"}],"replies":[{"embeddable":true,"href":"https:\/\/wncri.org\/fr\/wp-json\/wp\/v2\/comments?post=21719"}],"version-history":[{"count":1,"href":"https:\/\/wncri.org\/fr\/wp-json\/wp\/v2\/posts\/21719\/revisions"}],"predecessor-version":[{"id":21721,"href":"https:\/\/wncri.org\/fr\/wp-json\/wp\/v2\/posts\/21719\/revisions\/21721"}],"wp:featuredmedia":[{"embeddable":true,"href":"https:\/\/wncri.org\/fr\/wp-json\/wp\/v2\/media\/21720"}],"wp:attachment":[{"href":"https:\/\/wncri.org\/fr\/wp-json\/wp\/v2\/media?parent=21719"}],"wp:term":[{"taxonomy":"category","embeddable":true,"href":"https:\/\/wncri.org\/fr\/wp-json\/wp\/v2\/categories?post=21719"},{"taxonomy":"post_tag","embeddable":true,"href":"https:\/\/wncri.org\/fr\/wp-json\/wp\/v2\/tags?post=21719"}],"curies":[{"name":"wp","href":"https:\/\/api.w.org\/{rel}","templated":true}]}}