{"id":21716,"date":"2025-01-15T23:15:01","date_gmt":"2025-01-15T22:15:01","guid":{"rendered":"https:\/\/wncri.org\/fr\/?p=21716"},"modified":"2025-01-18T23:17:35","modified_gmt":"2025-01-18T22:17:35","slug":"des-militantes-sanandadj-pakhshan-azizi","status":"publish","type":"post","link":"https:\/\/wncri.org\/fr\/2025\/01\/15\/des-militantes-sanandadj-pakhshan-azizi\/","title":{"rendered":"Des militantes de Sanandadj protestent contre la condamnation \u00e0 mort de Pakhshan Azizi"},"content":{"rendered":"\n<h4 class=\"wp-block-heading\">Le mercredi 15 janvier 2025, un groupe de militantes de <a href=\"https:\/\/fr.wikipedia.org\/wiki\/Sanandadj\" target=\"_blank\" rel=\"noreferrer noopener\">Sanandadj<\/a> s&#8217;est rassembl\u00e9 devant le bureau du gouverneur du Kurdistan pour <a href=\"https:\/\/wncri.org\/fr\/2025\/01\/11\/68-prisonniers-politiques\/\" target=\"_blank\" rel=\"noreferrer noopener\">protester contre le maintien de la condamnation \u00e0 mort<\/a> de la prisonni\u00e8re politique Pakhshan Azizi par le syst\u00e8me judiciaire iranien.<\/h4>\n\n\n\n<p>Malgr\u00e9 une forte pr\u00e9sence des forces de s\u00e9curit\u00e9, la manifestation s&#8217;est d\u00e9roul\u00e9e et les participants ont lu une d\u00e9claration condamnant le verdict. Les services de s\u00e9curit\u00e9 avaient tent\u00e9 de dissuader le rassemblement en mena\u00e7ant plusieurs militantes par t\u00e9l\u00e9phone la veille.<\/p>\n\n\n\n<p>La d\u00e9claration lue par les manifestants soulignait&nbsp;:<\/p>\n\n\n\n<p>\u00ab\u00a0<a href=\"https:\/\/wncri.org\/fr\/2025\/01\/08\/pakhshan-azizi-peine-de-mort\/\" target=\"_blank\" rel=\"noreferrer noopener\">Pakhshan Azizi<\/a> a consacr\u00e9 sa vie enti\u00e8re \u00e0 aider les autres, \u00e9tait une travailleuse sociale qui s&#8217;est battue sans rel\u00e2che au milieu des crises humanitaires des camps de r\u00e9fugi\u00e9s pendant plus d&#8217;une d\u00e9cennie. Elle symbolise le service d\u00e9sint\u00e9ress\u00e9, la r\u00e9silience face au d\u00e9sespoir et l&#8217;incarnation de la compassion et de la gentillesse v\u00e9ritables.<\/p>\n\n\n\n<p>Pakhshan n&#8217;\u00e9tait pas une assistante sociale ordinaire ; elle \u00e9tait une lueur d&#8217;espoir pour des milliers de femmes et d&#8217;enfants &#8211; des femmes dont la vie avait \u00e9t\u00e9 bris\u00e9e par la guerre et la destruction, et des enfants qui ne voyaient pas d&#8217;avenir au-del\u00e0 de l&#8217;obscurit\u00e9.<\/p>\n\n\n\n<p>La peine prononc\u00e9e \u00e0 l&#8217;encontre de Pakhshan Azizi, une assistante sociale innocente et d\u00e9sint\u00e9ress\u00e9e, est injuste. Sauver des vies et redonner de l&#8217;espoir ne peut jamais \u00eatre et ne sera jamais un crime. L&#8217;annulation de ce verdict et des condamnations injustes prononc\u00e9es contre les prisonniers d&#8217;opinion est essentielle. C&#8217;est la moindre des choses pour r\u00e9tablir un semblant d&#8217;humanit\u00e9 et d&#8217;int\u00e9grit\u00e9 morale dans le syst\u00e8me judiciaire \u00bb.<\/p>\n","protected":false},"excerpt":{"rendered":"<p>Le mercredi 15 janvier 2025, un groupe de militantes de Sanandadj s&#8217;est rassembl\u00e9 devant le bureau du gouverneur du Kurdistan pour protester contre le maintien de la condamnation \u00e0 mort de la prisonni\u00e8re politique Pakhshan Azizi par le syst\u00e8me judiciaire iranien. Malgr\u00e9 une forte pr\u00e9sence des forces de s\u00e9curit\u00e9, la manifestation s&#8217;est d\u00e9roul\u00e9e et les [&hellip;]<\/p>\n","protected":false},"author":4,"featured_media":21717,"comment_status":"closed","ping_status":"closed","sticky":false,"template":"","format":"standard","meta":{"jnews-multi-image_gallery":[],"jnews_single_post":{"format":"standard"},"jnews_primary_category":[],"jnews_social_meta":[],"jnews_override_counter":[],"footnotes":""},"categories":[3],"tags":[367,369],"class_list":["post-21716","post","type-post","status-publish","format-standard","has-post-thumbnail","hentry","category-infos-des-femmes","tag-execution","tag-manifestations"],"_links":{"self":[{"href":"https:\/\/wncri.org\/fr\/wp-json\/wp\/v2\/posts\/21716","targetHints":{"allow":["GET"]}}],"collection":[{"href":"https:\/\/wncri.org\/fr\/wp-json\/wp\/v2\/posts"}],"about":[{"href":"https:\/\/wncri.org\/fr\/wp-json\/wp\/v2\/types\/post"}],"author":[{"embeddable":true,"href":"https:\/\/wncri.org\/fr\/wp-json\/wp\/v2\/users\/4"}],"replies":[{"embeddable":true,"href":"https:\/\/wncri.org\/fr\/wp-json\/wp\/v2\/comments?post=21716"}],"version-history":[{"count":1,"href":"https:\/\/wncri.org\/fr\/wp-json\/wp\/v2\/posts\/21716\/revisions"}],"predecessor-version":[{"id":21718,"href":"https:\/\/wncri.org\/fr\/wp-json\/wp\/v2\/posts\/21716\/revisions\/21718"}],"wp:featuredmedia":[{"embeddable":true,"href":"https:\/\/wncri.org\/fr\/wp-json\/wp\/v2\/media\/21717"}],"wp:attachment":[{"href":"https:\/\/wncri.org\/fr\/wp-json\/wp\/v2\/media?parent=21716"}],"wp:term":[{"taxonomy":"category","embeddable":true,"href":"https:\/\/wncri.org\/fr\/wp-json\/wp\/v2\/categories?post=21716"},{"taxonomy":"post_tag","embeddable":true,"href":"https:\/\/wncri.org\/fr\/wp-json\/wp\/v2\/tags?post=21716"}],"curies":[{"name":"wp","href":"https:\/\/api.w.org\/{rel}","templated":true}]}}