{"id":21674,"date":"2025-01-07T19:16:14","date_gmt":"2025-01-07T18:16:14","guid":{"rendered":"https:\/\/wncri.org\/fr\/?p=21674"},"modified":"2025-01-07T19:16:16","modified_gmt":"2025-01-07T18:16:16","slug":"sakineh-parvaneh-privee-dappels","status":"publish","type":"post","link":"https:\/\/wncri.org\/fr\/2025\/01\/07\/sakineh-parvaneh-privee-dappels\/","title":{"rendered":"La prisonni\u00e8re politique Sakineh Parvaneh priv\u00e9e d&#8217;appels t\u00e9l\u00e9phoniques depuis plus de 4 mois"},"content":{"rendered":"\n<h4 class=\"wp-block-heading\">La prisonni\u00e8re politique Sakineh Parvaneh a \u00e9t\u00e9 priv\u00e9e de son droit de t\u00e9l\u00e9phoner \u00e0 sa famille pendant plus de 4 mois depuis septembre 2024. Cette restriction a \u00e9t\u00e9 appliqu\u00e9e \u00e0 la suite d&#8217;une directive officielle \u00e9mise et mise en \u0153uvre par un juge.<\/h4>\n\n\n\n<p>Actuellement d\u00e9tenue dans le quartier des femmes de la prison d&#8217;Evin, Parvaneh a protest\u00e9 \u00e0 plusieurs reprises contre cette privation, exprimant ses objections \u00e0 de nombreuses reprises.<\/p>\n\n\n\n<p>Cette mesure punitive a \u00e9t\u00e9 impos\u00e9e apr\u00e8s que Sakineh Parvaneh a entam\u00e9, en mai 2024, une gr\u00e8ve de la faim pour protester contre ses conditions de d\u00e9tention d\u00e9sastreuses et par solidarit\u00e9 avec les familles qui ont perdu leurs enfants lors des manifestations de 2022. La privation d&#8217;appels t\u00e9l\u00e9phoniques a commenc\u00e9 le 14 septembre 2024 et reste en vigueur \u00e0 ce jour<strong>.<\/strong><strong><\/strong><\/p>\n\n\n\n<h3 class=\"wp-block-heading\"><strong>Historique de la prisonni\u00e8re kurde r\u00e9sistante Sakineh Parvaneh<\/strong><\/h3>\n\n\n\n<p>Sakineh Parvaneh est n\u00e9e en 1988. Au d\u00e9but de l\u2019automne 2019, des agents de s\u00e9curit\u00e9 l\u2019ont arr\u00eat\u00e9e parce qu\u2019elle avait rendu visite \u00e0 sa famille \u00e0 Soleimaniya, au Kurdistan d\u2019Irak. Ils l\u2019ont emmen\u00e9e \u00e0 la fronti\u00e8re entre l\u2019Iran et l\u2019Irak. Elle a \u00e9t\u00e9 d\u00e9tenue pendant 10 jours dans les centres de d\u00e9tention de Marivan et de Sanandadj. Elle a ensuite \u00e9t\u00e9 transf\u00e9r\u00e9e \u00e0 la prison d\u2019Evin \u00e0 T\u00e9h\u00e9ran.<\/p>\n\n\n\n<p>Elle a subi des interrogatoires muscl\u00e9s sous la torture psychologique et physique dans le quartier 2A, le quartier 209 et le quartier des femmes de la prison d\u2019Evin. Pendant cette p\u00e9riode, elle a \u00e9t\u00e9 priv\u00e9e de visites.<\/p>\n\n\n\n<p>En mars 2020, apr\u00e8s avoir \u00e9crit des graffitis sur les murs d\u2019Evin, elle a \u00e9t\u00e9 envoy\u00e9e \u00e0 la sinistre&nbsp;<a href=\"https:\/\/wncri.org\/fr\/2020\/04\/20\/regard-sur-la-situation-tragique-a-la-prison-pour-femmes-de-qarchak-en-iran\/\" target=\"_blank\" rel=\"noreferrer noopener\">prison de Qarchak<\/a>, o\u00f9 elle a \u00e9t\u00e9 d\u00e9tenue \u00e0 l\u2019isolement pendant 4 jours avec des menottes et des menottes aux pieds. Les gardiens de prison l\u2019ont ensuite emmen\u00e9e \u00e0 l\u2019h\u00f4pital psychiatrique d\u2019Aminabad, \u00e0 Chahre Rey. Apr\u00e8s&nbsp;<a href=\"https:\/\/wncri.org\/fr\/2020\/05\/28\/la-greve-de-la-faim-de-sakineh-parvaneh-un-plaidoyer-pour-les-droits-fondamentaux\/\" target=\"_blank\" rel=\"noreferrer noopener\">25 jours \u00e0 Aminabad<\/a>, la prisonni\u00e8re kurde r\u00e9sistante Sakineh Parvaneh a \u00e9t\u00e9 renvoy\u00e9e dans le quartier de quarantaine de la&nbsp;<a href=\"https:\/\/wncri.org\/fr\/2021\/12\/10\/les-conditions-des-femmes-prisons\/\" target=\"_blank\" rel=\"noreferrer noopener\">prison de Qarchak<\/a>.<\/p>\n\n\n\n<p>Le 25 mai 2020, elle a entam\u00e9 une&nbsp;<a href=\"https:\/\/wncri.org\/fr\/2020\/06\/21\/une-prisonniere-politique-kurde-tabassee-a-la-prison-de-qarchak\/\" target=\"_blank\" rel=\"noreferrer noopener\">gr\u00e8ve de la faim<\/a>&nbsp;pour protester contre sa condamnation \u00e0 5 ans de prison, l\u2019interdiction pendant 2 ans d\u2019appartenir \u00e0 des groupes politiques et la d\u00e9tention dans des conditions o\u00f9 la cat\u00e9gorie de leurs d\u00e9lits ne s\u00e9parait pas les prisonni\u00e8res.<\/p>\n\n\n\n<p>Le 4 juillet 2020, elle a \u00e9t\u00e9 renvoy\u00e9e \u00e0 la prison d\u2019Evin alors qu\u2019elle portait des cicatrices et des ecchymoses dues aux coups qu\u2019elle avait re\u00e7us. En ao\u00fbt, elle a \u00e9t\u00e9 condamn\u00e9e \u00e0 2 ans de plus pour \u201c\u00e9meute en prison\u201d.<\/p>\n\n\n\n<p>La prisonni\u00e8re kurde r\u00e9sistante Sakineh Parvaneh a entam\u00e9 une&nbsp;<a href=\"https:\/\/wncri.org\/fr\/2020\/09\/03\/deux-femmes-kurdes-entament-une-greve-de-la-faim-a-la-prison-devine-en-iran\/\" target=\"_blank\" rel=\"noreferrer noopener\">gr\u00e8ve de la faim<\/a>&nbsp;\u00e0 plusieurs reprises \u00e0 Evin.<\/p>\n\n\n\n<p>Le 27 octobre 2020, elle a \u00e9t\u00e9 transf\u00e9r\u00e9e du quartier des femmes d\u2019Evin \u00e0 la prison de Ghoutchan. Elle a \u00e9t\u00e9 plac\u00e9e en cellule d\u2019isolement le lundi 9 novembre 2020, en r\u00e9ponse \u00e0 la&nbsp;<a href=\"https:\/\/wncri.org\/fr\/2020\/05\/28\/la-greve-de-la-faim-de-sakineh-parvaneh-un-plaidoyer-pour-les-droits-fondamentaux\/\" target=\"_blank\" rel=\"noreferrer noopener\">gr\u00e8ve de la faim<\/a>&nbsp;qu\u2019elle a entam\u00e9e le 31 octobre pour protester contre son \u00e9ventuel transfert \u00e0 la prison d\u2019Ispahan. Au huiti\u00e8me jour de sa gr\u00e8ve de la faim, elle s\u2019est cousu les l\u00e8vres. Mais dans ces m\u00eames conditions, elle a \u00e9t\u00e9&nbsp;<a href=\"https:\/\/wncri.org\/fr\/2020\/06\/21\/une-prisonniere-politique-kurde-tabassee-a-la-prison-de-qarchak\/\" target=\"_blank\" rel=\"noreferrer noopener\">brutalis\u00e9e et battue<\/a>&nbsp;par les gardiens.<\/p>\n\n\n\n<p>Le 13 d\u00e9cembre 2020, Sakineh Parvaneh a \u00e9t\u00e9&nbsp;<a href=\"https:\/\/wncri.org\/fr\/2020\/12\/16\/prisonniere-politique-sakineh-parvaneh\/\" target=\"_blank\" rel=\"noreferrer noopener\">transf\u00e9r\u00e9e de la prison de Ghoutchan<\/a>&nbsp;\u00e0 la prison centrale de Machhad, o\u00f9 elle a \u00e9t\u00e9 priv\u00e9e de visites de sa famille et interdite de t\u00e9l\u00e9phoner \u00e0 son domicile.<\/p>\n\n\n\n<p>Le CGRI a fait pression sur Mme Parvaneh pour qu\u2019elle fasse des aveux forc\u00e9s contre elle-m\u00eame.<\/p>\n\n\n\n<p>La prisonni\u00e8re kurde r\u00e9sistante Sakineh Parvaneh purgeait la 4\u00e8me ann\u00e9e de sa peine lorsqu\u2019elle a \u00e9t\u00e9 lib\u00e9r\u00e9e de la&nbsp;<a href=\"https:\/\/wncri.org\/fr\/?s=\" target=\"_blank\" rel=\"noreferrer noopener\">prison de Vakilabad<\/a>&nbsp;\u00e0&nbsp;<a href=\"https:\/\/fr.wikipedia.org\/wiki\/Machhad\" target=\"_blank\" rel=\"noreferrer noopener\">Machhad<\/a>&nbsp;le 15 f\u00e9vrier 2023.<\/p>\n\n\n\n<p>Selon des informations diffus\u00e9es sur les m\u00e9dias sociaux, le CGRI a confisqu\u00e9 tous les documents d\u2019enregistrement de Sakineh Parvaneh il y a environ 4 ans. Bien qu\u2019elle ait \u00e9t\u00e9 lib\u00e9r\u00e9e de prison, ses documents ne lui ont pas \u00e9t\u00e9 rendus. Par cons\u00e9quent, Mme Parvaneh a rencontr\u00e9 des difficult\u00e9s dans les aspects fondamentaux de sa vie, tels que la location d\u2019une maison, la recherche d\u2019un emploi, l\u2019achat d\u2019une carte SIM pour t\u00e9l\u00e9phone portable et d\u2019autres questions essentielles.<\/p>\n","protected":false},"excerpt":{"rendered":"<p>La prisonni\u00e8re politique Sakineh Parvaneh a \u00e9t\u00e9 priv\u00e9e de son droit de t\u00e9l\u00e9phoner \u00e0 sa famille pendant plus de 4 mois depuis septembre 2024. Cette restriction a \u00e9t\u00e9 appliqu\u00e9e \u00e0 la suite d&#8217;une directive officielle \u00e9mise et mise en \u0153uvre par un juge. Actuellement d\u00e9tenue dans le quartier des femmes de la prison d&#8217;Evin, Parvaneh [&hellip;]<\/p>\n","protected":false},"author":4,"featured_media":19160,"comment_status":"closed","ping_status":"closed","sticky":false,"template":"","format":"standard","meta":{"jnews-multi-image_gallery":[],"jnews_single_post":{"format":"standard"},"jnews_primary_category":[],"jnews_social_meta":[],"jnews_override_counter":[],"footnotes":""},"categories":[3],"tags":[370],"class_list":["post-21674","post","type-post","status-publish","format-standard","has-post-thumbnail","hentry","category-infos-des-femmes","tag-prisonnieres"],"_links":{"self":[{"href":"https:\/\/wncri.org\/fr\/wp-json\/wp\/v2\/posts\/21674","targetHints":{"allow":["GET"]}}],"collection":[{"href":"https:\/\/wncri.org\/fr\/wp-json\/wp\/v2\/posts"}],"about":[{"href":"https:\/\/wncri.org\/fr\/wp-json\/wp\/v2\/types\/post"}],"author":[{"embeddable":true,"href":"https:\/\/wncri.org\/fr\/wp-json\/wp\/v2\/users\/4"}],"replies":[{"embeddable":true,"href":"https:\/\/wncri.org\/fr\/wp-json\/wp\/v2\/comments?post=21674"}],"version-history":[{"count":1,"href":"https:\/\/wncri.org\/fr\/wp-json\/wp\/v2\/posts\/21674\/revisions"}],"predecessor-version":[{"id":21675,"href":"https:\/\/wncri.org\/fr\/wp-json\/wp\/v2\/posts\/21674\/revisions\/21675"}],"wp:featuredmedia":[{"embeddable":true,"href":"https:\/\/wncri.org\/fr\/wp-json\/wp\/v2\/media\/19160"}],"wp:attachment":[{"href":"https:\/\/wncri.org\/fr\/wp-json\/wp\/v2\/media?parent=21674"}],"wp:term":[{"taxonomy":"category","embeddable":true,"href":"https:\/\/wncri.org\/fr\/wp-json\/wp\/v2\/categories?post=21674"},{"taxonomy":"post_tag","embeddable":true,"href":"https:\/\/wncri.org\/fr\/wp-json\/wp\/v2\/tags?post=21674"}],"curies":[{"name":"wp","href":"https:\/\/api.w.org\/{rel}","templated":true}]}}