{"id":21672,"date":"2025-01-06T22:47:38","date_gmt":"2025-01-06T21:47:38","guid":{"rendered":"https:\/\/wncri.org\/fr\/?p=21672"},"modified":"2025-01-06T22:47:40","modified_gmt":"2025-01-06T21:47:40","slug":"la-loi-sur-le-hijab-conseil-national","status":"publish","type":"post","link":"https:\/\/wncri.org\/fr\/2025\/01\/06\/la-loi-sur-le-hijab-conseil-national\/","title":{"rendered":"Pression accrue du Parlement des mollahs pour l&#8217;application de la loi sur le hijab malgr\u00e9 l&#8217;arr\u00eat du Conseil national de s\u00e9curit\u00e9"},"content":{"rendered":"\n<h4 class=\"wp-block-heading\">R\u00e9cemment, les membres du Parlement du r\u00e9gime cl\u00e9rical ont intensifi\u00e9 leur pression sur le gouvernement pour qu&#8217;il applique la <a href=\"https:\/\/wncri.org\/fr\/2024\/12\/07\/la-nouvelle-loi-sur-le-hijab\/\" target=\"_blank\" rel=\"noreferrer noopener\">loi sur le hijab et la chastet\u00e9<\/a>, bien que son application ait \u00e9t\u00e9 temporairement interrompue par le <a href=\"https:\/\/wncri.org\/fr\/2024\/12\/15\/nouvelle-loi-sur-le-hijab-obligatoire\/\" target=\"_blank\" rel=\"noreferrer noopener\">Conseil supr\u00eame de s\u00e9curit\u00e9 nationale<\/a> (CSN).<\/h4>\n\n\n\n<p>Le 4 janvier, Kamran Ghazanfari, d\u00e9put\u00e9 de T\u00e9h\u00e9ran, a rejet\u00e9 les all\u00e9gations selon lesquelles le Conseil supr\u00eame de s\u00e9curit\u00e9 nationale avait bloqu\u00e9 la mise en \u0153uvre de la loi, les qualifiant de \u00ab campagne de diffamation \u00bb. Il a soulign\u00e9 que la loi, une fois officiellement adopt\u00e9e par le Parlement et communiqu\u00e9e au gouvernement, doit \u00eatre appliqu\u00e9e quelle que soit la position du gouvernement.<\/p>\n\n\n\n<p>M. Ghazanfari a laiss\u00e9 entendre que certains responsables gouvernementaux tentaient de retarder l&#8217;application de la loi, affirmant que le pays ne disposait pas des infrastructures n\u00e9cessaires. M. Ghazanfari n&#8217;est pas du tout d&#8217;accord, affirmant que l&#8217;infrastructure existe d\u00e9j\u00e0.<\/p>\n\n\n\n<p>Cette position fait \u00e9cho aux sentiments exprim\u00e9s par Hamid Rassai, un autre d\u00e9put\u00e9 de T\u00e9h\u00e9ran, qui a reproch\u00e9 au pr\u00e9sident du Parlement, Mohammad Baqer Qalibaf, de ne pas s&#8217;\u00eatre acquitt\u00e9 de son devoir de promulguer la loi. Rassai s&#8217;est demand\u00e9 pourquoi Qalibaf n&#8217;avait pas promulgu\u00e9 la loi alors qu&#8217;il avait fix\u00e9 une date pour son application. Dans ses remarques du 31 d\u00e9cembre, Rassai a soulign\u00e9 que le retard dans l&#8217;application de la loi, sous le pr\u00e9texte de pr\u00e9occupations de s\u00e9curit\u00e9 nationale, sapait la cr\u00e9dibilit\u00e9 du Parlement et du <a href=\"https:\/\/fr.wikipedia.org\/wiki\/Conseil_des_gardiens_de_la_Constitution\" target=\"_blank\" rel=\"noreferrer noopener\">Conseil des gardiens<\/a>.<\/p>\n\n\n\n<p>Lors d&#8217;un \u00e9change public au Parlement, Rassai a exprim\u00e9 sa frustration : \u00ab Si la loi a \u00e9t\u00e9 vot\u00e9e, elle doit \u00eatre promulgu\u00e9e \u00bb. Rasdai a critiqu\u00e9 le retard comme un affront direct au Parlement et au Conseil des gardiens.<\/p>\n\n\n\n<p>Dans sa r\u00e9ponse, Qalibaf a reconnu que la loi devait initialement \u00eatre promulgu\u00e9e pour le 13 d\u00e9cembre, mais a d\u00e9clar\u00e9 que l&#8217;autorit\u00e9 comp\u00e9tente avait prolong\u00e9 le d\u00e9lai, une d\u00e9cision qui, selon lui, \u00e9tait ind\u00e9pendante de sa volont\u00e9.<\/p>\n\n\n\n<p>L&#8217;escalade du bras de fer entre le Parlement et le gouvernement au sujet de la mise en \u0153uvre de la loi sur le hijab souligne le conflit interne au sein du r\u00e9gime concernant le contr\u00f4le social et politique.<\/p>\n\n\n\n<p>Les membres du parlement des mollahs insistent sur la mise en \u0153uvre de cette loi, arguant que le fait de ne pas l&#8217;appliquer refl\u00e8te <a href=\"https:\/\/wncri.org\/fr\/2024\/12\/18\/recule-sur-la-loi-sur-le-hijab-obligatoire\/\">la faiblesse du r\u00e9gime \u00e0 affirmer son a<\/a><a href=\"https:\/\/wncri.org\/fr\/2024\/12\/18\/recule-sur-la-loi-sur-le-hijab-obligatoire\/\" target=\"_blank\" rel=\"noreferrer noopener\">u<\/a><a href=\"https:\/\/wncri.org\/fr\/2024\/12\/18\/recule-sur-la-loi-sur-le-hijab-obligatoire\/\">torit\u00e9<\/a>. De leur c\u00f4t\u00e9, les repr\u00e9sentants du gouvernement, craignant la r\u00e9sistance du public \u00e0 la loi et l&#8217;\u00e9tincelle qu&#8217;elle pourrait d\u00e9clencher pour une agitation sociale g\u00e9n\u00e9ralis\u00e9e, se sont abstenus de la promulguer officiellement.<\/p>\n","protected":false},"excerpt":{"rendered":"<p>R\u00e9cemment, les membres du Parlement du r\u00e9gime cl\u00e9rical ont intensifi\u00e9 leur pression sur le gouvernement pour qu&#8217;il applique la loi sur le hijab et la chastet\u00e9, bien que son application ait \u00e9t\u00e9 temporairement interrompue par le Conseil supr\u00eame de s\u00e9curit\u00e9 nationale (CSN). Le 4 janvier, Kamran Ghazanfari, d\u00e9put\u00e9 de T\u00e9h\u00e9ran, a rejet\u00e9 les all\u00e9gations selon [&hellip;]<\/p>\n","protected":false},"author":4,"featured_media":21350,"comment_status":"closed","ping_status":"closed","sticky":false,"template":"","format":"standard","meta":{"jnews-multi-image_gallery":[],"jnews_single_post":{"format":"standard"},"jnews_primary_category":[],"jnews_social_meta":[],"jnews_override_counter":[],"footnotes":""},"categories":[3],"tags":[376,375],"class_list":["post-21672","post","type-post","status-publish","format-standard","has-post-thumbnail","hentry","category-infos-des-femmes","tag-violence-contre-les-femmes","tag-voile-obligatoire"],"_links":{"self":[{"href":"https:\/\/wncri.org\/fr\/wp-json\/wp\/v2\/posts\/21672","targetHints":{"allow":["GET"]}}],"collection":[{"href":"https:\/\/wncri.org\/fr\/wp-json\/wp\/v2\/posts"}],"about":[{"href":"https:\/\/wncri.org\/fr\/wp-json\/wp\/v2\/types\/post"}],"author":[{"embeddable":true,"href":"https:\/\/wncri.org\/fr\/wp-json\/wp\/v2\/users\/4"}],"replies":[{"embeddable":true,"href":"https:\/\/wncri.org\/fr\/wp-json\/wp\/v2\/comments?post=21672"}],"version-history":[{"count":1,"href":"https:\/\/wncri.org\/fr\/wp-json\/wp\/v2\/posts\/21672\/revisions"}],"predecessor-version":[{"id":21673,"href":"https:\/\/wncri.org\/fr\/wp-json\/wp\/v2\/posts\/21672\/revisions\/21673"}],"wp:featuredmedia":[{"embeddable":true,"href":"https:\/\/wncri.org\/fr\/wp-json\/wp\/v2\/media\/21350"}],"wp:attachment":[{"href":"https:\/\/wncri.org\/fr\/wp-json\/wp\/v2\/media?parent=21672"}],"wp:term":[{"taxonomy":"category","embeddable":true,"href":"https:\/\/wncri.org\/fr\/wp-json\/wp\/v2\/categories?post=21672"},{"taxonomy":"post_tag","embeddable":true,"href":"https:\/\/wncri.org\/fr\/wp-json\/wp\/v2\/tags?post=21672"}],"curies":[{"name":"wp","href":"https:\/\/api.w.org\/{rel}","templated":true}]}}