{"id":2165,"date":"2017-03-08T22:42:59","date_gmt":"2017-03-08T22:42:59","guid":{"rendered":"https:\/\/wncri.org\/frdev\/2017\/03\/08\/les-femmes-celebrent-la-journee-internationale-de-leurs-droits-a-tirana-en-albanie-mars-2017\/"},"modified":"2025-07-07T01:14:50","modified_gmt":"2025-07-06T23:14:50","slug":"les-femmes-celebrent-la-journee-internationale-de-leurs-droits-a-tirana-en-albanie-mars-2017","status":"publish","type":"post","link":"https:\/\/wncri.org\/fr\/2017\/03\/08\/les-femmes-celebrent-la-journee-internationale-de-leurs-droits-a-tirana-en-albanie-mars-2017\/","title":{"rendered":"Les femmes c\u00e9l\u00e8brent la Journ\u00e9e internationale de leurs droits \u00e0 Tirana en Albanie \u2013 mars 2017"},"content":{"rendered":"\n<p>\u00c0 la veille du 8 Mars, un meeting intitul\u00e9 &nbsp;\u00abLes femmes au leadership politique \u00bb s\u2019est d\u00e9roul\u00e9e \u00e0 Tirana en Albanie avec les femmes de la r\u00e9sistance iranienne et de nombreuses personnalit\u00e9s politiques.<\/p>\n\n\n\n<figure class=\"wp-block-image\"><img decoding=\"async\" src=\"data:image\/gif;base64,R0lGODlhAQABAIAAAAAAAP\/\/\/yH5BAEAAAAALAAAAAABAAEAAAIBRAA7\" data-src=\"https:\/\/wncri.org\/fr\/\/wp-content\/uploads\/2017\/03\/images_maryamrajavi_IWD2017_1.jpg\" alt=\"\" class=\"wp-image-4751 lazyload\"\/><noscript><img decoding=\"async\" width=\"880\" height=\"260\" src=\"https:\/\/wncri.org\/fr\/\/wp-content\/uploads\/2017\/03\/images_maryamrajavi_IWD2017_1.jpg\" alt=\"\" class=\"wp-image-4751 lazyload\" srcset=\"https:\/\/wncri.org\/fr\/wp-content\/uploads\/2017\/03\/images_maryamrajavi_IWD2017_1.jpg 880w, https:\/\/wncri.org\/fr\/wp-content\/uploads\/2017\/03\/images_maryamrajavi_IWD2017_1-300x89.jpg 300w, https:\/\/wncri.org\/fr\/wp-content\/uploads\/2017\/03\/images_maryamrajavi_IWD2017_1-768x227.jpg 768w\" sizes=\"(max-width: 880px) 100vw, 880px\" \/><\/noscript><\/figure>\n\n\n\n<p><\/p>\n\n\n\n<p>Maryam Radjavi, pr\u00e9sidente \u00e9lue de la R\u00e9sistance iranienne y a pris la parole ainsi que des politiciennes et militantes \u00e9minentes des droits des femmes de divers pays qui n\u2019ont pas manqu\u00e9 de d\u00e9clarer leur solidarit\u00e9.<\/p>\n\n\n\n<figure class=\"wp-block-image\"><img decoding=\"async\" src=\"data:image\/gif;base64,R0lGODlhAQABAIAAAAAAAP\/\/\/yH5BAEAAAAALAAAAAABAAEAAAIBRAA7\" data-src=\"https:\/\/wncri.org\/fr\/\/wp-content\/uploads\/2017\/03\/images_maryamrajavi_IWD2017_2.jpg\" alt=\"\" class=\"wp-image-4752 lazyload\"\/><noscript><img decoding=\"async\" width=\"880\" height=\"260\" src=\"https:\/\/wncri.org\/fr\/\/wp-content\/uploads\/2017\/03\/images_maryamrajavi_IWD2017_2.jpg\" alt=\"\" class=\"wp-image-4752 lazyload\" srcset=\"https:\/\/wncri.org\/fr\/wp-content\/uploads\/2017\/03\/images_maryamrajavi_IWD2017_2.jpg 880w, https:\/\/wncri.org\/fr\/wp-content\/uploads\/2017\/03\/images_maryamrajavi_IWD2017_2-300x89.jpg 300w, https:\/\/wncri.org\/fr\/wp-content\/uploads\/2017\/03\/images_maryamrajavi_IWD2017_2-768x227.jpg 768w\" sizes=\"(max-width: 880px) 100vw, 880px\" \/><\/noscript><\/figure>\n\n\n\n<p>&nbsp;<\/p>\n\n\n\n<p>Un groupe des mille femmes ayant r\u00e9sist\u00e9 pendant quatorze ans dans les camps d&#8217;Achraf et de Liberty a \u00e9t\u00e9 le point focal de l&#8217;attention et des discours de cette conf\u00e9rence.Des repr\u00e9sentations musicales et des clips vid\u00e9o sur la lutte de 150 ann\u00e9es des femmes en Iran ont aussi anim\u00e9 cette journ\u00e9e.<\/p>\n\n\n\n<figure class=\"wp-block-image\"><img decoding=\"async\" src=\"data:image\/gif;base64,R0lGODlhAQABAIAAAAAAAP\/\/\/yH5BAEAAAAALAAAAAABAAEAAAIBRAA7\" data-src=\"https:\/\/wncri.org\/fr\/\/wp-content\/uploads\/2017\/03\/images_maryamrajavi_IWD2017_11.jpg\" alt=\"\" class=\"wp-image-4753 lazyload\"\/><noscript><img decoding=\"async\" width=\"880\" height=\"260\" src=\"https:\/\/wncri.org\/fr\/\/wp-content\/uploads\/2017\/03\/images_maryamrajavi_IWD2017_11.jpg\" alt=\"\" class=\"wp-image-4753 lazyload\" srcset=\"https:\/\/wncri.org\/fr\/wp-content\/uploads\/2017\/03\/images_maryamrajavi_IWD2017_11.jpg 880w, https:\/\/wncri.org\/fr\/wp-content\/uploads\/2017\/03\/images_maryamrajavi_IWD2017_11-300x89.jpg 300w, https:\/\/wncri.org\/fr\/wp-content\/uploads\/2017\/03\/images_maryamrajavi_IWD2017_11-768x227.jpg 768w\" sizes=\"(max-width: 880px) 100vw, 880px\" \/><\/noscript><\/figure>\n\n\n\n<p>&nbsp;<\/p>\n\n\n\n<p><strong>Maryam Radjavi<\/strong><\/p>\n\n\n\n<p>Pr\u00e9sidente \u00e9lue de la R\u00e9sistance iranienneExtraits de son intervention&nbsp;:<\/p>\n\n\n<div class=\"wp-block-image\">\n<figure class=\"alignleft\"><img decoding=\"async\" src=\"data:image\/gif;base64,R0lGODlhAQABAIAAAAAAAP\/\/\/yH5BAEAAAAALAAAAAABAAEAAAIBRAA7\" data-src=\"https:\/\/wncri.org\/fr\/\/wp-content\/uploads\/2017\/03\/images_maryamrajavi_IWD2017_10.jpg\" alt=\"\" class=\"wp-image-4754 lazyload\"\/><noscript><img decoding=\"async\" width=\"300\" height=\"195\" src=\"https:\/\/wncri.org\/fr\/\/wp-content\/uploads\/2017\/03\/images_maryamrajavi_IWD2017_10.jpg\" alt=\"\" class=\"wp-image-4754 lazyload\"\/><\/noscript><\/figure>\n<\/div>\n\n\n<p><\/p>\n\n\n\n<p>Permettez-moi de vous parler d\u2019une exp\u00e9rience sp\u00e9cifique au mouvement de la R\u00e9sistance iranienne. Dans les ann\u00e9es 1990, les femmes sont arriv\u00e9es \u00e0 la direction \u00e0 divers \u00e9chelons de la R\u00e9sistance ce qui a entrain\u00e9 un changement dans l\u2019organisation du travail de notre mouvement. Elles ont emprunt\u00e9 une voie dans laquelle il n\u2019existait aucun exemple \u00e0 suivre. Aussi ont-elles d\u00e9cid\u00e9 d\u2019\u00e9carter tout ce qui refl\u00e9tait l\u2019in\u00e9galit\u00e9, tout ce qui ignorait les femmes et qui faisait obstacle \u00e0 leur participation collective pour instaurer \u00e0 la place des relations nouvelles.<\/p>\n\n\n\n<p>&nbsp;La question principale est de savoir comment elles ont r\u00e9ussi \u00e0 se d\u00e9barrasser des habitudes pass\u00e9es, \u00e0 changer une culture mill\u00e9naire et \u00e0 avancer malgr\u00e9 tout ? En r\u00e9alit\u00e9, la direction des femmes dans notre mouvement n\u2019a pas consist\u00e9 \u00e0 un \u00e9change de place des femmes avec les hommes \u00e0 la direction. L\u2019exp\u00e9rience du leadership des femmes dans notre mouvement est devenue possible gr\u00e2ce au r\u00f4le de pionniers des hommes dans ce monde nouveau. Oui, ces hommes lib\u00e9r\u00e9s ont g\u00e9n\u00e9r\u00e9 de nouvelles relations de groupe. Ils ont d\u00e9fendu partout avec motivation la cause de l\u2019\u00e9galit\u00e9 et ont fait la d\u00e9monstration du leadership des femmes. Ils ont cr\u00e9\u00e9 de nouvelles valeurs fond\u00e9es sur l\u2019honn\u00eatet\u00e9 et la franchise, le d\u00e9vouement et en faisant des autres une priorit\u00e9.<\/p>\n\n\n\n<p><strong>Sarvnaz Chitsaz<\/strong><\/p>\n\n\n\n<p>Pr\u00e9sidente de la commission des Femmes du CNRIExtraits de son intervention&nbsp;:<\/p>\n\n\n<div class=\"wp-block-image\">\n<figure class=\"alignleft\"><img decoding=\"async\" src=\"data:image\/gif;base64,R0lGODlhAQABAIAAAAAAAP\/\/\/yH5BAEAAAAALAAAAAABAAEAAAIBRAA7\" data-src=\"https:\/\/wncri.org\/fr\/\/wp-content\/uploads\/2017\/03\/images_maryamrajavi_IWD2017_8.jpg\" alt=\"\" class=\"wp-image-4755 lazyload\"\/><noscript><img decoding=\"async\" width=\"300\" height=\"195\" src=\"https:\/\/wncri.org\/fr\/\/wp-content\/uploads\/2017\/03\/images_maryamrajavi_IWD2017_8.jpg\" alt=\"\" class=\"wp-image-4755 lazyload\"\/><\/noscript><\/figure>\n<\/div>\n\n\n<p><\/p>\n\n\n\n<p>Je suis tr\u00e8s heureuse et honor\u00e9e de c\u00e9l\u00e9brer cette Journ\u00e9e internationale des femmes en pr\u00e9sence de mes ch\u00e8res s\u0153urs, de mille h\u00e9ro\u00efnes et aussi de nos fr\u00e8res. Se retrouver ici toutes ensemble est tout simplement incroyable. Vous \u00eates puissantes et d\u00e9termin\u00e9es \u00e0 poursuivre la cause de notre patrie bien-aim\u00e9e et \u00e0 y \u00e9tablir la d\u00e9mocratie et l&#8217;\u00e9galit\u00e9.Il fut un temps o\u00f9 les perspectives \u00e9taient trop sombres et o\u00f9 on ne voyait pas de lumi\u00e8re au bout du tunnel. L\u2019espoir semblait avoir disparu. Cependant, quelqu&#8217;un nous a dit : \u00ab Nous le pouvons et nous le devons \u00bb et vous l&#8217;avez prouv\u00e9 avec votre glorieuse pers\u00e9v\u00e9rance et les \u00e9pop\u00e9es incroyables que vous avez g\u00e9n\u00e9r\u00e9es \u00e0 Achraf et \u00e0 Liberty. Je suis fi\u00e8re de vous.<\/p>\n\n\n\n<p><strong>Linda Chavez<\/strong><\/p>\n\n\n\n<p>Ancienne directrice du Bureau de liaison publique de la Maison Blanche et pr\u00e9sidente du Centre pour l&#8217;\u00e9galit\u00e9 des chancesExtraits de son intervention&nbsp;:<\/p>\n\n\n<div class=\"wp-block-image\">\n<figure class=\"alignleft\"><img decoding=\"async\" src=\"data:image\/gif;base64,R0lGODlhAQABAIAAAAAAAP\/\/\/yH5BAEAAAAALAAAAAABAAEAAAIBRAA7\" data-src=\"https:\/\/wncri.org\/fr\/\/wp-content\/uploads\/2017\/03\/images_maryamrajavi_IWD2017_7.jpg\" alt=\"\" class=\"wp-image-4756 lazyload\"\/><noscript><img decoding=\"async\" width=\"300\" height=\"195\" src=\"https:\/\/wncri.org\/fr\/\/wp-content\/uploads\/2017\/03\/images_maryamrajavi_IWD2017_7.jpg\" alt=\"\" class=\"wp-image-4756 lazyload\"\/><\/noscript><\/figure>\n<\/div>\n\n\n<p><\/p>\n\n\n\n<p>Je dois vous dire que c&#8217;est une exp\u00e9rience fabuleuse. Je ne peux mesurer la joie de vous voir toutes et tous ici en s\u00e9curit\u00e9, sans danger d\u2019attaque \u00e0 la roquette, sans avoir \u00e0 se demander si vous avez ou non de l&#8217;eau potable et des installations m\u00e9dicales.Le fait est que vous \u00eates ici, mais il y a encore beaucoup \u00e0 faire. Vous \u00eates ceux et celles qui peuvent conduire le peuple iranien et surmonter l&#8217;oppression qui r\u00e8gne en Iran depuis des d\u00e9cennies maintenant.Sous la direction de Mme Radjavi, vous \u00eates l&#8217;avenir de l&#8217;Iran.Ce que vous repr\u00e9sentez ce sont les id\u00e9aux m\u00eames de la libert\u00e9 et de la d\u00e9mocratie que tous les \u00eatres humains d\u00e9sirent et qui seront en fait les meilleurs garants de la paix dans le monde.Ce que madame Radjavi a rassembl\u00e9 dans son plan en dix points qui appelle \u00e0 un pouvoir judiciaire ind\u00e9pendant, \u00e0 la libert\u00e9 de la presse, \u00e0 l&#8217;\u00e9galit\u00e9 absolue entre les hommes et aux femmes, \u00e0 la s\u00e9paration de la religion de l&#8217;\u00c9tat, toutes ces choses sont les \u00e9l\u00e9ments constitutifs n\u00e9cessaires de la d\u00e9mocratie et de la libert\u00e9.<\/p>\n\n\n\n<p><strong>Ingrid Betancourt<\/strong><\/p>\n\n\n\n<p>Extraits de son intervention&nbsp;:<\/p>\n\n\n<div class=\"wp-block-image\">\n<figure class=\"alignleft\"><img decoding=\"async\" src=\"data:image\/gif;base64,R0lGODlhAQABAIAAAAAAAP\/\/\/yH5BAEAAAAALAAAAAABAAEAAAIBRAA7\" data-src=\"https:\/\/wncri.org\/fr\/\/wp-content\/uploads\/2017\/03\/images_maryamrajavi_IWD2017_3.jpg\" alt=\"\" class=\"wp-image-4757 lazyload\"\/><noscript><img decoding=\"async\" width=\"300\" height=\"195\" src=\"https:\/\/wncri.org\/fr\/\/wp-content\/uploads\/2017\/03\/images_maryamrajavi_IWD2017_3.jpg\" alt=\"\" class=\"wp-image-4757 lazyload\"\/><\/noscript><\/figure>\n<\/div>\n\n\n<p><\/p>\n\n\n\n<p>Alors que je vous regardais depuis ma place, je pensais \u00e0 toutes ces ann\u00e9es o\u00f9 nous nous sommes r\u00e9unies pour c\u00e9l\u00e9brer la Journ\u00e9e des femmes. Nous avions le c\u0153ur bris\u00e9s parce que nous parlions de vous et que vous n&#8217;\u00e9tiez pas avec nous.Mais aujourd&#8217;hui, nous c\u00e9l\u00e9brons la Journ\u00e9e des femmes ensemble. Et nous c\u00e9l\u00e9brons le leadership des femmes. Mais je dois vous dire que nous sommes bien au-del\u00e0 du leadership f\u00e9minin. Aujourd&#8217;hui, ce que nous c\u00e9l\u00e9brons, c&#8217;est vous : des femmes de courage. Vous \u00eates nos h\u00e9ro\u00efnes.Et toutes ces histoires que vous m&#8217;avez racont\u00e9es et que je ne peux pas r\u00e9sumer aujourd&#8217;hui, toutes les choses que vous ne m&#8217;avez pas dites et qui restent dans votre c\u0153ur, ce sont les choses qui doivent \u00eatre \u00e9crites car ce sont les l\u00e9gendes qui seront racont\u00e9es aux g\u00e9n\u00e9rations futures en Iran &#8230;<\/p>\n\n\n\n<p><strong>La s\u00e9natrice Evelyne Yonnet <\/strong><\/p>\n\n\n\n<p>S\u00e9natrice fran\u00e7aise<\/p>\n\n\n\n<p>Extraits de son intervention&nbsp;:<\/p>\n\n\n<div class=\"wp-block-image\">\n<figure class=\"alignleft\"><img decoding=\"async\" src=\"data:image\/gif;base64,R0lGODlhAQABAIAAAAAAAP\/\/\/yH5BAEAAAAALAAAAAABAAEAAAIBRAA7\" data-src=\"https:\/\/wncri.org\/fr\/\/wp-content\/uploads\/2017\/03\/images_maryamrajavi_IWD2017_12.jpg\" alt=\"\" class=\"wp-image-4758 lazyload\"\/><noscript><img decoding=\"async\" width=\"300\" height=\"195\" src=\"https:\/\/wncri.org\/fr\/\/wp-content\/uploads\/2017\/03\/images_maryamrajavi_IWD2017_12.jpg\" alt=\"\" class=\"wp-image-4758 lazyload\"\/><\/noscript><\/figure>\n<\/div>\n\n\n<p><\/p>\n\n\n\n<p>Vous vous opposez \u00e0 un r\u00e9gime radical qui utilise la religion comme un instrument de peur pour terroriser la population, mettre les gens derri\u00e8re les barreaux et m\u00eame les tuer.Votre combat est admirable. Je peux vous dire que le monde entier vous observe. Alors que le monde s\u2019oriente dans une direction dangereuse, des femmes opprim\u00e9es peuvent trouver une occasion d\u2019avancer et vous de leur servir de mod\u00e8le.<\/p>\n\n\n\n<p><strong>Iveta Radicova<\/strong><\/p>\n\n\n\n<p>La premi\u00e8re femme Premier ministre de Slovaquie et ancienne ministre de la D\u00e9fense et du TravailExtraits de son intervention&nbsp;:<\/p>\n\n\n<div class=\"wp-block-image\">\n<figure class=\"alignleft\"><img decoding=\"async\" src=\"data:image\/gif;base64,R0lGODlhAQABAIAAAAAAAP\/\/\/yH5BAEAAAAALAAAAAABAAEAAAIBRAA7\" data-src=\"https:\/\/wncri.org\/fr\/\/wp-content\/uploads\/2017\/03\/images_maryamrajavi_IWD2017_5.jpg\" alt=\"\" class=\"wp-image-4759 lazyload\"\/><noscript><img decoding=\"async\" width=\"300\" height=\"195\" src=\"https:\/\/wncri.org\/fr\/\/wp-content\/uploads\/2017\/03\/images_maryamrajavi_IWD2017_5.jpg\" alt=\"\" class=\"wp-image-4759 lazyload\"\/><\/noscript><\/figure>\n<\/div>\n\n\n<p><\/p>\n\n\n\n<p>Je pense que nous devons prendre trois mesures tr\u00e8s importantes. Et c&#8217;est mon exp\u00e9rience dans mon propre pays en Europe.La premi\u00e8re \u00e9tape consiste \u00e0 changer la dictature en d\u00e9mocratie. La deuxi\u00e8me \u00e9tape consiste \u00e0 instaurer un gouvernement vraiment d\u00e9mocratique, des structures d\u00e9mocratiques et des \u00e9lections d\u00e9mocratiques libres. Et vous avez un bon leader pour le faire.Et puis l&#8217;\u00e9tape la plus compliqu\u00e9e arrive quand vous \u00eates au pouvoir. Vous \u00eates d\u00e9mocratiquement \u00e9lus et vous devez mettre en \u0153uvre les droits humains \u00e0 tous les niveaux de la vie sociale.Cela signifie que nous devons mettre en \u0153uvre et promouvoir trois principes moraux fondamentaux&nbsp;: premi\u00e8rement, la tol\u00e9rance, deuxi\u00e8mement la confiance et enfin la solidarit\u00e9.<\/p>\n\n\n\n<p><strong>Najima Thay Thay, <\/strong><\/p>\n\n\n\n<p>Ancienne ministre de l&#8217;Education du MarocExtraits de son intervention&nbsp;:<\/p>\n\n\n<div class=\"wp-block-image\">\n<figure class=\"alignleft\"><img decoding=\"async\" src=\"data:image\/gif;base64,R0lGODlhAQABAIAAAAAAAP\/\/\/yH5BAEAAAAALAAAAAABAAEAAAIBRAA7\" data-src=\"https:\/\/wncri.org\/fr\/\/wp-content\/uploads\/2017\/03\/images_maryamrajavi_IWD2017_6.jpg\" alt=\"\" class=\"wp-image-4760 lazyload\"\/><noscript><img decoding=\"async\" width=\"300\" height=\"195\" src=\"https:\/\/wncri.org\/fr\/\/wp-content\/uploads\/2017\/03\/images_maryamrajavi_IWD2017_6.jpg\" alt=\"\" class=\"wp-image-4760 lazyload\"\/><\/noscript><\/figure>\n<\/div>\n\n\n<p><\/p>\n\n\n\n<p>Je vous f\u00e9licite d\u2019avoir choisi une femme \u00e0 la direction politique. Vous vous \u00eates oppos\u00e9es \u00e0 une dictature religieuse int\u00e9griste qui a r\u00e9prim\u00e9 les femmes pendant quatre d\u00e9cennies. Des dizaines de milliers de femmes ont sacrifi\u00e9 leur vie dans cette voie, mais elles ont \u00e9galement r\u00e9alis\u00e9 des progr\u00e8s consid\u00e9rables dans leur mouvement de l&#8217;\u00e9galit\u00e9 des sexes.Votre pouvoir ne vient pas seulement du fait que vous \u00eates des combattants de la libert\u00e9. Vous r\u00e9sistez de mani\u00e8re d\u00e9sint\u00e9ress\u00e9e, sans rechercher d&#8217;int\u00e9r\u00eats personnels en Iran. Vous voulez que l&#8217;Iran soit ind\u00e9pendant. Vous vous battez pour apporter la libert\u00e9, l&#8217;honneur et la d\u00e9mocratie \u00e0 votre pays.Il est certain que le peuple iranien ne trouvera jamais de meilleure dirigeante que Maryam Rajavi.<\/p>\n\n\n\n<p><strong>Julie Girling<\/strong><\/p>\n\n\n\n<p>Eurod\u00e9put\u00e9e du Royaume-Uni<\/p>\n\n\n\n<p>Extraits de son intervention&nbsp;:<\/p>\n\n\n<div class=\"wp-block-image\">\n<figure class=\"alignleft\"><img decoding=\"async\" src=\"data:image\/gif;base64,R0lGODlhAQABAIAAAAAAAP\/\/\/yH5BAEAAAAALAAAAAABAAEAAAIBRAA7\" data-src=\"https:\/\/wncri.org\/fr\/\/wp-content\/uploads\/2017\/03\/images_maryamrajavi_IWD2017_4.jpg\" alt=\"\" class=\"wp-image-4761 lazyload\"\/><noscript><img decoding=\"async\" width=\"300\" height=\"195\" src=\"https:\/\/wncri.org\/fr\/\/wp-content\/uploads\/2017\/03\/images_maryamrajavi_IWD2017_4.jpg\" alt=\"\" class=\"wp-image-4761 lazyload\"\/><\/noscript><\/figure>\n<\/div>\n\n\n<p><\/p>\n\n\n\n<p>Mon principal int\u00e9r\u00eat est la lutte pour l&#8217;\u00e9galit\u00e9 et le respect des femmes partout dans le monde. C\u2019est donc avec joie que j\u2019ai accept\u00e9 l&#8217;invitation de venir \u00e0 votre conf\u00e9rence pour la Journ\u00e9e internationale de la femme. Les femmes sont une voix positive pour le changement. Elles ont toutes besoin de notre soutien. Donc, je partirai d&#8217;ici aujourd&#8217;hui, apr\u00e8s avoir appr\u00e9ci\u00e9 ce sentiment \u00e9tonnant qui se d\u00e9gage de cette conf\u00e9rence. Il est tr\u00e8s \u00e9difiant de voir comment vous \u00eates toutes engag\u00e9es dans les circonstances extr\u00eamement difficiles que vous avez toutes connues &#8230; Et je vais mettre en bouteille ce petit peu de sentiment et l\u2019emmener avec moi. Je vais essayer de faire en sorte que dans mon pays et dans le reste de l&#8217;Union europ\u00e9enne les gens \u00e9coutent et se joignent \u00e0 vous pour vous aider. J&#8217;esp\u00e8re que d&#8217;autres seront l\u00e0 le jour o\u00f9 vous pourrez retourner \u00e0 T\u00e9h\u00e9ran.<\/p>\n\n\n\n<p><strong>S\u00e9natrice Stefania Pezzopane <\/strong><\/p>\n\n\n\n<p>S\u00e9natrice italienneExtraits de son intervention<\/p>\n\n\n<div class=\"wp-block-image\">\n<figure class=\"alignleft\"><img decoding=\"async\" src=\"data:image\/gif;base64,R0lGODlhAQABAIAAAAAAAP\/\/\/yH5BAEAAAAALAAAAAABAAEAAAIBRAA7\" data-src=\"https:\/\/wncri.org\/fr\/\/wp-content\/uploads\/2017\/03\/images_maryamrajavi_IWD2017_9.jpg\" alt=\"\" class=\"wp-image-4762 lazyload\"\/><noscript><img decoding=\"async\" width=\"300\" height=\"195\" src=\"https:\/\/wncri.org\/fr\/\/wp-content\/uploads\/2017\/03\/images_maryamrajavi_IWD2017_9.jpg\" alt=\"\" class=\"wp-image-4762 lazyload\"\/><\/noscript><\/figure>\n<\/div>\n\n\n<p><\/p>\n\n\n\n<p>J&#8217;ai toujours \u00e9t\u00e9 pr\u00e9occup\u00e9e et boulevers\u00e9e par la situation des femmes au Moyen-Orient.Votre exp\u00e9rience a toujours eu mon admiration. Vous \u00eates un point de confiance m\u00eame pour nous en tant que femmes italiennes et pour moi-m\u00eame en tant que s\u00e9natrice.Les femmes d&#8217;Iran luttent depuis de longues ann\u00e9es pour leur libert\u00e9. Les Iraniennes sont parmi les femmes les plus intellectuelles et les plus instruites de la r\u00e9gion. Elles sont fortement oppos\u00e9es \u00e0 la dictature religieuse et c&#8217;est pourquoi elles sont r\u00e9prim\u00e9es.Il est tr\u00e8s important pour nous que le groupe qui s&#8217;oppose \u00e0 la tyrannie religieuse soit une force musulmane dirig\u00e9e par des femmes. Avec Maryam Radjavi aux commandes de la R\u00e9sistance iranienne, son programme politique pour un Iran libre fond\u00e9 sur le pluralisme porte le message clair pour le peuple iranien que l&#8217;alternative peut non seulement mettre fin \u00e0 l&#8217;oppression des femmes mais sera aussi un mod\u00e8le d&#8217;\u00e9galit\u00e9 dans le monde de l&#8217;islam et au Moyen-Orient.<\/p>\n\n\n\n<p><strong>Laurence Fehlmann Rielle<\/strong><\/p>\n\n\n\n<p>Membre du Parlement suisse<\/p>\n\n\n<div class=\"wp-block-image\">\n<figure class=\"alignleft\"><img decoding=\"async\" src=\"data:image\/gif;base64,R0lGODlhAQABAIAAAAAAAP\/\/\/yH5BAEAAAAALAAAAAABAAEAAAIBRAA7\" data-src=\"https:\/\/wncri.org\/fr\/\/wp-content\/uploads\/2017\/03\/images_maryamrajavi_IWD_13.jpg\" alt=\"\" class=\"wp-image-4763 lazyload\"\/><noscript><img decoding=\"async\" width=\"300\" height=\"195\" src=\"https:\/\/wncri.org\/fr\/\/wp-content\/uploads\/2017\/03\/images_maryamrajavi_IWD_13.jpg\" alt=\"\" class=\"wp-image-4763 lazyload\"\/><\/noscript><\/figure>\n<\/div>\n\n\n<p><\/p>\n\n\n\n<p>Malgr\u00e9 la r\u00e9pression civile et la discrimination \u00e0 l&#8217;\u00e9gard des femmes en Iran, elles ont jou\u00e9 un r\u00f4le dans la r\u00e9sistance contre ce r\u00e9gime. Les femmes en Iran d\u00e9fient le r\u00e9gime th\u00e9ocratique dans tous les domaines de la vie sociale, dans les universit\u00e9s, les lieux de travail, etc. Mais l&#8217;aspect le plus remarquable du d\u00e9fi des femmes iraniennes est leur participation \u00e0 la r\u00e9sistance. Vous pouvez \u00eatre tr\u00e8s fi\u00e8res que quelque 52% des membres du Conseil national de la R\u00e9sistance iranienne soient des femmes. En comparaison, si vous voyez la Suisse qui est un pays soi-disant d\u00e9velopp\u00e9, nous ne sommes que 32 % au parlement<\/p>\n","protected":false},"excerpt":{"rendered":"<p>\u00c0 la veille du 8 Mars, un meeting intitul\u00e9 &nbsp;\u00abLes femmes au leadership politique \u00bb s\u2019est d\u00e9roul\u00e9e \u00e0 Tirana en Albanie avec les femmes de la r\u00e9sistance iranienne et de nombreuses personnalit\u00e9s politiques. Maryam Radjavi, pr\u00e9sidente \u00e9lue de la R\u00e9sistance iranienne y a pris la parole ainsi que des politiciennes et militantes \u00e9minentes des droits [&hellip;]<\/p>\n","protected":false},"author":1,"featured_media":23111,"comment_status":"open","ping_status":"open","sticky":false,"template":"","format":"standard","meta":{"jnews-multi-image_gallery":[],"jnews_single_post":{"format":"standard"},"jnews_primary_category":[],"jnews_social_meta":[],"jnews_override_counter":[],"footnotes":""},"categories":[26],"tags":[],"class_list":["post-2165","post","type-post","status-publish","format-standard","has-post-thumbnail","hentry","category-conference-du-8-mars"],"_links":{"self":[{"href":"https:\/\/wncri.org\/fr\/wp-json\/wp\/v2\/posts\/2165","targetHints":{"allow":["GET"]}}],"collection":[{"href":"https:\/\/wncri.org\/fr\/wp-json\/wp\/v2\/posts"}],"about":[{"href":"https:\/\/wncri.org\/fr\/wp-json\/wp\/v2\/types\/post"}],"author":[{"embeddable":true,"href":"https:\/\/wncri.org\/fr\/wp-json\/wp\/v2\/users\/1"}],"replies":[{"embeddable":true,"href":"https:\/\/wncri.org\/fr\/wp-json\/wp\/v2\/comments?post=2165"}],"version-history":[{"count":1,"href":"https:\/\/wncri.org\/fr\/wp-json\/wp\/v2\/posts\/2165\/revisions"}],"predecessor-version":[{"id":23113,"href":"https:\/\/wncri.org\/fr\/wp-json\/wp\/v2\/posts\/2165\/revisions\/23113"}],"wp:featuredmedia":[{"embeddable":true,"href":"https:\/\/wncri.org\/fr\/wp-json\/wp\/v2\/media\/23111"}],"wp:attachment":[{"href":"https:\/\/wncri.org\/fr\/wp-json\/wp\/v2\/media?parent=2165"}],"wp:term":[{"taxonomy":"category","embeddable":true,"href":"https:\/\/wncri.org\/fr\/wp-json\/wp\/v2\/categories?post=2165"},{"taxonomy":"post_tag","embeddable":true,"href":"https:\/\/wncri.org\/fr\/wp-json\/wp\/v2\/tags?post=2165"}],"curies":[{"name":"wp","href":"https:\/\/api.w.org\/{rel}","templated":true}]}}