{"id":21586,"date":"2024-12-20T17:53:42","date_gmt":"2024-12-20T16:53:42","guid":{"rendered":"https:\/\/wncri.org\/fr\/?p=21586"},"modified":"2025-01-01T21:31:50","modified_gmt":"2025-01-01T20:31:50","slug":"chretienne-ghazal-marzban","status":"publish","type":"post","link":"https:\/\/wncri.org\/fr\/2024\/12\/20\/chretienne-ghazal-marzban\/","title":{"rendered":"Une chr\u00e9tienne convertie d\u00e9tenue dans les limbes : Le cas de Ghazal Marzban \u00e0 la prison d&#8217;Evin"},"content":{"rendered":"\n<h4 class=\"wp-block-heading\">Ghazal Marzban, chr\u00e9tienne convertie et avocate, est d\u00e9tenue depuis plus de 40 jours \u00e0 la prison d&#8217;Evin, \u00e0 T\u00e9h\u00e9ran, sans avoir \u00e9t\u00e9 formellement inculp\u00e9e.<\/h4>\n\n\n\n<h3 class=\"wp-block-heading\"><strong>Arrestation et d\u00e9tention<\/strong><\/h3>\n\n\n\n<p>Selon les informations disponibles, Ghazal Marzban, 41 ans, a \u00e9t\u00e9 arr\u00eat\u00e9e le 5 novembre 2024 pr\u00e8s de la place Vali-Asr, un lieu important du centre de T\u00e9h\u00e9ran. Elle aurait \u00e9t\u00e9 plac\u00e9e en d\u00e9tention par les forces de s\u00e9curit\u00e9 iraniennes apr\u00e8s avoir bruyamment protest\u00e9 contre l&#8217;oppression du r\u00e9gime et les injustices \u00e9conomiques. Des t\u00e9moins ont d\u00e9clar\u00e9 qu&#8217;elle s&#8217;\u00e9tait adress\u00e9e au pape Fran\u00e7ois pendant sa manifestation, le suppliant de soutenir le peuple iranien et de condamner les actions du r\u00e9gime.<\/p>\n\n\n\n<p>2\u00a0 jours apr\u00e8s son arrestation, le 7 novembre 2024, Mme Marzban a \u00e9t\u00e9 transf\u00e9r\u00e9e du centre de d\u00e9tention de Vozara au <a href=\"https:\/\/wncri.org\/fr\/2021\/12\/10\/les-conditions-des-femmes-prisons\/\" target=\"_blank\" rel=\"noreferrer noopener\">quartier des femmes de la prison d&#8217;Evin<\/a>, o\u00f9 elle est toujours d\u00e9tenue.<\/p>\n\n\n\n<h3 class=\"wp-block-heading\"><strong>Proc\u00e8s sans verdict<\/strong><\/h3>\n\n\n\n<p>Ghazal Marzban a r\u00e9cemment comparu devant la branche 26 du tribunal r\u00e9volutionnaire de T\u00e9h\u00e9ran. Cependant, malgr\u00e9 l&#8217;audience, aucun verdict n&#8217;a \u00e9t\u00e9 rendu, ce qui laisse son avenir incertain.<\/p>\n\n\n\n<p>Une source proche de la famille de Ghazal Marzban a soulign\u00e9 que sa d\u00e9tention n&#8217;est pas li\u00e9e \u00e0 sa conversion au catholicisme mais uniquement \u00e0 ses protestations. Sa critique du r\u00e9gime iranien et son appel public au soutien international semblent \u00eatre les principales raisons de son arrestation.<\/p>\n\n\n\n<h3 class=\"wp-block-heading\"><strong>Contexte<\/strong><\/h3>\n\n\n\n<p>Ghazal Marzban, originaire de <a href=\"https:\/\/fr.wikipedia.org\/wiki\/Lasht-e_Nesha\" target=\"_blank\" rel=\"noreferrer noopener\">Lacht-e-Nesha<\/a>, une petite ville pr\u00e8s de Racht dans le nord de l&#8217;Iran, est dipl\u00f4m\u00e9e en droit et r\u00e9side actuellement \u00e0 T\u00e9h\u00e9ran. Elle s&#8217;est convertie au christianisme catholique, une d\u00e9cision rare et risqu\u00e9e en Iran, o\u00f9 les minorit\u00e9s religieuses, en particulier les convertis, sont souvent pers\u00e9cut\u00e9es.<\/p>\n\n\n\n<p>La d\u00e9tention de Mme Marzban souligne la r\u00e9pression g\u00e9n\u00e9rale de la libert\u00e9 d&#8217;expression et de la libert\u00e9 religieuse sous le r\u00e9gime iranien. Son emprisonnement sans inculpation ni solution claire refl\u00e8te la nature arbitraire du syst\u00e8me judiciaire, qui est souvent utilis\u00e9 pour r\u00e9duire au silence les dissidents.<\/p>\n","protected":false},"excerpt":{"rendered":"<p>Ghazal Marzban, chr\u00e9tienne convertie et avocate, est d\u00e9tenue depuis plus de 40 jours \u00e0 la prison d&#8217;Evin, \u00e0 T\u00e9h\u00e9ran, sans avoir \u00e9t\u00e9 formellement inculp\u00e9e. Arrestation et d\u00e9tention Selon les informations disponibles, Ghazal Marzban, 41 ans, a \u00e9t\u00e9 arr\u00eat\u00e9e le 5 novembre 2024 pr\u00e8s de la place Vali-Asr, un lieu important du centre de T\u00e9h\u00e9ran. Elle [&hellip;]<\/p>\n","protected":false},"author":4,"featured_media":21587,"comment_status":"closed","ping_status":"closed","sticky":false,"template":"","format":"standard","meta":{"jnews-multi-image_gallery":[],"jnews_single_post":{"format":"standard"},"jnews_primary_category":[],"jnews_social_meta":[],"jnews_override_counter":[],"footnotes":""},"categories":[3],"tags":[370],"class_list":["post-21586","post","type-post","status-publish","format-standard","has-post-thumbnail","hentry","category-infos-des-femmes","tag-prisonnieres"],"_links":{"self":[{"href":"https:\/\/wncri.org\/fr\/wp-json\/wp\/v2\/posts\/21586","targetHints":{"allow":["GET"]}}],"collection":[{"href":"https:\/\/wncri.org\/fr\/wp-json\/wp\/v2\/posts"}],"about":[{"href":"https:\/\/wncri.org\/fr\/wp-json\/wp\/v2\/types\/post"}],"author":[{"embeddable":true,"href":"https:\/\/wncri.org\/fr\/wp-json\/wp\/v2\/users\/4"}],"replies":[{"embeddable":true,"href":"https:\/\/wncri.org\/fr\/wp-json\/wp\/v2\/comments?post=21586"}],"version-history":[{"count":2,"href":"https:\/\/wncri.org\/fr\/wp-json\/wp\/v2\/posts\/21586\/revisions"}],"predecessor-version":[{"id":21654,"href":"https:\/\/wncri.org\/fr\/wp-json\/wp\/v2\/posts\/21586\/revisions\/21654"}],"wp:featuredmedia":[{"embeddable":true,"href":"https:\/\/wncri.org\/fr\/wp-json\/wp\/v2\/media\/21587"}],"wp:attachment":[{"href":"https:\/\/wncri.org\/fr\/wp-json\/wp\/v2\/media?parent=21586"}],"wp:term":[{"taxonomy":"category","embeddable":true,"href":"https:\/\/wncri.org\/fr\/wp-json\/wp\/v2\/categories?post=21586"},{"taxonomy":"post_tag","embeddable":true,"href":"https:\/\/wncri.org\/fr\/wp-json\/wp\/v2\/tags?post=21586"}],"curies":[{"name":"wp","href":"https:\/\/api.w.org\/{rel}","templated":true}]}}