{"id":21541,"date":"2024-12-13T19:31:05","date_gmt":"2024-12-13T18:31:05","guid":{"rendered":"https:\/\/wncri.org\/fr\/?p=21541"},"modified":"2024-12-13T19:31:07","modified_gmt":"2024-12-13T18:31:07","slug":"kowsar-dehban-zadeh-2-mois-dincertitude","status":"publish","type":"post","link":"https:\/\/wncri.org\/fr\/2024\/12\/13\/kowsar-dehban-zadeh-2-mois-dincertitude\/","title":{"rendered":"Kowsar Dehban Zadeh : plus de 2 mois d&#8217;incertitude au centre de d\u00e9tention de Chiraz"},"content":{"rendered":"\n<h4 class=\"wp-block-heading\">Kowsar Dehban Zadeh, s\u0153ur du prisonnier politique Maysam Dehban Zadeh, est maintenue en d\u00e9tention prolong\u00e9e depuis plus de 75 jours dans un centre de d\u00e9tention des services de renseignement de <a href=\"https:\/\/fr.wikipedia.org\/wiki\/Chiraz\" target=\"_blank\" rel=\"noreferrer noopener\">Chiraz<\/a> connu sous le nom de Plaque 100. <\/h4>\n\n\n\n<p>Son calvaire a commenc\u00e9 le 27 septembre 2024, lorsqu&#8217;<a href=\"https:\/\/wncri.org\/fr\/2024\/10\/07\/kowsar-dehbanzadeh\/\" target=\"_blank\" rel=\"noreferrer noopener\">elle a \u00e9t\u00e9 arr\u00eat\u00e9e<\/a> par les forces de s\u00e9curit\u00e9 \u00e0 Chiraz et initialement <a href=\"https:\/\/wncri.org\/fr\/2024\/11\/07\/kowsar-dehban-zadeh-isolement\/\" target=\"_blank\" rel=\"noreferrer noopener\">plac\u00e9e \u00e0 l&#8217;isolement<\/a>. Apr\u00e8s plus d&#8217;un mois, elle a \u00e9t\u00e9 transf\u00e9r\u00e9e dans une cellule commune au sein du m\u00eame \u00e9tablissement, mais son avenir reste incertain.<\/p>\n\n\n\n<p>Kowsar Dehban Zadeh a \u00e9t\u00e9 accus\u00e9e d&#8217;entretenir des liens avec l&#8217;Organisation des moudjahidines du peuple iranien (OMPI). Bien qu&#8217;elle soit d\u00e9tenue depuis plus de 2 mois, on ne sait toujours pas si une enqu\u00eate ou des poursuites officielles ont \u00e9t\u00e9 engag\u00e9es. Au cours de sa d\u00e9tention, elle n&#8217;a \u00e9t\u00e9 autoris\u00e9e \u00e0 rencontrer sa famille que deux fois, apparemment dans des circonstances destin\u00e9es \u00e0 faire pression sur elle pour qu&#8217;elle exprime des regrets. Des appels t\u00e9l\u00e9phoniques hebdomadaires sont autoris\u00e9s, mais ces interactions sont limit\u00e9es et fortement surveill\u00e9es.<\/p>\n\n\n\n<p>Ce n&#8217;est pas la premi\u00e8re fois que Kowsar fait l&#8217;objet d&#8217;un examen minutieux de la part des autorit\u00e9s. Elle a \u00e9t\u00e9 convoqu\u00e9e et interrog\u00e9e \u00e0 plusieurs reprises dans le pass\u00e9 pour avoir d\u00e9fendu les int\u00e9r\u00eats de son fr\u00e8re, qui est incarc\u00e9r\u00e9 \u00e0 la prison de Qezel Hessar, \u00e0 Karadj. Ces rencontres ant\u00e9rieures mettent en \u00e9vidence un mod\u00e8le plus large de harc\u00e8lement auquel sont confront\u00e9es les familles de prisonniers politiques en Iran.<\/p>\n\n\n\n<p>L&#8217;incertitude qui entoure le cas de Kowsar et sa d\u00e9tention sans proc\u00e9dure r\u00e9guli\u00e8re mettent en lumi\u00e8re les violations des droits de l&#8217;homme et l&#8217;absence de responsabilit\u00e9 dans le syst\u00e8me judiciaire iranien. Son histoire souligne les difficult\u00e9s auxquelles sont confront\u00e9es les familles de prisonniers politiques et rappelle brutalement les mesures d&#8217;oppression employ\u00e9es par le r\u00e9gime iranien pour faire taire les dissidents.<\/p>\n","protected":false},"excerpt":{"rendered":"<p>Kowsar Dehban Zadeh, s\u0153ur du prisonnier politique Maysam Dehban Zadeh, est maintenue en d\u00e9tention prolong\u00e9e depuis plus de 75 jours dans un centre de d\u00e9tention des services de renseignement de Chiraz connu sous le nom de Plaque 100. Son calvaire a commenc\u00e9 le 27 septembre 2024, lorsqu&#8217;elle a \u00e9t\u00e9 arr\u00eat\u00e9e par les forces de s\u00e9curit\u00e9 [&hellip;]<\/p>\n","protected":false},"author":4,"featured_media":21014,"comment_status":"closed","ping_status":"closed","sticky":false,"template":"","format":"standard","meta":{"jnews-multi-image_gallery":[],"jnews_single_post":{"format":"standard"},"jnews_primary_category":[],"jnews_social_meta":[],"jnews_override_counter":[],"footnotes":""},"categories":[3],"tags":[370],"class_list":["post-21541","post","type-post","status-publish","format-standard","has-post-thumbnail","hentry","category-infos-des-femmes","tag-prisonnieres"],"_links":{"self":[{"href":"https:\/\/wncri.org\/fr\/wp-json\/wp\/v2\/posts\/21541","targetHints":{"allow":["GET"]}}],"collection":[{"href":"https:\/\/wncri.org\/fr\/wp-json\/wp\/v2\/posts"}],"about":[{"href":"https:\/\/wncri.org\/fr\/wp-json\/wp\/v2\/types\/post"}],"author":[{"embeddable":true,"href":"https:\/\/wncri.org\/fr\/wp-json\/wp\/v2\/users\/4"}],"replies":[{"embeddable":true,"href":"https:\/\/wncri.org\/fr\/wp-json\/wp\/v2\/comments?post=21541"}],"version-history":[{"count":1,"href":"https:\/\/wncri.org\/fr\/wp-json\/wp\/v2\/posts\/21541\/revisions"}],"predecessor-version":[{"id":21542,"href":"https:\/\/wncri.org\/fr\/wp-json\/wp\/v2\/posts\/21541\/revisions\/21542"}],"wp:featuredmedia":[{"embeddable":true,"href":"https:\/\/wncri.org\/fr\/wp-json\/wp\/v2\/media\/21014"}],"wp:attachment":[{"href":"https:\/\/wncri.org\/fr\/wp-json\/wp\/v2\/media?parent=21541"}],"wp:term":[{"taxonomy":"category","embeddable":true,"href":"https:\/\/wncri.org\/fr\/wp-json\/wp\/v2\/categories?post=21541"},{"taxonomy":"post_tag","embeddable":true,"href":"https:\/\/wncri.org\/fr\/wp-json\/wp\/v2\/tags?post=21541"}],"curies":[{"name":"wp","href":"https:\/\/api.w.org\/{rel}","templated":true}]}}