{"id":21444,"date":"2024-11-30T20:56:40","date_gmt":"2024-11-30T19:56:40","guid":{"rendered":"https:\/\/wncri.org\/fr\/?p=21444"},"modified":"2024-11-30T20:57:06","modified_gmt":"2024-11-30T19:57:06","slug":"maryam-akbari-monfared-6","status":"publish","type":"post","link":"https:\/\/wncri.org\/fr\/2024\/11\/30\/maryam-akbari-monfared-6\/","title":{"rendered":"Une ville fran\u00e7aise rend hommage \u00e0 la prisonni\u00e8re politique iranienne Maryam Akbari Monfared\u00a0"},"content":{"rendered":"\n<p>La municipalit\u00e9 de Villiers-Adam, en France, <a href=\"https:\/\/news.mojahedin.org\/i\/%D9%BE%D9%88%D8%B3%D8%AA%D8%B1-%D8%B2%D9%86%D8%AF%D8%A7%D9%86%DB%8C-%D8%B3%DB%8C%D8%A7%D8%B3%DB%8C-%D9%85%D8%B1%DB%8C%D9%85-%D8%A7%DA%A9%D8%A8%D8%B1%DB%8C-%D9%85%D9%86%D9%81%D8%B1%D8%AF-%D8%B3%D8%B1%D8%AF%D8%B1-%D8%B4%D9%87%D8%B1%D8%AF%D8%A7%D8%B1%DB%8C-%D9%88%DB%8C%D9%84%DB%8C%D9%87-%D8%A2%D8%AF%D8%A7%D9%85-%D9%81%D8%B1%D8%A7%D9%86%D8%B3%D9%87-%DB%B2%D9%87%D9%81%D8%AA%D9%87\" target=\"_blank\" rel=\"noreferrer noopener\">a affich\u00e9 une grande affiche <\/a>de Maryam Akbari Monfared, l&#8217;une des plus anciennes prisonni\u00e8res politiques iraniennes, sur la fa\u00e7ade de son h\u00f4tel de ville \u00e0 partir du 9 novembre 2024, et ce pendant deux semaines. L&#8217;affiche, intitul\u00e9e \u00ab <a href=\"https:\/\/wncri.org\/fr\/2023\/08\/27\/maryam-akbari-monfared-3\/\" target=\"_blank\" rel=\"noreferrer noopener\">Courage face \u00e0 l&#8217;injustice<\/a> \u00bb, vise \u00e0 mettre en lumi\u00e8re son combat permanent pour la justice.\u00a0<\/p>\n\n\n\n<p>Sous l&#8217;image, une l\u00e9gende souligne son sort : \u00ab <a href=\"https:\/\/wncri.org\/fr\/2024\/11\/01\/rapport-de-octobre-2024-maryam-akbari\/\">Apr\u00e8s 15 ans<\/a><a href=\"https:\/\/wncri.org\/fr\/2024\/11\/01\/rapport-de-octobre-2024-maryam-akbari\/\" target=\"_blank\" rel=\"noreferrer noopener\"> <\/a><a href=\"https:\/\/wncri.org\/fr\/2024\/11\/01\/rapport-de-octobre-2024-maryam-akbari\/\">de prison<\/a>, Maryam Akbari Monfared continue de souffrir alors qu&#8217;elle cherche \u00e0 obtenir justice pour ses proches ex\u00e9cut\u00e9s par le r\u00e9gime iranien \u00bb.<\/p>\n\n\n\n<p>L&#8217;affiche souligne \u00e9galement le nombre alarmant d&#8217;ex\u00e9cutions en Iran en 2024, en indiquant : \u00ab 678 ex\u00e9cutions en Iran cette ann\u00e9e &#8211; soutenez les prisonniers politiques \u00bb.&nbsp;<\/p>\n\n\n\n<h3 class=\"wp-block-heading\"><strong>L&#8217;escalade du harc\u00e8lement en d\u00e9tention&nbsp;<\/strong><\/h3>\n\n\n\n<p>Bien qu&#8217;elle ait purg\u00e9 <a href=\"https:\/\/wncri.org\/fr\/2024\/11\/01\/rapport-de-octobre-2024-maryam-akbari\/\" target=\"_blank\" rel=\"noreferrer noopener\">sa peine initiale de 15 ans<\/a>, Maryam est confront\u00e9e \u00e0 des pers\u00e9cutions incessantes. R\u00e9cemment, elle a \u00e9t\u00e9 transf\u00e9r\u00e9e de la prison de Semnan \u00e0 la prison de Qarchak \u00e0 Varamin, un \u00e9tablissement tristement c\u00e9l\u00e8bre, dans un geste largement consid\u00e9r\u00e9 comme une escalade des mauvais traitements qu&#8217;elle subit. Le pouvoir judiciaire du r\u00e9gime a prolong\u00e9 son emprisonnement de deux ans en fabriquant des accusations, garantissant ainsi son maintien en d\u00e9tention au-del\u00e0 de sa peine initiale.\u00a0<\/p>\n\n\n\n<p>Maryam Akbari Monfared a \u00e9t\u00e9 arr\u00eat\u00e9e lors des manifestations de 2009 et devait \u00eatre lib\u00e9r\u00e9e en 2019 apr\u00e8s avoir purg\u00e9 sa peine de 10 ans. Cependant, le r\u00e9gime a prolong\u00e9 son emprisonnement de <a href=\"https:\/\/wncri.org\/fr\/2024\/11\/01\/rapport-de-octobre-2024-maryam-akbari\/\" target=\"_blank\" rel=\"noreferrer noopener\">cinq ann\u00e9es suppl\u00e9mentaires<\/a>, auxquelles se sont ajout\u00e9es deux autres ann\u00e9es sur la base d&#8217;accusations forg\u00e9es de toutes pi\u00e8ces.\u00a0<\/p>\n\n\n<div class=\"wp-block-image\">\n<figure class=\"aligncenter size-large\"><img decoding=\"async\" src=\"data:image\/gif;base64,R0lGODlhAQABAIAAAAAAAP\/\/\/yH5BAEAAAAALAAAAAABAAEAAAIBRAA7\" data-src=\"https:\/\/wncri.org\/fr\/wp-content\/uploads\/2024\/11\/Adam-Villiers-1-min-1024x576.jpg\" alt=\"Une ville fran\u00e7aise rend hommage \u00e0 la prisonni\u00e8re politique iranienne Maryam Akbari Monfared\u00a0\" class=\"wp-image-21445 lazyload\"\/><noscript><img decoding=\"async\" width=\"1024\" height=\"576\" src=\"https:\/\/wncri.org\/fr\/wp-content\/uploads\/2024\/11\/Adam-Villiers-1-min-1024x576.jpg\" alt=\"Une ville fran\u00e7aise rend hommage \u00e0 la prisonni\u00e8re politique iranienne Maryam Akbari Monfared\u00a0\" class=\"wp-image-21445 lazyload\" srcset=\"https:\/\/wncri.org\/fr\/wp-content\/uploads\/2024\/11\/Adam-Villiers-1-min-1024x576.jpg 1024w, https:\/\/wncri.org\/fr\/wp-content\/uploads\/2024\/11\/Adam-Villiers-1-min-300x169.jpg 300w, https:\/\/wncri.org\/fr\/wp-content\/uploads\/2024\/11\/Adam-Villiers-1-min-768x432.jpg 768w, https:\/\/wncri.org\/fr\/wp-content\/uploads\/2024\/11\/Adam-Villiers-1-min-750x422.jpg 750w, https:\/\/wncri.org\/fr\/wp-content\/uploads\/2024\/11\/Adam-Villiers-1-min-1140x641.jpg 1140w, https:\/\/wncri.org\/fr\/wp-content\/uploads\/2024\/11\/Adam-Villiers-1-min.jpg 1200w\" sizes=\"(max-width: 1024px) 100vw, 1024px\" \/><\/noscript><\/figure>\n<\/div>\n\n\n<h3 class=\"wp-block-heading\"><strong>Accusations et mesures de r\u00e9torsion&nbsp;<\/strong><\/h3>\n\n\n\n<p>Les charges suppl\u00e9mentaires contre Maryam, orchestr\u00e9es par le minist\u00e8re du renseignement, comprennent des accusations de \u00ab propagande contre le r\u00e9gime \u00bb, d&#8217;\u00ab insulte aux dirigeants \u00bb, de \u00ab diffusion de fausset\u00e9s \u00bb et d&#8217;\u00ab incitation \u00e0 l&#8217;agitation publique \u00bb. Ces accusations ont \u00e9t\u00e9 cit\u00e9es dans les proc\u00e8s pour l&#8217;exemple de Semnan et d&#8217;Evin.&nbsp;<\/p>\n\n\n\n<p>Comme l&#8217;a fait remarquer l&#8217;ancien rapporteur sp\u00e9cial des Nations unies sur les droits de l&#8217;homme en Iran, le professeur Javaid Rehman, le principal \u00ab d\u00e9lit \u00bb de Maryam est sa <a href=\"https:\/\/wncri.org\/fr\/2017\/11\/05\/iran-un-groupe-de-travail-de-l-onu-a-accepte-la-plainte-de-maryam-akbari\/\" target=\"_blank\" rel=\"noreferrer noopener\">qu\u00eate de justice<\/a> pour les membres de sa famille ex\u00e9cut\u00e9s par le r\u00e9gime iranien.\u00a0<\/p>\n\n\n\n<h3 class=\"wp-block-heading\"><strong>Trag\u00e9die familiale et qu\u00eate de justice\u00a0<\/strong><\/h3>\n\n\n\n<p>La d\u00e9termination de Maryam d\u00e9coule de la perte de ses proches. Son fr\u00e8re, Alireza Akbari, a \u00e9t\u00e9 tortur\u00e9 \u00e0 mort en septembre 1981. Un autre fr\u00e8re, Gholamreza Akbari, a \u00e9t\u00e9 ex\u00e9cut\u00e9 en 1985. Ses fr\u00e8res et s\u0153urs, Roqiyeh et Abdolreza Akbari, ont \u00e9t\u00e9 parmi les victimes du massacre des prisonniers politiques en 1988.&nbsp;<\/p>\n\n\n\n<p>En repr\u00e9sailles \u00e0 ses appels \u00e0 rendre des comptes, le r\u00e9gime est all\u00e9 jusqu&#8217;\u00e0 ordonner, en juillet 2024, la confiscation des biens de sa famille, une mesure punitive la visant elle et ses proches.&nbsp;<\/p>\n\n\n\n<p>L&#8217;histoire de Maryam Akbari Monfared illustre \u00e0 la fois la brutalit\u00e9 du r\u00e9gime iranien et la r\u00e9silience de ceux qui s&#8217;opposent \u00e0 l&#8217;injustice. L&#8217;initiative de Villiers-Adam rappelle avec force le soutien mondial apport\u00e9 aux prisonniers politiques en Iran et la n\u00e9cessit\u00e9 urgente de demander des comptes au r\u00e9gime pour ses violations des droits de l&#8217;homme.<\/p>\n\n\n<div class=\"wp-block-image\">\n<figure class=\"aligncenter size-large\"><img decoding=\"async\" src=\"data:image\/gif;base64,R0lGODlhAQABAIAAAAAAAP\/\/\/yH5BAEAAAAALAAAAAABAAEAAAIBRAA7\" data-src=\"https:\/\/wncri.org\/fr\/wp-content\/uploads\/2024\/11\/Adam-Villiers-2-min-1024x576.jpg\" alt=\"Une ville fran\u00e7aise rend hommage \u00e0 la prisonni\u00e8re politique iranienne Maryam Akbari Monfared\u00a0\" class=\"wp-image-21446 lazyload\"\/><noscript><img decoding=\"async\" width=\"1024\" height=\"576\" src=\"https:\/\/wncri.org\/fr\/wp-content\/uploads\/2024\/11\/Adam-Villiers-2-min-1024x576.jpg\" alt=\"Une ville fran\u00e7aise rend hommage \u00e0 la prisonni\u00e8re politique iranienne Maryam Akbari Monfared\u00a0\" class=\"wp-image-21446 lazyload\" srcset=\"https:\/\/wncri.org\/fr\/wp-content\/uploads\/2024\/11\/Adam-Villiers-2-min-1024x576.jpg 1024w, https:\/\/wncri.org\/fr\/wp-content\/uploads\/2024\/11\/Adam-Villiers-2-min-300x169.jpg 300w, https:\/\/wncri.org\/fr\/wp-content\/uploads\/2024\/11\/Adam-Villiers-2-min-768x432.jpg 768w, https:\/\/wncri.org\/fr\/wp-content\/uploads\/2024\/11\/Adam-Villiers-2-min-750x422.jpg 750w, https:\/\/wncri.org\/fr\/wp-content\/uploads\/2024\/11\/Adam-Villiers-2-min-1140x641.jpg 1140w, https:\/\/wncri.org\/fr\/wp-content\/uploads\/2024\/11\/Adam-Villiers-2-min.jpg 1200w\" sizes=\"(max-width: 1024px) 100vw, 1024px\" \/><\/noscript><\/figure>\n<\/div>","protected":false},"excerpt":{"rendered":"<p>La municipalit\u00e9 de Villiers-Adam, en France, a affich\u00e9 une grande affiche de Maryam Akbari Monfared, l&#8217;une des plus anciennes prisonni\u00e8res politiques iraniennes, sur la fa\u00e7ade de son h\u00f4tel de ville \u00e0 partir du 9 novembre 2024, et ce pendant deux semaines. L&#8217;affiche, intitul\u00e9e \u00ab Courage face \u00e0 l&#8217;injustice \u00bb, vise \u00e0 mettre en lumi\u00e8re son [&hellip;]<\/p>\n","protected":false},"author":4,"featured_media":21447,"comment_status":"closed","ping_status":"closed","sticky":false,"template":"","format":"standard","meta":{"jnews-multi-image_gallery":[],"jnews_single_post":{"format":"standard"},"jnews_primary_category":[],"jnews_social_meta":[],"jnews_override_counter":[],"footnotes":""},"categories":[8],"tags":[382,370],"class_list":["post-21444","post","type-post","status-publish","format-standard","has-post-thumbnail","hentry","category-articles","tag-generation-egalite","tag-prisonnieres"],"_links":{"self":[{"href":"https:\/\/wncri.org\/fr\/wp-json\/wp\/v2\/posts\/21444","targetHints":{"allow":["GET"]}}],"collection":[{"href":"https:\/\/wncri.org\/fr\/wp-json\/wp\/v2\/posts"}],"about":[{"href":"https:\/\/wncri.org\/fr\/wp-json\/wp\/v2\/types\/post"}],"author":[{"embeddable":true,"href":"https:\/\/wncri.org\/fr\/wp-json\/wp\/v2\/users\/4"}],"replies":[{"embeddable":true,"href":"https:\/\/wncri.org\/fr\/wp-json\/wp\/v2\/comments?post=21444"}],"version-history":[{"count":1,"href":"https:\/\/wncri.org\/fr\/wp-json\/wp\/v2\/posts\/21444\/revisions"}],"predecessor-version":[{"id":21448,"href":"https:\/\/wncri.org\/fr\/wp-json\/wp\/v2\/posts\/21444\/revisions\/21448"}],"wp:featuredmedia":[{"embeddable":true,"href":"https:\/\/wncri.org\/fr\/wp-json\/wp\/v2\/media\/21447"}],"wp:attachment":[{"href":"https:\/\/wncri.org\/fr\/wp-json\/wp\/v2\/media?parent=21444"}],"wp:term":[{"taxonomy":"category","embeddable":true,"href":"https:\/\/wncri.org\/fr\/wp-json\/wp\/v2\/categories?post=21444"},{"taxonomy":"post_tag","embeddable":true,"href":"https:\/\/wncri.org\/fr\/wp-json\/wp\/v2\/tags?post=21444"}],"curies":[{"name":"wp","href":"https:\/\/api.w.org\/{rel}","templated":true}]}}