{"id":21441,"date":"2024-11-29T18:44:15","date_gmt":"2024-11-29T17:44:15","guid":{"rendered":"https:\/\/wncri.org\/fr\/?p=21441"},"modified":"2024-11-29T18:44:18","modified_gmt":"2024-11-29T17:44:18","slug":"liberation-de-maryam-akbari-monfared","status":"publish","type":"post","link":"https:\/\/wncri.org\/fr\/2024\/11\/29\/liberation-de-maryam-akbari-monfared\/","title":{"rendered":"L&#8217;appel \u00e0 la justice du Monde : Des intellectuels du monde entier demandent la lib\u00e9ration de Maryam Akbari Monfared"},"content":{"rendered":"\n<h4 class=\"wp-block-heading\">Dans une d\u00e9claration convaincante <a href=\"https:\/\/www.lemonde.fr\/idees\/article\/2024\/11\/24\/nous-demandons-la-liberation-immediate-de-maryam-akbari-monfared-et-de-tous-les-prisonniers-d-opinion-en-republique-islamique-d-iran_6411643_3232.html?random=1001844937\" target=\"_blank\" rel=\"noreferrer noopener\">publi\u00e9e par Le Monde<\/a>, un collectif d&#8217;\u00e9minents intellectuels, militants des droits de l&#8217;homme, d\u00e9fenseurs des droits des femmes et personnalit\u00e9s politiques ont appel\u00e9 \u00e0 la lib\u00e9ration de Maryam Akbari Monfared, prisonni\u00e8re politique <a href=\"https:\/\/wncri.org\/fr\/2023\/08\/27\/maryam-akbari-monfared-3\/\" target=\"_blank\" rel=\"noreferrer noopener\">d\u00e9tenue en Iran depuis 15 ans<\/a>. <\/h4>\n\n\n\n<p>Parmi les signataires figurent \u00c9lisabeth Badinter, c\u00e9l\u00e8bre philosophe fran\u00e7aise, Ingrid Betancourt, ancienne s\u00e9natrice et militante colombienne, et Laurence Tubiana, figure embl\u00e9matique de la politique climatique mondiale. Leur appel met en lumi\u00e8re non seulement les injustices subies par Maryam Akbari Monfared, mais aussi la r\u00e9pression syst\u00e9mique des femmes et des dissidents politiques sous le r\u00e9gime iranien.<\/p>\n\n\n\n<p>L&#8217;emprisonnement de Maryam Akbari Monfared d\u00e9coule de ses demandes pacifiques de justice, en particulier pour les ex\u00e9cutions massives de 1988 en Iran qui ont co\u00fbt\u00e9 la vie \u00e0 <a href=\"https:\/\/wncri.org\/fr\/2017\/11\/05\/iran-un-groupe-de-travail-de-l-onu-a-accepte-la-plainte-de-maryam-akbari\/\">plusi<\/a><a href=\"https:\/\/wncri.org\/fr\/2017\/11\/05\/iran-un-groupe-de-travail-de-l-onu-a-accepte-la-plainte-de-maryam-akbari\/\" target=\"_blank\" rel=\"noreferrer noopener\">e<\/a><a href=\"https:\/\/wncri.org\/fr\/2017\/11\/05\/iran-un-groupe-de-travail-de-l-onu-a-accepte-la-plainte-de-maryam-akbari\/\">urs membres de sa famille<\/a>. M\u00e8re de 3 enfants, elle a endur\u00e9 des traitements inhumains, l&#8217;isolement et le d\u00e9ni de ses droits fondamentaux, devenant ainsi un <a href=\"https:\/\/wncri.org\/fr\/2024\/11\/01\/rapport-de-octobre-2024-maryam-akbari\/\" target=\"_blank\" rel=\"noreferrer noopener\">symbole de r\u00e9silience et de courage<\/a>. <\/p>\n\n\n\n<p>Les \u00e9crits qu&#8217;elle a r\u00e9dig\u00e9s depuis sa prison refl\u00e8tent son esprit inflexible. Dans l&#8217;une de ces lettres, elle proclame : \u00ab La R\u00e9publique islamique n&#8217;a apport\u00e9 rien d&#8217;autre qu&#8217;un changement de mentalit\u00e9 : \u00ab La R\u00e9publique islamique n&#8217;a apport\u00e9 \u00e0 l&#8217;Iran que la mort, le pillage et l&#8217;effusion de sang&#8230; Je demande justice pour ma vie vol\u00e9e et pour toutes les vies innocentes bris\u00e9es \u00bb.<\/p>\n\n\n\n<p>Bien qu&#8217;elle ait fini de purger sa peine, Maryam reste en d\u00e9tention, les autorit\u00e9s prolongeant arbitrairement son emprisonnement. En juillet 2024, le rapporteur sp\u00e9cial des Nations unies sur les droits de l&#8217;homme en Iran, <a href=\"https:\/\/wncri.org\/fr\/2024\/07\/27\/rapport-de-lonu-massacre-de-1988\/\" target=\"_blank\" rel=\"noreferrer noopener\">Javaid Rehman<\/a>, a condamn\u00e9 le traitement inflig\u00e9 \u00e0 Maryam et qualifi\u00e9 les ex\u00e9cutions massives de 1988 de g\u00e9nocide et de crimes contre l&#8217;humanit\u00e9, demandant instamment l&#8217;ouverture d&#8217;une enqu\u00eate internationale.<\/p>\n\n\n<div class=\"wp-block-image\">\n<figure class=\"aligncenter size-large\"><img decoding=\"async\" src=\"data:image\/gif;base64,R0lGODlhAQABAIAAAAAAAP\/\/\/yH5BAEAAAAALAAAAAABAAEAAAIBRAA7\" data-src=\"https:\/\/wncri.org\/fr\/wp-content\/uploads\/2023\/12\/Maryam-Akbari-Monfared-and-her-four-siblings-min-1024x512.jpg\" alt=\"la lib\u00e9ration de Maryam Akbari Monfared\nL'odyss\u00e9e de Maryam Akbari Monfared, qui dure depuis 15 ans\" class=\"wp-image-19523 lazyload\"\/><figcaption class=\"wp-element-caption\">Maryam Akbari Monfared et ses quatre fr\u00e8res et s\u0153urs assassin\u00e9s dans les ann\u00e9es 1980.<\/figcaption><\/figure>\n<\/div>\n\n\n<p>La publication de cette d\u00e9claration dans Le Monde, l&#8217;un des principaux journaux fran\u00e7ais, amplifie l&#8217;appel \u00e0 la justice \u00e0 l&#8217;\u00e9chelle mondiale. L&#8217;article rappelle avec force l&#8217;urgence d&#8217;une action internationale pour lutter contre les violations des droits de l&#8217;homme en Iran. Les signataires ont exhort\u00e9 la France et les pays europ\u00e9ens \u00e0 d\u00e9fendre la cause de Maryam et \u00e0 demander des comptes au r\u00e9gime iranien pour les atrocit\u00e9s qu&#8217;il commet depuis des d\u00e9cennies.<\/p>\n\n\n\n<p>Cet effort collectif d\u00e9montre la puissante solidarit\u00e9 des militants internationaux, exhortant le monde \u00e0 ne pas oublier le sort des prisonniers politiques en Iran, en particulier des femmes comme Maryam Akbari Monfared, dont le courage continue d&#8217;\u00eatre une source d&#8217;inspiration.<\/p>\n\n\n\n<p>La d\u00e9claration est soutenue par un groupe diversifi\u00e9 de personnes et d&#8217;organisations notables :<\/p>\n\n\n\n<ul class=\"wp-block-list\">\n<li><strong>Jocelyne Adriant Mebtoul<\/strong> (Pr\u00e9sidente de l\u2019ONG des Femmes du Monde et R\u00e9ciproquement),\u00a0<\/li>\n\n\n\n<li><strong>Muriel Affou\u00e9<\/strong> (Docteure en sciences),\u00a0<\/li>\n\n\n\n<li><strong>Azadeh Alemi<\/strong> (Pr\u00e9sidente de Femme Libert\u00e9 et La\u00efcit\u00e9-FLL),\u00a0<\/li>\n\n\n\n<li><strong>Dominique Attias<\/strong> (Pr\u00e9sidente du CA de la Fondations des avocats Europ\u00e9ens),\u00a0<\/li>\n\n\n\n<li><strong>Elisabeth Badinter<\/strong> (Philosophe),\u00a0<\/li>\n\n\n\n<li><strong>Florence Berthout<\/strong> (Maire du 5i\u00e8me arr. de Paris),\u00a0<\/li>\n\n\n\n<li><strong>Ingrid Betancourt<\/strong> (autrice, ancienne s\u00e9natrice),\u00a0<\/li>\n\n\n\n<li><strong>Sophie Bourel<\/strong> (actrice),\u00a0<\/li>\n\n\n\n<li><strong>Martine Brasseur<\/strong> (Professeur d\u2019Universit\u00e9s),\u00a0<\/li>\n\n\n\n<li><strong>Mondane Colcombet<\/strong> (Ancienne pr\u00e9sidente de chambre \u00e0 la cour d\u2019appel de Paris),\u00a0<\/li>\n\n\n\n<li><strong>Michelle Gr\u00e9aume<\/strong> (S\u00e9natrice, Vice-pr\u00e9sidente de la Commission des affaires \u00e9trang\u00e8res, de la d\u00e9fense et des forces arm\u00e9es),\u00a0<\/li>\n\n\n\n<li><strong>Marie-Eba Guiot<\/strong> (\u00e9tudiante),\u00a0<\/li>\n\n\n\n<li><strong>Delphine Jegoudez<\/strong> (Secr\u00e9taire du Syndicat Printemps Ecologique MIT),\u00a0<\/li>\n\n\n\n<li><strong>Niamk\u00e9-Anne Kodjo<\/strong> (plume),\u00a0<\/li>\n\n\n\n<li><strong>Christine Kodjo<\/strong> (enseignante),\u00a0<\/li>\n\n\n\n<li><strong>St\u00e9phanie Labb\u00e9<\/strong> (com\u00e9dienne),\u00a0<\/li>\n\n\n\n<li><strong>Anne-Yvonne Le Dain<\/strong> (scientifique, ancienne d\u00e9put\u00e9e),\u00a0<\/li>\n\n\n\n<li><strong>Janick L\u00e9ger<\/strong> (Maire et conseill\u00e8re d\u00e9partementale),\u00a0<\/li>\n\n\n\n<li><strong>Fahimeh Maktabi-Ponsonnaille<\/strong> (ing\u00e9nieure, membre de l\u2019association des Femmes ing\u00e9nieurs et de l\u2019association des femmes Iraniennes en France AFIF),\u00a0<\/li>\n\n\n\n<li><strong>Juliette M\u00e9adel<\/strong> (Magistrate \u00e0 la Cour des comptes, ancienne Ministre),\u00a0<\/li>\n\n\n\n<li><strong>Simin Nouri<\/strong> (Pr\u00e9sidente de l\u2019Association des Femmes Iraniennes en France AFIF),\u00a0<\/li>\n\n\n\n<li><strong>Sara Nouri-Meshkati<\/strong> (avocate, Fondation FEMO),\u00a0<\/li>\n\n\n\n<li><strong>Elisabeth Rabesandratana<\/strong> (Avocate aupr\u00e8s de la cour p\u00e9nale internationale),\u00a0<\/li>\n\n\n\n<li><strong>Muriel R\u00e9us<\/strong> (Fondatrice et pr\u00e9sidente de \u00ab\u00a0Femmes avec\u2026\u00a0\u00bb, association de d\u00e9fense des droits des femmes),\u00a0<\/li>\n\n\n\n<li><strong>Alexandra Rigal<\/strong> (entrepreneure),\u00a0<\/li>\n\n\n\n<li><strong>Estelle Rozine Assaf<\/strong> (Directrice du D\u00e9veloppement d\u2019IMT Business School),\u00a0<\/li>\n\n\n\n<li><strong>Marie Sicaud<\/strong> (journaliste et pr\u00e9sentatrice),\u00a0<\/li>\n\n\n\n<li><strong>Mahan Taraj<\/strong> (juriste, autrice du podcast L\u2019Iran d\u00e9crypt\u00e9),\u00a0<\/li>\n\n\n\n<li><strong>Noanne Tenneson<\/strong> (Directrice G\u00e9n\u00e9rale AADH),\u00a0<\/li>\n\n\n\n<li><strong>Laurence Tubiana<\/strong> (Pr\u00e9sidente de la fondation europ\u00e9enne pour le climat),\u00a0<\/li>\n\n\n\n<li><strong>Oph\u00e9lie Van Elsuwe<\/strong> (conseill\u00e8re d\u00e9partementale),\u00a0<\/li>\n\n\n\n<li><strong>Catherine Wihtol de Wenden<\/strong> (Directrice de recherche CNRS).<\/li>\n<\/ul>\n","protected":false},"excerpt":{"rendered":"<p>Dans une d\u00e9claration convaincante publi\u00e9e par Le Monde, un collectif d&#8217;\u00e9minents intellectuels, militants des droits de l&#8217;homme, d\u00e9fenseurs des droits des femmes et personnalit\u00e9s politiques ont appel\u00e9 \u00e0 la lib\u00e9ration de Maryam Akbari Monfared, prisonni\u00e8re politique d\u00e9tenue en Iran depuis 15 ans. Parmi les signataires figurent \u00c9lisabeth Badinter, c\u00e9l\u00e8bre philosophe fran\u00e7aise, Ingrid Betancourt, ancienne s\u00e9natrice [&hellip;]<\/p>\n","protected":false},"author":4,"featured_media":21442,"comment_status":"closed","ping_status":"closed","sticky":false,"template":"","format":"standard","meta":{"jnews-multi-image_gallery":[],"jnews_single_post":{"format":"standard"},"jnews_primary_category":[],"jnews_social_meta":[],"jnews_override_counter":[],"footnotes":""},"categories":[3],"tags":[382,370],"class_list":["post-21441","post","type-post","status-publish","format-standard","has-post-thumbnail","hentry","category-infos-des-femmes","tag-generation-egalite","tag-prisonnieres"],"_links":{"self":[{"href":"https:\/\/wncri.org\/fr\/wp-json\/wp\/v2\/posts\/21441","targetHints":{"allow":["GET"]}}],"collection":[{"href":"https:\/\/wncri.org\/fr\/wp-json\/wp\/v2\/posts"}],"about":[{"href":"https:\/\/wncri.org\/fr\/wp-json\/wp\/v2\/types\/post"}],"author":[{"embeddable":true,"href":"https:\/\/wncri.org\/fr\/wp-json\/wp\/v2\/users\/4"}],"replies":[{"embeddable":true,"href":"https:\/\/wncri.org\/fr\/wp-json\/wp\/v2\/comments?post=21441"}],"version-history":[{"count":1,"href":"https:\/\/wncri.org\/fr\/wp-json\/wp\/v2\/posts\/21441\/revisions"}],"predecessor-version":[{"id":21443,"href":"https:\/\/wncri.org\/fr\/wp-json\/wp\/v2\/posts\/21441\/revisions\/21443"}],"wp:featuredmedia":[{"embeddable":true,"href":"https:\/\/wncri.org\/fr\/wp-json\/wp\/v2\/media\/21442"}],"wp:attachment":[{"href":"https:\/\/wncri.org\/fr\/wp-json\/wp\/v2\/media?parent=21441"}],"wp:term":[{"taxonomy":"category","embeddable":true,"href":"https:\/\/wncri.org\/fr\/wp-json\/wp\/v2\/categories?post=21441"},{"taxonomy":"post_tag","embeddable":true,"href":"https:\/\/wncri.org\/fr\/wp-json\/wp\/v2\/tags?post=21441"}],"curies":[{"name":"wp","href":"https:\/\/api.w.org\/{rel}","templated":true}]}}